{"id":3390,"date":"2016-08-24T16:19:53","date_gmt":"2016-08-24T20:19:53","guid":{"rendered":"http:\/\/blogdalucianaoliveira.com.br\/blog\/?p=3390"},"modified":"2016-08-24T16:22:13","modified_gmt":"2016-08-24T20:22:13","slug":"afinal-por-que-sacaneiam-tanto-com-a-folclorica-bailarina-da-praca","status":"publish","type":"post","link":"http:\/\/blogdalucianaoliveira.com.br\/blog\/2016\/08\/24\/afinal-por-que-sacaneiam-tanto-com-a-folclorica-bailarina-da-praca\/","title":{"rendered":"Afinal, por que sacaneiam tanto com a folcl\u00f3rica Bailarina da Pra\u00e7a?"},"content":{"rendered":"<p><img data-recalc-dims=\"1\" loading=\"lazy\" decoding=\"async\" data-attachment-id=\"3391\" data-permalink=\"http:\/\/blogdalucianaoliveira.com.br\/blog\/2016\/08\/24\/afinal-por-que-sacaneiam-tanto-com-a-folclorica-bailarina-da-praca\/image-757\/\" data-orig-file=\"https:\/\/i0.wp.com\/blogdalucianaoliveira.com.br\/blog\/wp-content\/uploads\/2016\/08\/image-122.jpeg?fit=720%2C1015\" data-orig-size=\"720,1015\" data-comments-opened=\"0\" data-image-meta=\"{&quot;aperture&quot;:&quot;0&quot;,&quot;credit&quot;:&quot;&quot;,&quot;camera&quot;:&quot;&quot;,&quot;caption&quot;:&quot;&quot;,&quot;created_timestamp&quot;:&quot;0&quot;,&quot;copyright&quot;:&quot;&quot;,&quot;focal_length&quot;:&quot;0&quot;,&quot;iso&quot;:&quot;0&quot;,&quot;shutter_speed&quot;:&quot;0&quot;,&quot;title&quot;:&quot;&quot;,&quot;orientation&quot;:&quot;0&quot;}\" data-image-title=\"image\" data-image-description=\"\" data-image-caption=\"\" data-medium-file=\"https:\/\/i0.wp.com\/blogdalucianaoliveira.com.br\/blog\/wp-content\/uploads\/2016\/08\/image-122.jpeg?fit=213%2C300\" data-large-file=\"https:\/\/i0.wp.com\/blogdalucianaoliveira.com.br\/blog\/wp-content\/uploads\/2016\/08\/image-122.jpeg?fit=600%2C846\" src=\"https:\/\/i0.wp.com\/blogdalucianaoliveira.com.br\/blog\/wp-content\/uploads\/2016\/08\/image-122.jpeg?resize=600%2C846\" alt=\"image\" width=\"600\" height=\"846\" class=\"alignnone size-full wp-image-3391\" \/><\/p>\n<p>O que leva pessoas a compartilharem nas m\u00eddias sociais montagens como essa, que zombam de uma mulher que n\u00e3o faz mal a ningu\u00e9m? <!--more--><\/p>\n<p>N\u00e3o compreendo por que tiram onda de uma figura folcl\u00f3rica da cidade que s\u00f3 leva arte pelos cantos da cidade. <\/p>\n<p>J\u00e1 inventaram at\u00e9 que ela teria morrido.<\/p>\n<p>Pior, por que chegam ao absurdo de enxotar a Bailarina da pra\u00e7a, de eventos ou de um estabelecimento comercial? <\/p>\n<p>Recentemente, ela quase foi agredida num boteco de um tal Ga\u00facho, por estar incomodando os clientes do p\u00e9 sujo. <\/p>\n<p>A Bailarina estava fazendo o de sempre, dan\u00e7ando entre as mesas do estabelecimento, cumprimentando a todos. <\/p>\n<p>Foi xingada de louca, expulsa aos gritos. <\/p>\n<p>Quando divulgaram o fato na imprensa, n\u00e3o me posicionei porque n\u00e3o havia confirmado com ela. <\/p>\n<p>Uma pessoa pr\u00f3xima a mim esteve no boteco h\u00e1 alguns dias, o pr\u00f3prio dono tocou no assunto e repetiu as ofensas carregadas de preconceito. <\/p>\n<p>Se ela incomoda com sua abordagem, nada justifica grosseria ou amea\u00e7a \u00e0 sua integridade f\u00edsica.<\/p>\n<p>Nossa cidade acolhedora, como tantos dizem, tem dem\u00f4nios que se alimentam de preconceito e discrimina\u00e7\u00e3o. <\/p>\n<p>E se ela fosse candidata e com esse nome? Qual o problema? Elegemos Dindin, Chico Lata, Gar\u00e7om, S\u00f3 Na Ben\u00e7a&#8230;<\/p>\n<p>Isso, sem falar nos que t\u00eam nomes e apar\u00eancia comuns, aparentemente &#8216;normais&#8217;, que legislaram contra a cidade e o povo.<\/p>\n<p>N\u00e3o vejo gra\u00e7a em pegar a Bailarina s\u00f3 pra ridicularizar. <\/p>\n<p>Nem ela, nem o Roberto Brega que \u00e9 outro que n\u00e3o faz a ningu\u00e9m. <\/p>\n","protected":false},"excerpt":{"rendered":"<p>O que leva pessoas a compartilharem nas m\u00eddias sociais montagens como essa, que zombam de uma mulher que n\u00e3o faz mal a ningu\u00e9m?<\/p>\n","protected":false},"author":1,"featured_media":0,"comment_status":"closed","ping_status":"open","sticky":false,"template":"","format":"standard","meta":{"_exactmetrics_skip_tracking":false,"_exactmetrics_sitenote_active":false,"_exactmetrics_sitenote_note":"","_exactmetrics_sitenote_category":0,"jetpack_post_was_ever_published":false,"_jetpack_newsletter_access":"","_jetpack_dont_email_post_to_subs":false,"_jetpack_newsletter_tier_id":0,"_jetpack_memberships_contains_paywalled_content":false,"_jetpack_memberships_contains_paid_content":false,"footnotes":"","jetpack_publicize_message":"","jetpack_publicize_feature_enabled":true,"jetpack_social_post_already_shared":true,"jetpack_social_options":{"image_generator_settings":{"template":"highway","enabled":false},"version":2}},"categories":[1],"tags":[],"class_list":["post-3390","post","type-post","status-publish","format-standard","hentry","category-notas"],"jetpack_publicize_connections":[],"jetpack_sharing_enabled":true,"jetpack_featured_media_url":"","jetpack_shortlink":"https:\/\/wp.me\/p7wKYW-SG","jetpack-related-posts":[],"_links":{"self":[{"href":"http:\/\/blogdalucianaoliveira.com.br\/blog\/wp-json\/wp\/v2\/posts\/3390","targetHints":{"allow":["GET"]}}],"collection":[{"href":"http:\/\/blogdalucianaoliveira.com.br\/blog\/wp-json\/wp\/v2\/posts"}],"about":[{"href":"http:\/\/blogdalucianaoliveira.com.br\/blog\/wp-json\/wp\/v2\/types\/post"}],"author":[{"embeddable":true,"href":"http:\/\/blogdalucianaoliveira.com.br\/blog\/wp-json\/wp\/v2\/users\/1"}],"replies":[{"embeddable":true,"href":"http:\/\/blogdalucianaoliveira.com.br\/blog\/wp-json\/wp\/v2\/comments?post=3390"}],"version-history":[{"count":2,"href":"http:\/\/blogdalucianaoliveira.com.br\/blog\/wp-json\/wp\/v2\/posts\/3390\/revisions"}],"predecessor-version":[{"id":3393,"href":"http:\/\/blogdalucianaoliveira.com.br\/blog\/wp-json\/wp\/v2\/posts\/3390\/revisions\/3393"}],"wp:attachment":[{"href":"http:\/\/blogdalucianaoliveira.com.br\/blog\/wp-json\/wp\/v2\/media?parent=3390"}],"wp:term":[{"taxonomy":"category","embeddable":true,"href":"http:\/\/blogdalucianaoliveira.com.br\/blog\/wp-json\/wp\/v2\/categories?post=3390"},{"taxonomy":"post_tag","embeddable":true,"href":"http:\/\/blogdalucianaoliveira.com.br\/blog\/wp-json\/wp\/v2\/tags?post=3390"}],"curies":[{"name":"wp","href":"https:\/\/api.w.org\/{rel}","templated":true}]}}