{"id":33903,"date":"2022-06-27T19:05:24","date_gmt":"2022-06-27T23:05:24","guid":{"rendered":"http:\/\/blogdalucianaoliveira.com.br\/blog\/?p=33903"},"modified":"2022-06-27T19:05:26","modified_gmt":"2022-06-27T23:05:26","slug":"datafolha-1-em-cada-4-brasileiros-diz-que-nao-tem-comida-suficiente-em-casa","status":"publish","type":"post","link":"http:\/\/blogdalucianaoliveira.com.br\/blog\/2022\/06\/27\/datafolha-1-em-cada-4-brasileiros-diz-que-nao-tem-comida-suficiente-em-casa\/","title":{"rendered":"Datafolha: 1 em cada 4 brasileiros diz que n\u00e3o tem comida suficiente em casa"},"content":{"rendered":"\n<figure class=\"wp-block-image size-large\"><img data-recalc-dims=\"1\" loading=\"lazy\" decoding=\"async\" width=\"600\" height=\"412\" data-attachment-id=\"33904\" data-permalink=\"http:\/\/blogdalucianaoliveira.com.br\/blog\/2022\/06\/27\/datafolha-1-em-cada-4-brasileiros-diz-que-nao-tem-comida-suficiente-em-casa\/465d1602-5a69-4405-8c9b-41083de41d6e\/\" data-orig-file=\"https:\/\/i0.wp.com\/blogdalucianaoliveira.com.br\/blog\/wp-content\/uploads\/2022\/06\/465D1602-5A69-4405-8C9B-41083DE41D6E.jpeg?fit=971%2C667\" data-orig-size=\"971,667\" data-comments-opened=\"0\" data-image-meta=\"{&quot;aperture&quot;:&quot;0&quot;,&quot;credit&quot;:&quot;&quot;,&quot;camera&quot;:&quot;&quot;,&quot;caption&quot;:&quot;&quot;,&quot;created_timestamp&quot;:&quot;0&quot;,&quot;copyright&quot;:&quot;&quot;,&quot;focal_length&quot;:&quot;0&quot;,&quot;iso&quot;:&quot;0&quot;,&quot;shutter_speed&quot;:&quot;0&quot;,&quot;title&quot;:&quot;&quot;,&quot;orientation&quot;:&quot;0&quot;}\" data-image-title=\"465D1602-5A69-4405-8C9B-41083DE41D6E\" data-image-description=\"\" data-image-caption=\"\" data-medium-file=\"https:\/\/i0.wp.com\/blogdalucianaoliveira.com.br\/blog\/wp-content\/uploads\/2022\/06\/465D1602-5A69-4405-8C9B-41083DE41D6E.jpeg?fit=300%2C206\" data-large-file=\"https:\/\/i0.wp.com\/blogdalucianaoliveira.com.br\/blog\/wp-content\/uploads\/2022\/06\/465D1602-5A69-4405-8C9B-41083DE41D6E.jpeg?fit=600%2C412\" src=\"https:\/\/i0.wp.com\/blogdalucianaoliveira.com.br\/blog\/wp-content\/uploads\/2022\/06\/465D1602-5A69-4405-8C9B-41083DE41D6E.jpeg?resize=600%2C412\" alt=\"\" class=\"wp-image-33904\" srcset=\"https:\/\/i0.wp.com\/blogdalucianaoliveira.com.br\/blog\/wp-content\/uploads\/2022\/06\/465D1602-5A69-4405-8C9B-41083DE41D6E.jpeg?w=971 971w, https:\/\/i0.wp.com\/blogdalucianaoliveira.com.br\/blog\/wp-content\/uploads\/2022\/06\/465D1602-5A69-4405-8C9B-41083DE41D6E.jpeg?resize=300%2C206 300w, https:\/\/i0.wp.com\/blogdalucianaoliveira.com.br\/blog\/wp-content\/uploads\/2022\/06\/465D1602-5A69-4405-8C9B-41083DE41D6E.jpeg?resize=768%2C528 768w, https:\/\/i0.wp.com\/blogdalucianaoliveira.com.br\/blog\/wp-content\/uploads\/2022\/06\/465D1602-5A69-4405-8C9B-41083DE41D6E.jpeg?resize=437%2C300 437w\" sizes=\"auto, (max-width: 600px) 100vw, 600px\" \/><\/figure>\n\n\n\n<h4 class=\"wp-block-heading\">Sensa\u00e7\u00e3o de inseguran\u00e7a alimentar afeta mais os desempregados, os pobres e os moradores das regi\u00f5es Nordeste e Norte, segundo instituto.<\/h4>\n\n\n\n<!--more-->\n\n\n\n<p>Por g1<\/p>\n\n\n\n<p>Pesquisa&nbsp;<a href=\"https:\/\/g1.globo.com\/tudo-sobre\/datafolha\/\">Datafolha<\/a>&nbsp;divulgada pelo jornal &#8220;Folha de S.Paulo&#8221; nesta segunda-feira (27) aponta que&nbsp;1 em cada 4 brasileiros afirma n\u00e3o ter comida suficiente&nbsp;em casa para alimentar a fam\u00edlia.&nbsp;<\/p>\n\n\n\n<p>Ao todo, 26% responderam n\u00e3o ter a quantidade de comida necess\u00e1ria. A maioria,&nbsp;62%, afirmou que tem alimento suficiente. E 12% disseram que t\u00eam mais do que o suficiente.&nbsp;<\/p>\n\n\n\n<p>Os n\u00fameros oscilaram dentro da margem de erro em rela\u00e7\u00e3o \u00e0 \u00faltima pesquisa, feita em 22 e 23 de mar\u00e7o. De maneira geral, o patamar se mant\u00e9m praticamente inalterado desde o in\u00edcio da s\u00e9rie, em 11 e 12 de maio de 2021.&nbsp;<\/p>\n\n\n\n<p>O&nbsp;<a href=\"https:\/\/g1.globo.com\/tudo-sobre\/datafolha\/\">Datafolha<\/a>&nbsp;ouviu 2.556 brasileiros em 181 cidades na quarta-feira (22) e quinta (23). A margem de erro da pesquisa \u00e9 de dois pontos para mais ou menos.&nbsp;<\/p>\n\n\n\n<h2 class=\"wp-block-heading\">Veja o resultado:<\/h2>\n\n\n\n<p><strong>Nos \u00faltimos meses, a quantidade de comida para voc\u00ea e sua fam\u00edlia foi<\/strong><\/p>\n\n\n\n<ul class=\"wp-block-list\"><li>O suficiente: 62% (63% na pesquisa anterior, em mar\u00e7o)<\/li><li>Menos do que o suficiente: 26% (24% na pesquisa anterior)<\/li><li>Mais do que o suficiente: 12% (13% na pesquisa anterior)<\/li><\/ul>\n\n\n\n<h2 class=\"wp-block-heading\">Mais pobres sofrem mais<\/h2>\n\n\n\n<p>A falta de comida afeta principalmente os mais pobres, segundo o\u00a0<a href=\"https:\/\/g1.globo.com\/tudo-sobre\/datafolha\/\">Datafolha<\/a>. Entre os brasileiros com renda familiar de at\u00e9 dois sal\u00e1rios m\u00ednimos (R$ 2.424), a parcela dos que dizem n\u00e3o ter o suficiente para se alimentar \u00e9 de 38%.<\/p>\n\n\n\n<p>O percentual cai para 14% entre os que recebem acima de dois e at\u00e9 cinco sal\u00e1rios (R$ 6.060). E para 4% entre quem recebe at\u00e9 dez sal\u00e1rios m\u00ednimos (R$ 12.120).&nbsp;<\/p>\n\n\n\n<p>A inseguran\u00e7a alimentar \u00e9 mais sentida entre os que vivem no Nordeste e no Norte. Os percentuais s\u00e3o menores, mas ainda significativos no Centro-Oeste (24%), Sul (24%) e Sudeste (22%).&nbsp;<\/p>\n\n\n\n<p>Os desempregados s\u00e3o os mais afetados pela falta de comida: 42% disseram n\u00e3o ter o suficiente para se alimentar. Tamb\u00e9m t\u00eam percentuais acima da m\u00e9dia os que desistiram de buscar trabalho (39%), as donas de casa (38%) e os aut\u00f4nomos (27%).&nbsp;<\/p>\n\n\n\n<p><\/p>\n","protected":false},"excerpt":{"rendered":"<p>Sensa\u00e7\u00e3o de inseguran\u00e7a alimentar afeta mais os desempregados, os pobres e os moradores das regi\u00f5es Nordeste e Norte, segundo instituto.<\/p>\n","protected":false},"author":1,"featured_media":0,"comment_status":"closed","ping_status":"open","sticky":false,"template":"","format":"standard","meta":{"_exactmetrics_skip_tracking":false,"_exactmetrics_sitenote_active":false,"_exactmetrics_sitenote_note":"","_exactmetrics_sitenote_category":0,"jetpack_post_was_ever_published":false,"_jetpack_newsletter_access":"","_jetpack_dont_email_post_to_subs":false,"_jetpack_newsletter_tier_id":0,"_jetpack_memberships_contains_paywalled_content":false,"_jetpack_memberships_contains_paid_content":false,"footnotes":"","jetpack_publicize_message":"","jetpack_publicize_feature_enabled":true,"jetpack_social_post_already_shared":true,"jetpack_social_options":{"image_generator_settings":{"template":"highway","enabled":false},"version":2}},"categories":[1],"tags":[],"class_list":["post-33903","post","type-post","status-publish","format-standard","hentry","category-notas"],"jetpack_publicize_connections":[],"jetpack_sharing_enabled":true,"jetpack_featured_media_url":"","jetpack_shortlink":"https:\/\/wp.me\/p7wKYW-8OP","jetpack-related-posts":[],"_links":{"self":[{"href":"http:\/\/blogdalucianaoliveira.com.br\/blog\/wp-json\/wp\/v2\/posts\/33903","targetHints":{"allow":["GET"]}}],"collection":[{"href":"http:\/\/blogdalucianaoliveira.com.br\/blog\/wp-json\/wp\/v2\/posts"}],"about":[{"href":"http:\/\/blogdalucianaoliveira.com.br\/blog\/wp-json\/wp\/v2\/types\/post"}],"author":[{"embeddable":true,"href":"http:\/\/blogdalucianaoliveira.com.br\/blog\/wp-json\/wp\/v2\/users\/1"}],"replies":[{"embeddable":true,"href":"http:\/\/blogdalucianaoliveira.com.br\/blog\/wp-json\/wp\/v2\/comments?post=33903"}],"version-history":[{"count":1,"href":"http:\/\/blogdalucianaoliveira.com.br\/blog\/wp-json\/wp\/v2\/posts\/33903\/revisions"}],"predecessor-version":[{"id":33905,"href":"http:\/\/blogdalucianaoliveira.com.br\/blog\/wp-json\/wp\/v2\/posts\/33903\/revisions\/33905"}],"wp:attachment":[{"href":"http:\/\/blogdalucianaoliveira.com.br\/blog\/wp-json\/wp\/v2\/media?parent=33903"}],"wp:term":[{"taxonomy":"category","embeddable":true,"href":"http:\/\/blogdalucianaoliveira.com.br\/blog\/wp-json\/wp\/v2\/categories?post=33903"},{"taxonomy":"post_tag","embeddable":true,"href":"http:\/\/blogdalucianaoliveira.com.br\/blog\/wp-json\/wp\/v2\/tags?post=33903"}],"curies":[{"name":"wp","href":"https:\/\/api.w.org\/{rel}","templated":true}]}}