{"id":33906,"date":"2022-06-28T10:08:02","date_gmt":"2022-06-28T14:08:02","guid":{"rendered":"http:\/\/blogdalucianaoliveira.com.br\/blog\/?p=33906"},"modified":"2022-06-28T10:15:32","modified_gmt":"2022-06-28T14:15:32","slug":"homicidios-em-serie-no-coracao-da-floresta","status":"publish","type":"post","link":"http:\/\/blogdalucianaoliveira.com.br\/blog\/2022\/06\/28\/homicidios-em-serie-no-coracao-da-floresta\/","title":{"rendered":"HOMIC\u00cdDIOS EM S\u00c9RIE NO CORA\u00c7\u00c3O DA FLORESTA"},"content":{"rendered":"\n<figure class=\"wp-block-image size-large is-resized\"><img data-recalc-dims=\"1\" loading=\"lazy\" decoding=\"async\" data-attachment-id=\"33907\" data-permalink=\"http:\/\/blogdalucianaoliveira.com.br\/blog\/2022\/06\/28\/homicidios-em-serie-no-coracao-da-floresta\/download-2\/\" data-orig-file=\"https:\/\/i0.wp.com\/blogdalucianaoliveira.com.br\/blog\/wp-content\/uploads\/2022\/06\/download.jpg?fit=310%2C163\" data-orig-size=\"310,163\" data-comments-opened=\"0\" data-image-meta=\"{&quot;aperture&quot;:&quot;0&quot;,&quot;credit&quot;:&quot;&quot;,&quot;camera&quot;:&quot;&quot;,&quot;caption&quot;:&quot;&quot;,&quot;created_timestamp&quot;:&quot;0&quot;,&quot;copyright&quot;:&quot;&quot;,&quot;focal_length&quot;:&quot;0&quot;,&quot;iso&quot;:&quot;0&quot;,&quot;shutter_speed&quot;:&quot;0&quot;,&quot;title&quot;:&quot;&quot;,&quot;orientation&quot;:&quot;0&quot;}\" data-image-title=\"download\" data-image-description=\"\" data-image-caption=\"\" data-medium-file=\"https:\/\/i0.wp.com\/blogdalucianaoliveira.com.br\/blog\/wp-content\/uploads\/2022\/06\/download.jpg?fit=300%2C158\" data-large-file=\"https:\/\/i0.wp.com\/blogdalucianaoliveira.com.br\/blog\/wp-content\/uploads\/2022\/06\/download.jpg?fit=310%2C163\" src=\"https:\/\/i0.wp.com\/blogdalucianaoliveira.com.br\/blog\/wp-content\/uploads\/2022\/06\/download.jpg?resize=556%2C292\" alt=\"\" class=\"wp-image-33907\" width=\"556\" height=\"292\" srcset=\"https:\/\/i0.wp.com\/blogdalucianaoliveira.com.br\/blog\/wp-content\/uploads\/2022\/06\/download.jpg?w=310 310w, https:\/\/i0.wp.com\/blogdalucianaoliveira.com.br\/blog\/wp-content\/uploads\/2022\/06\/download.jpg?resize=300%2C158 300w\" sizes=\"auto, (max-width: 556px) 100vw, 556px\" \/><\/figure>\n\n\n\n<p>Amazonas de Bruno e Dom puxa alta de assassinatos, em queda no pa\u00eds; Brasil tem o maior n\u00famero de homic\u00eddios em todo o mundo.<\/p>\n\n\n\n<!--more-->\n\n\n\n<p>Revista Piau\u00ed &#8211; Luigi Mazza<\/p>\n\n\n\n<p>Localizada no extremo oeste do Amazonas, na fronteira com a Col\u00f4mbia, a cidade de Japur\u00e1 n\u00e3o costuma aparecer no notici\u00e1rio. Mas, quando aparece, \u00e9 quase sempre pelas mesmas raz\u00f5es: homic\u00eddios, apreens\u00e3o de drogas e garimpo. Recentemente, no come\u00e7o de abril, o jornal amazonense\u00a0<em>A Cr\u00edtica\u00a0<\/em>noticiou que dois corpos foram encontrados esquartejados no munic\u00edpio, enterrados numa cova rasa. Em novembro, tr\u00eas homens morreram a tiros num garimpo ilegal instalado no rio Japur\u00e1, que d\u00e1 nome \u00e0 cidade.\u00a0<\/p>\n\n\n\n<p>O rio nasce na Col\u00f4mbia, onde \u00e9 chamado Caquet\u00e1, atravessa a fronteira, corta o munic\u00edpio de Japur\u00e1 ao meio e des\u00e1gua no rio Amazonas. Nos \u00faltimos anos, com o avan\u00e7o das fac\u00e7\u00f5es criminosas sobre a floresta, essa regi\u00e3o se tornou estrat\u00e9gica para os traficantes que trazem drogas do lado colombiano. Com eles, veio a viol\u00eancia. Japur\u00e1 \u2013 cidade outrora pacata, onde se estima que vivam n\u00e3o mais do que 14 mil pessoas \u2013 se tornou s\u00edmbolo do avan\u00e7o do crime organizado sobre pequenas cidades do interior da Amaz\u00f4nia. Na outra margem do Amazonas, no Vale do Javari, tamb\u00e9m no extremo oeste do estado, foram assassinados o indigenista Bruno Pereira e o jornalista brit\u00e2nico Dom Philips.<\/p>\n\n\n\n<p>A interioriza\u00e7\u00e3o da viol\u00eancia vem puxando para cima os \u00edndices de homic\u00eddio na regi\u00e3o. Em 2021, o Amazonas foi o estado brasileiro onde o n\u00famero de mortes violentas mais cresceu: foram 1,7 mil, ao todo, 600 a mais do que em 2020, o que significa um aumento de 49%. Por mortes violentas entende-se os crimes de homic\u00eddio doloso, les\u00e3o corporal seguida de morte, latroc\u00ednio e morte causada pela pol\u00edcia. O Amazonas, com isso, foi na contram\u00e3o do Brasil. Em todo o pa\u00eds, as mortes violentas ca\u00edram 6,5%, segundo dados in\u00e9ditos do Anu\u00e1rio Brasileiro de Seguran\u00e7a P\u00fablica divulgados nesta ter\u00e7a-feira (28).<\/p>\n\n\n\n<p>A publica\u00e7\u00e3o revelou que, das trinta cidades com maior taxa de homic\u00eddios por 100 mil habitantes entre 2019 e 2021, treze ficam na Amaz\u00f4nia Legal. Dessas treze, onze s\u00e3o pequenas cidades rurais como Japur\u00e1 (o levantamento aponta que Japur\u00e1 tem a 14\u00aa maior taxa de mortes violentas do pa\u00eds, mas o dado pode estar superestimado. O Anu\u00e1rio usou dados do IBGE, que estima em 1,8 mil pessoas a popula\u00e7\u00e3o da cidade. Uma decis\u00e3o da Justi\u00e7a, por\u00e9m, calculou que esse n\u00famero pode ser at\u00e9 oito vezes maior.)<\/p>\n\n\n\n<p>Em 2020, o Amazonas ficou em 18\u00ba lugar no ranking dos estados mais violentos. Em 2021, com uma taxa de 39 mortes violentas por 100 mil habitantes \u2013 cinco vezes a de S\u00e3o Paulo \u2013, saltou para a terceira posi\u00e7\u00e3o. S\u00f3 ficou atr\u00e1s de Amap\u00e1 (54 mortes violentas por 100 mil habitantes) e Bahia (45 mortes por 100 mil).<\/p>\n\n\n\n<figure class=\"wp-block-image\"><img data-recalc-dims=\"1\" decoding=\"async\" src=\"https:\/\/i0.wp.com\/piaui.folha.uol.com.br\/wp-content\/uploads\/2022\/06\/home_javari.jpg?w=600&#038;ssl=1\" alt=\"\" class=\"wp-image-416745\"\/><\/figure>\n\n\n\n<p>Regi\u00e3o do Vale do Javari, onde o indigenista Bruno Pereira e o jornalista Dom Phillips foram mortos \u2013 Foto: Lalo de Almeida\/Folhapress<\/p>\n\n\n\n<p><strong>A<\/strong>s mortes violentas est\u00e3o em queda no Brasil h\u00e1 quatro anos. Depois de atingir um pico hist\u00f3rico de 31 homic\u00eddios por 100 mil habitantes em 2017, o pa\u00eds viu essa taxa cair ligeiramente ano ap\u00f3s ano (2020 foi uma exce\u00e7\u00e3o \u00e0 regra, com um pequeno aumento no n\u00famero de assassinatos, mas isso n\u00e3o alterou a tend\u00eancia). No ano passado, finalmente, foram registradas 22 mortes violentas por 100 mil habitantes, menor patamar da d\u00e9cada.<\/p>\n\n\n\n<p>As raz\u00f5es por tr\u00e1s dessa mudan\u00e7a ainda n\u00e3o s\u00e3o totalmente claras. O F\u00f3rum Brasileiro de Seguran\u00e7a P\u00fablica, respons\u00e1vel por produzir o Anu\u00e1rio, trabalha com algumas hip\u00f3teses. Uma delas \u00e9 a das mudan\u00e7as demogr\u00e1ficas. Nos \u00faltimos vinte anos, houve uma diminui\u00e7\u00e3o proporcional da quantidade de jovens de 10 a 19 anos na pir\u00e2mide et\u00e1ria brasileira; como eles s\u00e3o o grupo mais vulner\u00e1vel \u00e0s mortes violentas, essa diminui\u00e7\u00e3o estaria abrindo menos margem a esse tipo de crime. Ou seja: menos jovens, menos assassinatos.<\/p>\n\n\n\n<p>Outra poss\u00edvel explica\u00e7\u00e3o \u00e9 a mudan\u00e7a na configura\u00e7\u00e3o do crime organizado. A disputa de territ\u00f3rio entre as grandes fac\u00e7\u00f5es criminosas, que at\u00e9 2017 viveu uma escalada, atravessa um momento de relativa estabilidade desde 2018. Novamente, como aponta o Anu\u00e1rio, a exce\u00e7\u00e3o not\u00e1vel \u00e9 o Amazonas. Embora o Comando Vermelho tenha conquistado nos \u00faltimos anos hegemonia sobre a regi\u00e3o Norte, ainda h\u00e1 no Amazonas uma presen\u00e7a significativa da fac\u00e7\u00e3o Fam\u00edlia do Norte, o que acaba acarretando confrontos e mortes. Mas a tend\u00eancia geral \u00e9 de arrefecimento dos conflitos. Isso, somado a iniciativas bem-sucedidas de policiamento preventivo em alguns estados, pode ter colaborado para a redu\u00e7\u00e3o da viol\u00eancia.<\/p>\n\n\n\n<p>O n\u00famero de mortes violentas no Brasil, por\u00e9m, ainda \u00e9 caracter\u00edstico de um pa\u00eds em guerra. Foram 47,5 mil assassinatos em 2021 \u2013 uma m\u00e9dia de 130 por dia, 5 por hora. \u00c9 dif\u00edcil encontrar paralelo no mundo. De um total de 102 pa\u00edses que j\u00e1 consolidaram suas estat\u00edsticas de viol\u00eancia de 2020, nenhum registrou tantos homic\u00eddios quanto o Brasil. Nem mesmo a \u00cdndia, que tem seis vezes a popula\u00e7\u00e3o brasileira, ou os Estados Unidos, que t\u00eam 115 milh\u00f5es de habitantes a mais. O Escrit\u00f3rio das Na\u00e7\u00f5es Unidas para Crimes e Drogas contabilizou, at\u00e9 agora, 232,7 mil homic\u00eddios ocorridos no mundo em 2020. Um quinto deles aconteceu no Brasil.<\/p>\n\n\n\n<p><br><\/p>\n","protected":false},"excerpt":{"rendered":"<p>Amazonas de Bruno e Dom puxa alta de assassinatos, em queda no pa\u00eds; Brasil tem o maior n\u00famero de homic\u00eddios em todo o mundo.<\/p>\n","protected":false},"author":1,"featured_media":0,"comment_status":"closed","ping_status":"open","sticky":false,"template":"","format":"standard","meta":{"_exactmetrics_skip_tracking":false,"_exactmetrics_sitenote_active":false,"_exactmetrics_sitenote_note":"","_exactmetrics_sitenote_category":0,"jetpack_post_was_ever_published":false,"_jetpack_newsletter_access":"","_jetpack_dont_email_post_to_subs":false,"_jetpack_newsletter_tier_id":0,"_jetpack_memberships_contains_paywalled_content":false,"_jetpack_memberships_contains_paid_content":false,"footnotes":"","jetpack_publicize_message":"","jetpack_publicize_feature_enabled":true,"jetpack_social_post_already_shared":true,"jetpack_social_options":{"image_generator_settings":{"template":"highway","enabled":false},"version":2}},"categories":[1],"tags":[],"class_list":["post-33906","post","type-post","status-publish","format-standard","hentry","category-notas"],"jetpack_publicize_connections":[],"jetpack_sharing_enabled":true,"jetpack_featured_media_url":"","jetpack_shortlink":"https:\/\/wp.me\/p7wKYW-8OS","jetpack-related-posts":[],"_links":{"self":[{"href":"http:\/\/blogdalucianaoliveira.com.br\/blog\/wp-json\/wp\/v2\/posts\/33906","targetHints":{"allow":["GET"]}}],"collection":[{"href":"http:\/\/blogdalucianaoliveira.com.br\/blog\/wp-json\/wp\/v2\/posts"}],"about":[{"href":"http:\/\/blogdalucianaoliveira.com.br\/blog\/wp-json\/wp\/v2\/types\/post"}],"author":[{"embeddable":true,"href":"http:\/\/blogdalucianaoliveira.com.br\/blog\/wp-json\/wp\/v2\/users\/1"}],"replies":[{"embeddable":true,"href":"http:\/\/blogdalucianaoliveira.com.br\/blog\/wp-json\/wp\/v2\/comments?post=33906"}],"version-history":[{"count":2,"href":"http:\/\/blogdalucianaoliveira.com.br\/blog\/wp-json\/wp\/v2\/posts\/33906\/revisions"}],"predecessor-version":[{"id":33911,"href":"http:\/\/blogdalucianaoliveira.com.br\/blog\/wp-json\/wp\/v2\/posts\/33906\/revisions\/33911"}],"wp:attachment":[{"href":"http:\/\/blogdalucianaoliveira.com.br\/blog\/wp-json\/wp\/v2\/media?parent=33906"}],"wp:term":[{"taxonomy":"category","embeddable":true,"href":"http:\/\/blogdalucianaoliveira.com.br\/blog\/wp-json\/wp\/v2\/categories?post=33906"},{"taxonomy":"post_tag","embeddable":true,"href":"http:\/\/blogdalucianaoliveira.com.br\/blog\/wp-json\/wp\/v2\/tags?post=33906"}],"curies":[{"name":"wp","href":"https:\/\/api.w.org\/{rel}","templated":true}]}}