{"id":33917,"date":"2022-06-29T09:20:00","date_gmt":"2022-06-29T13:20:00","guid":{"rendered":"http:\/\/blogdalucianaoliveira.com.br\/blog\/?p=33917"},"modified":"2022-06-29T09:20:05","modified_gmt":"2022-06-29T13:20:05","slug":"ue-decide-nao-comprar-produtos-de-areas-desmatadas","status":"publish","type":"post","link":"http:\/\/blogdalucianaoliveira.com.br\/blog\/2022\/06\/29\/ue-decide-nao-comprar-produtos-de-areas-desmatadas\/","title":{"rendered":"UE decide n\u00e3o comprar produtos de \u00e1reas desmatadas"},"content":{"rendered":"\n<figure class=\"wp-block-image size-large\"><img data-recalc-dims=\"1\" loading=\"lazy\" decoding=\"async\" width=\"600\" height=\"338\" data-attachment-id=\"33918\" data-permalink=\"http:\/\/blogdalucianaoliveira.com.br\/blog\/2022\/06\/29\/ue-decide-nao-comprar-produtos-de-areas-desmatadas\/251d4895-d4b3-45f1-bd75-ffdbe1a55394\/\" data-orig-file=\"https:\/\/i0.wp.com\/blogdalucianaoliveira.com.br\/blog\/wp-content\/uploads\/2022\/06\/251D4895-D4B3-45F1-BD75-FFDBE1A55394.jpeg?fit=848%2C477\" data-orig-size=\"848,477\" data-comments-opened=\"0\" data-image-meta=\"{&quot;aperture&quot;:&quot;0&quot;,&quot;credit&quot;:&quot;DARIO PIGNATELLI&quot;,&quot;camera&quot;:&quot;&quot;,&quot;caption&quot;:&quot;&quot;,&quot;created_timestamp&quot;:&quot;1576233621&quot;,&quot;copyright&quot;:&quot;&quot;,&quot;focal_length&quot;:&quot;0&quot;,&quot;iso&quot;:&quot;0&quot;,&quot;shutter_speed&quot;:&quot;0&quot;,&quot;title&quot;:&quot;&quot;,&quot;orientation&quot;:&quot;1&quot;}\" data-image-title=\"251D4895-D4B3-45F1-BD75-FFDBE1A55394\" data-image-description=\"\" data-image-caption=\"\" data-medium-file=\"https:\/\/i0.wp.com\/blogdalucianaoliveira.com.br\/blog\/wp-content\/uploads\/2022\/06\/251D4895-D4B3-45F1-BD75-FFDBE1A55394.jpeg?fit=300%2C169\" data-large-file=\"https:\/\/i0.wp.com\/blogdalucianaoliveira.com.br\/blog\/wp-content\/uploads\/2022\/06\/251D4895-D4B3-45F1-BD75-FFDBE1A55394.jpeg?fit=600%2C338\" src=\"https:\/\/i0.wp.com\/blogdalucianaoliveira.com.br\/blog\/wp-content\/uploads\/2022\/06\/251D4895-D4B3-45F1-BD75-FFDBE1A55394.jpeg?resize=600%2C338\" alt=\"\" class=\"wp-image-33918\" srcset=\"https:\/\/i0.wp.com\/blogdalucianaoliveira.com.br\/blog\/wp-content\/uploads\/2022\/06\/251D4895-D4B3-45F1-BD75-FFDBE1A55394.jpeg?w=848 848w, https:\/\/i0.wp.com\/blogdalucianaoliveira.com.br\/blog\/wp-content\/uploads\/2022\/06\/251D4895-D4B3-45F1-BD75-FFDBE1A55394.jpeg?resize=300%2C169 300w, https:\/\/i0.wp.com\/blogdalucianaoliveira.com.br\/blog\/wp-content\/uploads\/2022\/06\/251D4895-D4B3-45F1-BD75-FFDBE1A55394.jpeg?resize=768%2C432 768w, https:\/\/i0.wp.com\/blogdalucianaoliveira.com.br\/blog\/wp-content\/uploads\/2022\/06\/251D4895-D4B3-45F1-BD75-FFDBE1A55394.jpeg?resize=533%2C300 533w\" sizes=\"auto, (max-width: 600px) 100vw, 600px\" \/><\/figure>\n\n\n\n<p>Poder 360 &#8211; O\u00a0<a rel=\"noreferrer noopener\" href=\"https:\/\/www.poder360.com.br\/tag\/conselho-europeu\/\" target=\"_blank\">Conselho Europeu<\/a>\u00a0decidiu na 3\u00aa feira (28.jun.2022) limitar a importa\u00e7\u00e3o de\u00a0<em>commodities<\/em>cultivadas em terras desmatadas. A proposta prev\u00ea a fiscaliza\u00e7\u00e3o dos produtores que vendem \u00f3leo de palma, carne bovina, madeira, caf\u00e9, soja e cacau para os pa\u00edses da\u00a0<a rel=\"noreferrer noopener\" href=\"https:\/\/www.poder360.com.br\/tag\/uniao-europeia\/\" target=\"_blank\">UE<\/a>\u00a0(Uni\u00e3o Europeia). Brasil e Indon\u00e9sia est\u00e3o entre os exportadores mais impactados.<\/p>\n\n\n\n<!--more-->\n\n\n\n<p>Na 3\u00aa feira (28.jun), o Conselho votou propostas do pacote legislativo chamado de \u201c<em>Fit for 55<\/em>\u201d. O conjunto de medidas ajudar\u00e1 a UE a reduzir suas emiss\u00f5es l\u00edquidas de gases de efeito estufa em pelo menos 55% at\u00e9 2030 em rela\u00e7\u00e3o aos n\u00edveis de 1990 e a alcan\u00e7ar a neutralidade clim\u00e1tica em 2050.<\/p>\n\n\n\n<p>Al\u00e9m do veto \u00e0 compra de&nbsp;<em>commodities<\/em>&nbsp;cultivados de terras desmatadas, os estados integrantes do bloco tamb\u00e9m adotaram um entendimento comum sobre o sistema de com\u00e9rcio de emiss\u00f5es da UE, novas medidas sobre uso da terra e a silvicultura, a cria\u00e7\u00e3o de um fundo de clima social e novos padr\u00f5es de desempenho de emiss\u00f5es de CO2 para carros e vans.<\/p>\n","protected":false},"excerpt":{"rendered":"<p>Poder 360 &#8211; O\u00a0Conselho Europeu\u00a0decidiu na 3\u00aa feira (28.jun.2022) limitar a importa\u00e7\u00e3o de\u00a0commoditiescultivadas em terras desmatadas. A proposta prev\u00ea a fiscaliza\u00e7\u00e3o dos produtores que vendem \u00f3leo de palma, carne bovina, madeira, caf\u00e9, soja e cacau para os pa\u00edses da\u00a0UE\u00a0(Uni\u00e3o Europeia). Brasil e Indon\u00e9sia est\u00e3o entre os exportadores mais impactados.<\/p>\n","protected":false},"author":1,"featured_media":0,"comment_status":"closed","ping_status":"open","sticky":false,"template":"","format":"standard","meta":{"_exactmetrics_skip_tracking":false,"_exactmetrics_sitenote_active":false,"_exactmetrics_sitenote_note":"","_exactmetrics_sitenote_category":0,"jetpack_post_was_ever_published":false,"_jetpack_newsletter_access":"","_jetpack_dont_email_post_to_subs":false,"_jetpack_newsletter_tier_id":0,"_jetpack_memberships_contains_paywalled_content":false,"_jetpack_memberships_contains_paid_content":false,"footnotes":"","jetpack_publicize_message":"","jetpack_publicize_feature_enabled":true,"jetpack_social_post_already_shared":true,"jetpack_social_options":{"image_generator_settings":{"template":"highway","enabled":false},"version":2}},"categories":[1],"tags":[759,387,760],"class_list":["post-33917","post","type-post","status-publish","format-standard","hentry","category-notas","tag-boicote","tag-desmatamento","tag-uniao-europeia"],"jetpack_publicize_connections":[],"jetpack_sharing_enabled":true,"jetpack_featured_media_url":"","jetpack_shortlink":"https:\/\/wp.me\/p7wKYW-8P3","jetpack-related-posts":[],"_links":{"self":[{"href":"http:\/\/blogdalucianaoliveira.com.br\/blog\/wp-json\/wp\/v2\/posts\/33917","targetHints":{"allow":["GET"]}}],"collection":[{"href":"http:\/\/blogdalucianaoliveira.com.br\/blog\/wp-json\/wp\/v2\/posts"}],"about":[{"href":"http:\/\/blogdalucianaoliveira.com.br\/blog\/wp-json\/wp\/v2\/types\/post"}],"author":[{"embeddable":true,"href":"http:\/\/blogdalucianaoliveira.com.br\/blog\/wp-json\/wp\/v2\/users\/1"}],"replies":[{"embeddable":true,"href":"http:\/\/blogdalucianaoliveira.com.br\/blog\/wp-json\/wp\/v2\/comments?post=33917"}],"version-history":[{"count":1,"href":"http:\/\/blogdalucianaoliveira.com.br\/blog\/wp-json\/wp\/v2\/posts\/33917\/revisions"}],"predecessor-version":[{"id":33919,"href":"http:\/\/blogdalucianaoliveira.com.br\/blog\/wp-json\/wp\/v2\/posts\/33917\/revisions\/33919"}],"wp:attachment":[{"href":"http:\/\/blogdalucianaoliveira.com.br\/blog\/wp-json\/wp\/v2\/media?parent=33917"}],"wp:term":[{"taxonomy":"category","embeddable":true,"href":"http:\/\/blogdalucianaoliveira.com.br\/blog\/wp-json\/wp\/v2\/categories?post=33917"},{"taxonomy":"post_tag","embeddable":true,"href":"http:\/\/blogdalucianaoliveira.com.br\/blog\/wp-json\/wp\/v2\/tags?post=33917"}],"curies":[{"name":"wp","href":"https:\/\/api.w.org\/{rel}","templated":true}]}}