{"id":33920,"date":"2022-06-30T09:30:14","date_gmt":"2022-06-30T13:30:14","guid":{"rendered":"http:\/\/blogdalucianaoliveira.com.br\/blog\/?p=33920"},"modified":"2022-06-30T09:30:17","modified_gmt":"2022-06-30T13:30:17","slug":"ministerio-colocou-fundo-amazonia-em-risco-e-pode-ter-de-devolver-r-32-bi-diz-cgu","status":"publish","type":"post","link":"http:\/\/blogdalucianaoliveira.com.br\/blog\/2022\/06\/30\/ministerio-colocou-fundo-amazonia-em-risco-e-pode-ter-de-devolver-r-32-bi-diz-cgu\/","title":{"rendered":"Minist\u00e9rio colocou Fundo Amaz\u00f4nia em risco e pode ter de devolver R$ 3,2 bi, diz CGU"},"content":{"rendered":"\n<figure class=\"wp-block-image size-large\"><img data-recalc-dims=\"1\" loading=\"lazy\" decoding=\"async\" width=\"600\" height=\"415\" data-attachment-id=\"33921\" data-permalink=\"http:\/\/blogdalucianaoliveira.com.br\/blog\/2022\/06\/30\/ministerio-colocou-fundo-amazonia-em-risco-e-pode-ter-de-devolver-r-32-bi-diz-cgu\/a15b3eb7-1278-47d3-99f6-9d30b6e2afec\/\" data-orig-file=\"https:\/\/i0.wp.com\/blogdalucianaoliveira.com.br\/blog\/wp-content\/uploads\/2022\/06\/A15B3EB7-1278-47D3-99F6-9D30B6E2AFEC.jpeg?fit=933%2C645\" data-orig-size=\"933,645\" data-comments-opened=\"0\" data-image-meta=\"{&quot;aperture&quot;:&quot;0&quot;,&quot;credit&quot;:&quot;&quot;,&quot;camera&quot;:&quot;&quot;,&quot;caption&quot;:&quot;&quot;,&quot;created_timestamp&quot;:&quot;0&quot;,&quot;copyright&quot;:&quot;&quot;,&quot;focal_length&quot;:&quot;0&quot;,&quot;iso&quot;:&quot;0&quot;,&quot;shutter_speed&quot;:&quot;0&quot;,&quot;title&quot;:&quot;&quot;,&quot;orientation&quot;:&quot;0&quot;}\" data-image-title=\"A15B3EB7-1278-47D3-99F6-9D30B6E2AFEC\" data-image-description=\"\" data-image-caption=\"\" data-medium-file=\"https:\/\/i0.wp.com\/blogdalucianaoliveira.com.br\/blog\/wp-content\/uploads\/2022\/06\/A15B3EB7-1278-47D3-99F6-9D30B6E2AFEC.jpeg?fit=300%2C207\" data-large-file=\"https:\/\/i0.wp.com\/blogdalucianaoliveira.com.br\/blog\/wp-content\/uploads\/2022\/06\/A15B3EB7-1278-47D3-99F6-9D30B6E2AFEC.jpeg?fit=600%2C415\" src=\"https:\/\/i0.wp.com\/blogdalucianaoliveira.com.br\/blog\/wp-content\/uploads\/2022\/06\/A15B3EB7-1278-47D3-99F6-9D30B6E2AFEC.jpeg?resize=600%2C415\" alt=\"\" class=\"wp-image-33921\" srcset=\"https:\/\/i0.wp.com\/blogdalucianaoliveira.com.br\/blog\/wp-content\/uploads\/2022\/06\/A15B3EB7-1278-47D3-99F6-9D30B6E2AFEC.jpeg?w=933 933w, https:\/\/i0.wp.com\/blogdalucianaoliveira.com.br\/blog\/wp-content\/uploads\/2022\/06\/A15B3EB7-1278-47D3-99F6-9D30B6E2AFEC.jpeg?resize=300%2C207 300w, https:\/\/i0.wp.com\/blogdalucianaoliveira.com.br\/blog\/wp-content\/uploads\/2022\/06\/A15B3EB7-1278-47D3-99F6-9D30B6E2AFEC.jpeg?resize=768%2C531 768w, https:\/\/i0.wp.com\/blogdalucianaoliveira.com.br\/blog\/wp-content\/uploads\/2022\/06\/A15B3EB7-1278-47D3-99F6-9D30B6E2AFEC.jpeg?resize=434%2C300 434w\" sizes=\"auto, (max-width: 600px) 100vw, 600px\" \/><\/figure>\n\n\n\n<h4 class=\"wp-block-heading\">Em relat\u00f3rio, Controladoria-Geral da Uni\u00e3o concluiu que Minist\u00e9rio do Meio Ambiente n\u00e3o se esfor\u00e7ou na busca de consenso com doadores e poder\u00e1 ter que devolver dinheiro doado ao fundo.&nbsp;<\/h4>\n\n\n\n<!--more-->\n\n\n\n<p>Por Marcela Cunha*, g1\u00a0<\/p>\n\n\n\n<p>A Controladoria-Geral da Uni\u00e3o (CGU) afirmou, em um relat\u00f3rio, que a gest\u00e3o do Minist\u00e9rio do Meio Ambiente colocou em risco a continuidade do fundo Amaz\u00f4nia e que doadores podem pedir a devolu\u00e7\u00e3o de recursos n\u00e3o comprometidos em projetos. At\u00e9 o final de 2021, o montante era estimado em R$ 3,2 bilh\u00f5es.&nbsp;<\/p>\n\n\n\n<p>O Fundo Amaz\u00f4nia financia projetos de estados, munic\u00edpios e da iniciativa privada para a\u00e7\u00f5es de preven\u00e7\u00e3o, monitoramento e combate ao desmatamento, de conserva\u00e7\u00e3o e de uso sustent\u00e1vel da Amaz\u00f4nia Legal. Os recursos do fundo v\u00eam principalmente de doa\u00e7\u00f5es da Noruega e da Alemanha, al\u00e9m de doa\u00e7\u00f5es da Petrobras.&nbsp;<\/p>\n\n\n\n<p>Auditores apontam que &#8220;n\u00e3o houve esfor\u00e7os, por parte do MMA, de busca de consenso com os doadores, ou, ao menos, a apresenta\u00e7\u00e3o de propostas para a modifica\u00e7\u00e3o da estrutura de governan\u00e7a do Fundo.&#8221;&nbsp;<\/p>\n\n\n\n<p>A CGU aponta que n\u00e3o foram criados comit\u00eas vinculados ao fundo e, com isso, houve a suspens\u00e3o da autoriza\u00e7\u00e3o de novos projetos, o que deixou o dinheiro paralisado&nbsp;<strong>(veja mais abaixo)<\/strong>.&nbsp;<\/p>\n\n\n\n<p>Para a controladoria, o Minist\u00e9rio do Meio Ambiente (MMA) &#8220;descumpriu as boas pr\u00e1ticas da governan\u00e7a p\u00fablica gerando impactos negativos para as pol\u00edticas ambientais&#8221;.&nbsp;<\/p>\n\n\n\n<h2 class=\"wp-block-heading\">Atua\u00e7\u00e3o do MMA<\/h2>\n\n\n\n<p>Os auditores avaliaram o papel do minist\u00e9rio no tema desde 2019 e o relat\u00f3rio se tornou p\u00fablico esta semana.&nbsp;<\/p>\n\n\n\n<p>O documento destaca que, em 2019, o presidente Jair Bolsonaro (PL) editou um decreto que extinguiu dois comit\u00eas vinculados ao fundo, e que o Minist\u00e9rio do Meio Ambiente n\u00e3o utilizou a previs\u00e3o da pr\u00f3pria norma para recriar os colegiados.<\/p>\n\n\n\n<p>Segundo o documento, &#8220;a n\u00e3o proposi\u00e7\u00e3o, pelo MMA, de recria\u00e7\u00e3o dos colegiados que integravam a estrutura de governan\u00e7a do FA n\u00e3o foi baseada em estudos t\u00e9cnicos e planejamento adequado, assim como n\u00e3o foram considerados riscos estrat\u00e9gicos, operacionais e financeiros envolvidos, os quais, em sua maioria, acabaram se concretizando&#8221;.&nbsp;<\/p>\n\n\n\n<p>Neste sentido, os auditores apontaram a relev\u00e2ncia dos aportes do Fundo Amaz\u00f4nia nos or\u00e7amento de medidas de combate ao desmatamento e preven\u00e7\u00e3o de inc\u00eandios \u2013 e os consequentes preju\u00edzos dos problemas na gest\u00e3o do fundo.&nbsp;<\/p>\n\n\n\n<p>A CGU ainda recomendou ao minist\u00e9rio que atue de forma a propor o restabelecimento da governan\u00e7a do Fundo Amaz\u00f4nia, de maneira fundamentada e que conte com mais legitimidade.&nbsp;<\/p>\n\n\n\n<h2 class=\"wp-block-heading\">Minist\u00e9rio do Meio Ambiente&nbsp;<\/h2>\n\n\n\n<p>Segundo o Minist\u00e9rio do Meio Ambiente, &#8220;as recomenda\u00e7\u00f5es contidas no Relat\u00f3rio da Controladoria-Geral da Uni\u00e3o (CGU) n\u00e3o divergem das medidas administrativas que j\u00e1 v\u00eam sendo adotadas internamente por esta pasta.&nbsp;<\/p>\n\n\n\n<p>O Governo Federal tamb\u00e9m sugeriu altera\u00e7\u00f5es nos mecanismos de governan\u00e7a para trazer mais efici\u00eancia no uso dos recursos&#8221;.&nbsp;<\/p>\n\n\n\n<p>A pasta afirmou ainda que est\u00e1 negociando com os doadores internacionais e os \u00f3rg\u00e3os envolvidos.&nbsp;<\/p>\n\n\n\n<p>\u201cA falta da estrutura de governan\u00e7a no Fundo Amaz\u00f4nia fez com que o governo brasileiro perdesse a oportunidade de obter mais recursos financeiros aplic\u00e1veis em a\u00e7\u00f5es relacionadas \u00e0 preven\u00e7\u00e3o e ao combate ao desmatamento ilegal na regi\u00e3o amaz\u00f4nica, frente ao contexto de tend\u00eancia de alta dos \u00edndices do desmatamento publicados pelo INPE\u201d, concluem os auditores.<\/p>\n\n\n\n<p>\u201cAl\u00e9m disso, futuros apoios financeiros ao Fundo Amaz\u00f4nia bem como a possibilidade de celebra\u00e7\u00e3o de novos acordos internacionais relacionados \u00e0 preserva\u00e7\u00e3o da floresta amaz\u00f4nica dependem, em especial, do desempenho satisfat\u00f3rio das pol\u00edticas de combate ao desmatamento e aos inc\u00eandios florestais implementadas no pa\u00eds, com o qual o Fundo contribui\u201d, diz o texto.&nbsp;<\/p>\n\n\n\n<h2 class=\"wp-block-heading\">Alertas do BNDES&nbsp;<\/h2>\n\n\n\n<p>Os auditores da CGU destacaram alertas feitos pelo Banco Nacional de Desenvolvimento Econ\u00f4mico e Social (BNDES), gestor do Fundo Amaz\u00f4nia, sobre os riscos das a\u00e7\u00f5es adotadas.&nbsp;<\/p>\n\n\n\n<p>Em maio de 2019, o BNDES informou ao minist\u00e9rio que qualquer altera\u00e7\u00e3o na governan\u00e7a do Fundo poderia impactar as rela\u00e7\u00f5es jur\u00eddicas firmadas com terceiros.&nbsp;<\/p>\n\n\n\n<p>Na ocasi\u00e3o, o banco ressaltou que o governo da Noruega poderia rescindir o contrato de doa\u00e7\u00e3o e demandar a devolu\u00e7\u00e3o dos recursos n\u00e3o comprometidos em projetos.&nbsp;<\/p>\n\n\n\n<p>Diante da aus\u00eancia de resposta, o BNDES encaminhou um novo alerta informando que as altera\u00e7\u00f5es na governan\u00e7a do Fundo Amaz\u00f4nia poderiam ter efeitos sobre rela\u00e7\u00f5es jur\u00eddicas estabelecidas com os doadores internacionais.&nbsp;<\/p>\n\n\n\n<p>De acordo com o banco, o objetivo das comunica\u00e7\u00f5es enviadas era alertar o Minist\u00e9rio sobre as consequ\u00eancias contratuais da extin\u00e7\u00e3o unilateral dos comit\u00eas e possibilitar a recria\u00e7\u00e3o dos colegiados para impedir a quebra de continuidade dos seus trabalhos.<\/p>\n","protected":false},"excerpt":{"rendered":"<p>Em relat\u00f3rio, Controladoria-Geral da Uni\u00e3o concluiu que Minist\u00e9rio do Meio Ambiente n\u00e3o se esfor\u00e7ou na busca de consenso com doadores e poder\u00e1 ter que devolver dinheiro doado ao fundo.&nbsp;<\/p>\n","protected":false},"author":1,"featured_media":0,"comment_status":"closed","ping_status":"open","sticky":false,"template":"","format":"standard","meta":{"_exactmetrics_skip_tracking":false,"_exactmetrics_sitenote_active":false,"_exactmetrics_sitenote_note":"","_exactmetrics_sitenote_category":0,"jetpack_post_was_ever_published":false,"_jetpack_newsletter_access":"","_jetpack_dont_email_post_to_subs":false,"_jetpack_newsletter_tier_id":0,"_jetpack_memberships_contains_paywalled_content":false,"_jetpack_memberships_contains_paid_content":false,"footnotes":"","jetpack_publicize_message":"","jetpack_publicize_feature_enabled":true,"jetpack_social_post_already_shared":true,"jetpack_social_options":{"image_generator_settings":{"template":"highway","enabled":false},"version":2}},"categories":[1],"tags":[],"class_list":["post-33920","post","type-post","status-publish","format-standard","hentry","category-notas"],"jetpack_publicize_connections":[],"jetpack_sharing_enabled":true,"jetpack_featured_media_url":"","jetpack_shortlink":"https:\/\/wp.me\/p7wKYW-8P6","jetpack-related-posts":[],"_links":{"self":[{"href":"http:\/\/blogdalucianaoliveira.com.br\/blog\/wp-json\/wp\/v2\/posts\/33920","targetHints":{"allow":["GET"]}}],"collection":[{"href":"http:\/\/blogdalucianaoliveira.com.br\/blog\/wp-json\/wp\/v2\/posts"}],"about":[{"href":"http:\/\/blogdalucianaoliveira.com.br\/blog\/wp-json\/wp\/v2\/types\/post"}],"author":[{"embeddable":true,"href":"http:\/\/blogdalucianaoliveira.com.br\/blog\/wp-json\/wp\/v2\/users\/1"}],"replies":[{"embeddable":true,"href":"http:\/\/blogdalucianaoliveira.com.br\/blog\/wp-json\/wp\/v2\/comments?post=33920"}],"version-history":[{"count":1,"href":"http:\/\/blogdalucianaoliveira.com.br\/blog\/wp-json\/wp\/v2\/posts\/33920\/revisions"}],"predecessor-version":[{"id":33922,"href":"http:\/\/blogdalucianaoliveira.com.br\/blog\/wp-json\/wp\/v2\/posts\/33920\/revisions\/33922"}],"wp:attachment":[{"href":"http:\/\/blogdalucianaoliveira.com.br\/blog\/wp-json\/wp\/v2\/media?parent=33920"}],"wp:term":[{"taxonomy":"category","embeddable":true,"href":"http:\/\/blogdalucianaoliveira.com.br\/blog\/wp-json\/wp\/v2\/categories?post=33920"},{"taxonomy":"post_tag","embeddable":true,"href":"http:\/\/blogdalucianaoliveira.com.br\/blog\/wp-json\/wp\/v2\/tags?post=33920"}],"curies":[{"name":"wp","href":"https:\/\/api.w.org\/{rel}","templated":true}]}}