{"id":33930,"date":"2022-06-30T19:35:13","date_gmt":"2022-06-30T23:35:13","guid":{"rendered":"http:\/\/blogdalucianaoliveira.com.br\/blog\/?p=33930"},"modified":"2022-06-30T20:29:23","modified_gmt":"2022-07-01T00:29:23","slug":"adunir-defende-o-amplo-debate-sobre-a-implantacao-do-hospital-universitario-na-unir-e-destaca-a-posicao-do-andes-contra-a-ebserh","status":"publish","type":"post","link":"http:\/\/blogdalucianaoliveira.com.br\/blog\/2022\/06\/30\/adunir-defende-o-amplo-debate-sobre-a-implantacao-do-hospital-universitario-na-unir-e-destaca-a-posicao-do-andes-contra-a-ebserh\/","title":{"rendered":"ADUNIR DEFENDE O AMPLO DEBATE SOBRE A IMPLANTA\u00c7\u00c3O DO HOSPITAL UNIVERSIT\u00c1RIO NA UNIR E DESTACA A POSI\u00c7\u00c3O DO ANDES CONTRA A EBSERH"},"content":{"rendered":"\n<figure class=\"wp-block-image size-large\"><img loading=\"lazy\" decoding=\"async\" width=\"1280\" height=\"853\" data-attachment-id=\"33931\" data-permalink=\"http:\/\/blogdalucianaoliveira.com.br\/blog\/2022\/06\/30\/adunir-defende-o-amplo-debate-sobre-a-implantacao-do-hospital-universitario-na-unir-e-destaca-a-posicao-do-andes-contra-a-ebserh\/2570a20a-390a-4863-b952-97d876a8515d\/\" data-orig-file=\"https:\/\/i0.wp.com\/blogdalucianaoliveira.com.br\/blog\/wp-content\/uploads\/2022\/06\/2570A20A-390A-4863-B952-97D876A8515D.jpeg?fit=1280%2C853\" data-orig-size=\"1280,853\" data-comments-opened=\"0\" data-image-meta=\"{&quot;aperture&quot;:&quot;0&quot;,&quot;credit&quot;:&quot;&quot;,&quot;camera&quot;:&quot;&quot;,&quot;caption&quot;:&quot;&quot;,&quot;created_timestamp&quot;:&quot;0&quot;,&quot;copyright&quot;:&quot;&quot;,&quot;focal_length&quot;:&quot;0&quot;,&quot;iso&quot;:&quot;0&quot;,&quot;shutter_speed&quot;:&quot;0&quot;,&quot;title&quot;:&quot;&quot;,&quot;orientation&quot;:&quot;0&quot;}\" data-image-title=\"2570A20A-390A-4863-B952-97D876A8515D\" data-image-description=\"\" data-image-caption=\"\" data-medium-file=\"https:\/\/i0.wp.com\/blogdalucianaoliveira.com.br\/blog\/wp-content\/uploads\/2022\/06\/2570A20A-390A-4863-B952-97D876A8515D.jpeg?fit=300%2C200\" data-large-file=\"https:\/\/i0.wp.com\/blogdalucianaoliveira.com.br\/blog\/wp-content\/uploads\/2022\/06\/2570A20A-390A-4863-B952-97D876A8515D.jpeg?fit=600%2C400\" src=\"https:\/\/i0.wp.com\/blogdalucianaoliveira.com.br\/blog\/wp-content\/uploads\/2022\/06\/2570A20A-390A-4863-B952-97D876A8515D.jpeg?fit=600%2C400\" alt=\"\" class=\"wp-image-33931\" srcset=\"https:\/\/i0.wp.com\/blogdalucianaoliveira.com.br\/blog\/wp-content\/uploads\/2022\/06\/2570A20A-390A-4863-B952-97D876A8515D.jpeg?w=1280 1280w, https:\/\/i0.wp.com\/blogdalucianaoliveira.com.br\/blog\/wp-content\/uploads\/2022\/06\/2570A20A-390A-4863-B952-97D876A8515D.jpeg?resize=300%2C200 300w, https:\/\/i0.wp.com\/blogdalucianaoliveira.com.br\/blog\/wp-content\/uploads\/2022\/06\/2570A20A-390A-4863-B952-97D876A8515D.jpeg?resize=1024%2C682 1024w, https:\/\/i0.wp.com\/blogdalucianaoliveira.com.br\/blog\/wp-content\/uploads\/2022\/06\/2570A20A-390A-4863-B952-97D876A8515D.jpeg?resize=768%2C512 768w, https:\/\/i0.wp.com\/blogdalucianaoliveira.com.br\/blog\/wp-content\/uploads\/2022\/06\/2570A20A-390A-4863-B952-97D876A8515D.jpeg?resize=450%2C300 450w, https:\/\/i0.wp.com\/blogdalucianaoliveira.com.br\/blog\/wp-content\/uploads\/2022\/06\/2570A20A-390A-4863-B952-97D876A8515D.jpeg?w=1200 1200w\" sizes=\"auto, (max-width: 600px) 100vw, 600px\" \/><\/figure>\n\n\n\n<p>A Funda\u00e7\u00e3o Universidade Federal de Rond\u00f4nia, precisa e muito de um Hospital Universit\u00e1rio para fortalecer e dar maior suporte aos seus cursos da \u00e1rea de sa\u00fade principalmente ao curso de  Medicina. A comunidade Universit\u00e1ria tem consci\u00eancia disso, e a sociedade rondoniense precisa desses servi\u00e7os.<\/p>\n\n\n\n<!--more-->\n\n\n\n<p>O problema \u00e9 quando se faz de uma necessidade, a &#8220;urg\u00eancia&#8221; para malabarismos pol\u00edticos, e interesses difusos, travestidos de boas inten\u00e7\u00f5es, em nome do bem servir ao p\u00fablico.<br>\nA pergunta que nos fazemos, \u00e9, porque tanta urg\u00eancia, em promover uma audi\u00eancia p\u00fablica, para discutir um assunto de tamanha seriedade, sem que os atores mais interessados, tenham se debru\u00e7ado sobre ele, de forma a estud\u00e1-lo, debat\u00ea-lo, esclarec\u00ea-lo, e assim, de forma mais democr\u00e1tica, dar maior publicidade sobre algo que \u00e9 de import\u00e2ncia vital para todos? <\/p>\n\n\n\n<p>Quer nos parecer, que todo este esfor\u00e7o, sobre a articula\u00e7\u00e3o da Reitoria da UNIR e Assembleia Legislativa, em pleno processo eleitoral, vem muito mais no sentido de uma pe\u00e7a publicit\u00e1ria, de marketing pol\u00edtico, no sentido de dar maior visibilidade a determinadas figuras pol\u00edticas, que de fato, o interesse p\u00fablico.<\/p>\n\n\n\n<p>Durante todo esse mandato, o Governo federal nunca levou a s\u00e9rio a educa\u00e7\u00e3o de n\u00edvel superior.<\/p>\n\n\n\n<p>Muito pelo contr\u00e1rio, tudo tem foi feito no sentido de sucate\u00e1-lo. Some-se a isso, os \u00faltimos esc\u00e2ndalos envolvendo o Ministro da Educa\u00e7\u00e3o, investigado por corrup\u00e7\u00e3o em sua pasta por uma CPI. H\u00e1 prop\u00f3sitos em discutir algo t\u00e3o s\u00e9rio num clima conturbado como este?<\/p>\n\n\n\n<p>Por \u00faltimo e de mais relev\u00e2ncia, o EBSERH, \u00e9 o caminho mais f\u00e1cil para o processo de privatiza\u00e7\u00e3o dos Hospitais Universit\u00e1rios, com graves consequ\u00eancias para a autonomia das nossas  Universidades P\u00fablicas Federais. <\/p>\n\n\n\n<p>\u201cA reitoria entrou no jogo do balc\u00e3o de neg\u00f3cios com pol\u00edticos. Enquanto o governo corta milh\u00f5es do or\u00e7amento da UNIR, a reitoria se enrosca na teia da pol\u00edtica eleitoreira dos mesmos pol\u00edticos que o apoiam, se fazendo acreditar que teremos um hospital universit\u00e1rio como defendemos historicamente nas IFEs.  Antes de uma Audi\u00eancia P\u00fablica sobre Hospital Universit\u00e1rio, a reitoria deveria ter feito uma ampla discuss\u00e3o com a comunidade acad\u00eamica, especialmente com o n\u00facleo de sa\u00fade e isso n\u00e3o ocorreu. Ao que tudo indica \u00e9 um acordo eleitoreiro do governo federal e estadual que envolve tamb\u00e9m a EBSERH. A ADUNIR como se\u00e7\u00e3o sindical do ANDES-SN tem o compromisso de continuar a luta pela revoga\u00e7\u00e3o da cria\u00e7\u00e3o da Ebserh, conforme nossas resolu\u00e7\u00f5es congressuais; de denunciar o que est\u00e1 ocorrendo nos espa\u00e7os onde essa Empresa foi implementada; e de fomentar o debate junto com as se\u00e7\u00f5es sindicais sobre os danos desta forma de gerenciamento dos servi\u00e7os p\u00fablicos, que, na pr\u00e1tica, desvia os recursos p\u00fablicos pra inciativa privada.  Somente mediante a recomposi\u00e7\u00e3o or\u00e7ament\u00e1ria nas Institui\u00e7\u00f5es de Ensino Superior e a luta pelo investimento na educa\u00e7\u00e3o e sa\u00fade p\u00fablicas teremos hospitais universit\u00e1rios de fato\u201d, afirmou a presidente do Sindicato dos Professores da Unir &#8211; Adunir, Marilsa Miranda<\/p>\n\n\n\n<figure class=\"wp-block-image size-large\"><img loading=\"lazy\" decoding=\"async\" width=\"1170\" height=\"1617\" data-attachment-id=\"33937\" data-permalink=\"http:\/\/blogdalucianaoliveira.com.br\/blog\/2022\/06\/30\/adunir-defende-o-amplo-debate-sobre-a-implantacao-do-hospital-universitario-na-unir-e-destaca-a-posicao-do-andes-contra-a-ebserh\/823ba924-0939-4c94-8135-8694aa3a77f2\/\" data-orig-file=\"https:\/\/i0.wp.com\/blogdalucianaoliveira.com.br\/blog\/wp-content\/uploads\/2022\/06\/823BA924-0939-4C94-8135-8694AA3A77F2.jpeg?fit=1170%2C1617\" data-orig-size=\"1170,1617\" data-comments-opened=\"0\" data-image-meta=\"{&quot;aperture&quot;:&quot;0&quot;,&quot;credit&quot;:&quot;&quot;,&quot;camera&quot;:&quot;&quot;,&quot;caption&quot;:&quot;&quot;,&quot;created_timestamp&quot;:&quot;0&quot;,&quot;copyright&quot;:&quot;&quot;,&quot;focal_length&quot;:&quot;0&quot;,&quot;iso&quot;:&quot;0&quot;,&quot;shutter_speed&quot;:&quot;0&quot;,&quot;title&quot;:&quot;&quot;,&quot;orientation&quot;:&quot;1&quot;}\" data-image-title=\"823BA924-0939-4C94-8135-8694AA3A77F2\" data-image-description=\"\" data-image-caption=\"\" data-medium-file=\"https:\/\/i0.wp.com\/blogdalucianaoliveira.com.br\/blog\/wp-content\/uploads\/2022\/06\/823BA924-0939-4C94-8135-8694AA3A77F2.jpeg?fit=217%2C300\" data-large-file=\"https:\/\/i0.wp.com\/blogdalucianaoliveira.com.br\/blog\/wp-content\/uploads\/2022\/06\/823BA924-0939-4C94-8135-8694AA3A77F2.jpeg?fit=600%2C829\" src=\"https:\/\/i0.wp.com\/blogdalucianaoliveira.com.br\/blog\/wp-content\/uploads\/2022\/06\/823BA924-0939-4C94-8135-8694AA3A77F2.jpeg?fit=600%2C829\" alt=\"\" class=\"wp-image-33937\" srcset=\"https:\/\/i0.wp.com\/blogdalucianaoliveira.com.br\/blog\/wp-content\/uploads\/2022\/06\/823BA924-0939-4C94-8135-8694AA3A77F2.jpeg?w=1170 1170w, https:\/\/i0.wp.com\/blogdalucianaoliveira.com.br\/blog\/wp-content\/uploads\/2022\/06\/823BA924-0939-4C94-8135-8694AA3A77F2.jpeg?resize=217%2C300 217w, https:\/\/i0.wp.com\/blogdalucianaoliveira.com.br\/blog\/wp-content\/uploads\/2022\/06\/823BA924-0939-4C94-8135-8694AA3A77F2.jpeg?resize=741%2C1024 741w, https:\/\/i0.wp.com\/blogdalucianaoliveira.com.br\/blog\/wp-content\/uploads\/2022\/06\/823BA924-0939-4C94-8135-8694AA3A77F2.jpeg?resize=768%2C1061 768w, https:\/\/i0.wp.com\/blogdalucianaoliveira.com.br\/blog\/wp-content\/uploads\/2022\/06\/823BA924-0939-4C94-8135-8694AA3A77F2.jpeg?resize=1111%2C1536 1111w\" sizes=\"auto, (max-width: 600px) 100vw, 600px\" \/><\/figure>\n\n\n\n<figure class=\"wp-block-image size-large\"><img loading=\"lazy\" decoding=\"async\" width=\"1155\" height=\"1583\" data-attachment-id=\"33940\" data-permalink=\"http:\/\/blogdalucianaoliveira.com.br\/blog\/2022\/06\/30\/adunir-defende-o-amplo-debate-sobre-a-implantacao-do-hospital-universitario-na-unir-e-destaca-a-posicao-do-andes-contra-a-ebserh\/ac9d89d2-284b-4c03-937e-b58b9eb301e1\/\" data-orig-file=\"https:\/\/i0.wp.com\/blogdalucianaoliveira.com.br\/blog\/wp-content\/uploads\/2022\/06\/AC9D89D2-284B-4C03-937E-B58B9EB301E1.jpeg?fit=1155%2C1583\" data-orig-size=\"1155,1583\" data-comments-opened=\"0\" data-image-meta=\"{&quot;aperture&quot;:&quot;0&quot;,&quot;credit&quot;:&quot;&quot;,&quot;camera&quot;:&quot;&quot;,&quot;caption&quot;:&quot;&quot;,&quot;created_timestamp&quot;:&quot;0&quot;,&quot;copyright&quot;:&quot;&quot;,&quot;focal_length&quot;:&quot;0&quot;,&quot;iso&quot;:&quot;0&quot;,&quot;shutter_speed&quot;:&quot;0&quot;,&quot;title&quot;:&quot;&quot;,&quot;orientation&quot;:&quot;1&quot;}\" data-image-title=\"AC9D89D2-284B-4C03-937E-B58B9EB301E1\" data-image-description=\"\" data-image-caption=\"\" data-medium-file=\"https:\/\/i0.wp.com\/blogdalucianaoliveira.com.br\/blog\/wp-content\/uploads\/2022\/06\/AC9D89D2-284B-4C03-937E-B58B9EB301E1.jpeg?fit=219%2C300\" data-large-file=\"https:\/\/i0.wp.com\/blogdalucianaoliveira.com.br\/blog\/wp-content\/uploads\/2022\/06\/AC9D89D2-284B-4C03-937E-B58B9EB301E1.jpeg?fit=600%2C822\" src=\"https:\/\/i0.wp.com\/blogdalucianaoliveira.com.br\/blog\/wp-content\/uploads\/2022\/06\/AC9D89D2-284B-4C03-937E-B58B9EB301E1.jpeg?fit=600%2C822\" alt=\"\" class=\"wp-image-33940\" srcset=\"https:\/\/i0.wp.com\/blogdalucianaoliveira.com.br\/blog\/wp-content\/uploads\/2022\/06\/AC9D89D2-284B-4C03-937E-B58B9EB301E1.jpeg?w=1155 1155w, https:\/\/i0.wp.com\/blogdalucianaoliveira.com.br\/blog\/wp-content\/uploads\/2022\/06\/AC9D89D2-284B-4C03-937E-B58B9EB301E1.jpeg?resize=219%2C300 219w, https:\/\/i0.wp.com\/blogdalucianaoliveira.com.br\/blog\/wp-content\/uploads\/2022\/06\/AC9D89D2-284B-4C03-937E-B58B9EB301E1.jpeg?resize=747%2C1024 747w, https:\/\/i0.wp.com\/blogdalucianaoliveira.com.br\/blog\/wp-content\/uploads\/2022\/06\/AC9D89D2-284B-4C03-937E-B58B9EB301E1.jpeg?resize=768%2C1053 768w, https:\/\/i0.wp.com\/blogdalucianaoliveira.com.br\/blog\/wp-content\/uploads\/2022\/06\/AC9D89D2-284B-4C03-937E-B58B9EB301E1.jpeg?resize=1121%2C1536 1121w\" sizes=\"auto, (max-width: 600px) 100vw, 600px\" \/><\/figure>\n\n\n\n<figure class=\"wp-block-image size-large\"><img loading=\"lazy\" decoding=\"async\" width=\"1170\" height=\"1572\" data-attachment-id=\"33939\" data-permalink=\"http:\/\/blogdalucianaoliveira.com.br\/blog\/2022\/06\/30\/adunir-defende-o-amplo-debate-sobre-a-implantacao-do-hospital-universitario-na-unir-e-destaca-a-posicao-do-andes-contra-a-ebserh\/889fa269-df27-4b8c-a29b-c769233b49cc\/\" data-orig-file=\"https:\/\/i0.wp.com\/blogdalucianaoliveira.com.br\/blog\/wp-content\/uploads\/2022\/06\/889FA269-DF27-4B8C-A29B-C769233B49CC.jpeg?fit=1170%2C1572\" data-orig-size=\"1170,1572\" data-comments-opened=\"0\" data-image-meta=\"{&quot;aperture&quot;:&quot;0&quot;,&quot;credit&quot;:&quot;&quot;,&quot;camera&quot;:&quot;&quot;,&quot;caption&quot;:&quot;&quot;,&quot;created_timestamp&quot;:&quot;0&quot;,&quot;copyright&quot;:&quot;&quot;,&quot;focal_length&quot;:&quot;0&quot;,&quot;iso&quot;:&quot;0&quot;,&quot;shutter_speed&quot;:&quot;0&quot;,&quot;title&quot;:&quot;&quot;,&quot;orientation&quot;:&quot;1&quot;}\" data-image-title=\"889FA269-DF27-4B8C-A29B-C769233B49CC\" data-image-description=\"\" data-image-caption=\"\" data-medium-file=\"https:\/\/i0.wp.com\/blogdalucianaoliveira.com.br\/blog\/wp-content\/uploads\/2022\/06\/889FA269-DF27-4B8C-A29B-C769233B49CC.jpeg?fit=223%2C300\" data-large-file=\"https:\/\/i0.wp.com\/blogdalucianaoliveira.com.br\/blog\/wp-content\/uploads\/2022\/06\/889FA269-DF27-4B8C-A29B-C769233B49CC.jpeg?fit=600%2C806\" src=\"https:\/\/i0.wp.com\/blogdalucianaoliveira.com.br\/blog\/wp-content\/uploads\/2022\/06\/889FA269-DF27-4B8C-A29B-C769233B49CC.jpeg?fit=600%2C806\" alt=\"\" class=\"wp-image-33939\" srcset=\"https:\/\/i0.wp.com\/blogdalucianaoliveira.com.br\/blog\/wp-content\/uploads\/2022\/06\/889FA269-DF27-4B8C-A29B-C769233B49CC.jpeg?w=1170 1170w, https:\/\/i0.wp.com\/blogdalucianaoliveira.com.br\/blog\/wp-content\/uploads\/2022\/06\/889FA269-DF27-4B8C-A29B-C769233B49CC.jpeg?resize=223%2C300 223w, https:\/\/i0.wp.com\/blogdalucianaoliveira.com.br\/blog\/wp-content\/uploads\/2022\/06\/889FA269-DF27-4B8C-A29B-C769233B49CC.jpeg?resize=762%2C1024 762w, https:\/\/i0.wp.com\/blogdalucianaoliveira.com.br\/blog\/wp-content\/uploads\/2022\/06\/889FA269-DF27-4B8C-A29B-C769233B49CC.jpeg?resize=768%2C1032 768w, https:\/\/i0.wp.com\/blogdalucianaoliveira.com.br\/blog\/wp-content\/uploads\/2022\/06\/889FA269-DF27-4B8C-A29B-C769233B49CC.jpeg?resize=1143%2C1536 1143w\" sizes=\"auto, (max-width: 600px) 100vw, 600px\" \/><\/figure>\n\n\n\n<figure class=\"wp-block-image size-large\"><img loading=\"lazy\" decoding=\"async\" width=\"1121\" height=\"1568\" data-attachment-id=\"33938\" data-permalink=\"http:\/\/blogdalucianaoliveira.com.br\/blog\/2022\/06\/30\/adunir-defende-o-amplo-debate-sobre-a-implantacao-do-hospital-universitario-na-unir-e-destaca-a-posicao-do-andes-contra-a-ebserh\/8ddfc584-9545-4916-8ddb-5c229d31ffff\/\" data-orig-file=\"https:\/\/i0.wp.com\/blogdalucianaoliveira.com.br\/blog\/wp-content\/uploads\/2022\/06\/8DDFC584-9545-4916-8DDB-5C229D31FFFF.jpeg?fit=1121%2C1568\" data-orig-size=\"1121,1568\" data-comments-opened=\"0\" data-image-meta=\"{&quot;aperture&quot;:&quot;0&quot;,&quot;credit&quot;:&quot;&quot;,&quot;camera&quot;:&quot;&quot;,&quot;caption&quot;:&quot;&quot;,&quot;created_timestamp&quot;:&quot;0&quot;,&quot;copyright&quot;:&quot;&quot;,&quot;focal_length&quot;:&quot;0&quot;,&quot;iso&quot;:&quot;0&quot;,&quot;shutter_speed&quot;:&quot;0&quot;,&quot;title&quot;:&quot;&quot;,&quot;orientation&quot;:&quot;1&quot;}\" data-image-title=\"8DDFC584-9545-4916-8DDB-5C229D31FFFF\" data-image-description=\"\" data-image-caption=\"\" data-medium-file=\"https:\/\/i0.wp.com\/blogdalucianaoliveira.com.br\/blog\/wp-content\/uploads\/2022\/06\/8DDFC584-9545-4916-8DDB-5C229D31FFFF.jpeg?fit=214%2C300\" data-large-file=\"https:\/\/i0.wp.com\/blogdalucianaoliveira.com.br\/blog\/wp-content\/uploads\/2022\/06\/8DDFC584-9545-4916-8DDB-5C229D31FFFF.jpeg?fit=600%2C839\" src=\"https:\/\/i0.wp.com\/blogdalucianaoliveira.com.br\/blog\/wp-content\/uploads\/2022\/06\/8DDFC584-9545-4916-8DDB-5C229D31FFFF.jpeg?fit=600%2C839\" alt=\"\" class=\"wp-image-33938\" srcset=\"https:\/\/i0.wp.com\/blogdalucianaoliveira.com.br\/blog\/wp-content\/uploads\/2022\/06\/8DDFC584-9545-4916-8DDB-5C229D31FFFF.jpeg?w=1121 1121w, https:\/\/i0.wp.com\/blogdalucianaoliveira.com.br\/blog\/wp-content\/uploads\/2022\/06\/8DDFC584-9545-4916-8DDB-5C229D31FFFF.jpeg?resize=214%2C300 214w, https:\/\/i0.wp.com\/blogdalucianaoliveira.com.br\/blog\/wp-content\/uploads\/2022\/06\/8DDFC584-9545-4916-8DDB-5C229D31FFFF.jpeg?resize=732%2C1024 732w, https:\/\/i0.wp.com\/blogdalucianaoliveira.com.br\/blog\/wp-content\/uploads\/2022\/06\/8DDFC584-9545-4916-8DDB-5C229D31FFFF.jpeg?resize=768%2C1074 768w, https:\/\/i0.wp.com\/blogdalucianaoliveira.com.br\/blog\/wp-content\/uploads\/2022\/06\/8DDFC584-9545-4916-8DDB-5C229D31FFFF.jpeg?resize=1098%2C1536 1098w\" sizes=\"auto, (max-width: 600px) 100vw, 600px\" \/><\/figure>\n","protected":false},"excerpt":{"rendered":"<p>A Funda\u00e7\u00e3o Universidade Federal de Rond\u00f4nia, precisa e muito de um Hospital Universit\u00e1rio para fortalecer e dar maior suporte aos seus cursos da \u00e1rea de sa\u00fade principalmente ao curso de Medicina. A comunidade Universit\u00e1ria tem consci\u00eancia disso, e a sociedade rondoniense precisa desses servi\u00e7os.<\/p>\n","protected":false},"author":1,"featured_media":0,"comment_status":"closed","ping_status":"open","sticky":false,"template":"","format":"standard","meta":{"_exactmetrics_skip_tracking":false,"_exactmetrics_sitenote_active":false,"_exactmetrics_sitenote_note":"","_exactmetrics_sitenote_category":0,"jetpack_post_was_ever_published":false,"_jetpack_newsletter_access":"","_jetpack_dont_email_post_to_subs":false,"_jetpack_newsletter_tier_id":0,"_jetpack_memberships_contains_paywalled_content":false,"_jetpack_memberships_contains_paid_content":false,"footnotes":"","jetpack_publicize_message":"","jetpack_publicize_feature_enabled":true,"jetpack_social_post_already_shared":true,"jetpack_social_options":{"image_generator_settings":{"template":"highway","enabled":false},"version":2}},"categories":[1],"tags":[244],"class_list":["post-33930","post","type-post","status-publish","format-standard","hentry","category-notas","tag-unir"],"jetpack_publicize_connections":[],"jetpack_sharing_enabled":true,"jetpack_featured_media_url":"","jetpack_shortlink":"https:\/\/wp.me\/p7wKYW-8Pg","jetpack-related-posts":[],"_links":{"self":[{"href":"http:\/\/blogdalucianaoliveira.com.br\/blog\/wp-json\/wp\/v2\/posts\/33930","targetHints":{"allow":["GET"]}}],"collection":[{"href":"http:\/\/blogdalucianaoliveira.com.br\/blog\/wp-json\/wp\/v2\/posts"}],"about":[{"href":"http:\/\/blogdalucianaoliveira.com.br\/blog\/wp-json\/wp\/v2\/types\/post"}],"author":[{"embeddable":true,"href":"http:\/\/blogdalucianaoliveira.com.br\/blog\/wp-json\/wp\/v2\/users\/1"}],"replies":[{"embeddable":true,"href":"http:\/\/blogdalucianaoliveira.com.br\/blog\/wp-json\/wp\/v2\/comments?post=33930"}],"version-history":[{"count":2,"href":"http:\/\/blogdalucianaoliveira.com.br\/blog\/wp-json\/wp\/v2\/posts\/33930\/revisions"}],"predecessor-version":[{"id":33941,"href":"http:\/\/blogdalucianaoliveira.com.br\/blog\/wp-json\/wp\/v2\/posts\/33930\/revisions\/33941"}],"wp:attachment":[{"href":"http:\/\/blogdalucianaoliveira.com.br\/blog\/wp-json\/wp\/v2\/media?parent=33930"}],"wp:term":[{"taxonomy":"category","embeddable":true,"href":"http:\/\/blogdalucianaoliveira.com.br\/blog\/wp-json\/wp\/v2\/categories?post=33930"},{"taxonomy":"post_tag","embeddable":true,"href":"http:\/\/blogdalucianaoliveira.com.br\/blog\/wp-json\/wp\/v2\/tags?post=33930"}],"curies":[{"name":"wp","href":"https:\/\/api.w.org\/{rel}","templated":true}]}}