{"id":33942,"date":"2022-07-01T09:09:04","date_gmt":"2022-07-01T13:09:04","guid":{"rendered":"http:\/\/blogdalucianaoliveira.com.br\/blog\/?p=33942"},"modified":"2022-07-01T09:09:10","modified_gmt":"2022-07-01T13:09:10","slug":"na-pandemia-salario-de-mulheres-negras-que-trabalharam-por-conta-propria-foi-menos-da-metade-do-obtido-por-homens-brancos","status":"publish","type":"post","link":"http:\/\/blogdalucianaoliveira.com.br\/blog\/2022\/07\/01\/na-pandemia-salario-de-mulheres-negras-que-trabalharam-por-conta-propria-foi-menos-da-metade-do-obtido-por-homens-brancos\/","title":{"rendered":"NA PANDEMIA, SAL\u00c1RIO DE MULHERES NEGRAS QUE TRABALHARAM POR CONTA PR\u00d3PRIA FOI MENOS DA METADE DO OBTIDO POR HOMENS BRANCOS"},"content":{"rendered":"\n<figure class=\"wp-block-image\"><img data-recalc-dims=\"1\" decoding=\"async\" src=\"https:\/\/i0.wp.com\/piaui.folha.uol.com.br\/wp-content\/uploads\/2022\/06\/05.-Miniposts-Auto%25E2%2595%25A0enomos-na-Pandemia.jpg?w=600&#038;ssl=1\" alt=\"\"\/><\/figure>\n\n\n\n<p><strong>Revista Piau\u00ed<\/strong> &#8211; Durante a pandemia, o abismo das desigualdades de g\u00eanero e ra\u00e7a no pa\u00eds atingiram em cheio as minorias. Essa discrep\u00e2ncia foi sentida na diferen\u00e7a de rendimento m\u00e9dio: o total recebido por mulheres negras no trabalho por conta pr\u00f3pria, tanto antes da pandemia quanto durante, foi menor entre todas as categorias de trabalhadores.\u00a0<\/p>\n\n\n\n<!--more-->\n\n\n\n<p>Uma mulher negra que come\u00e7ou a trabalhar como aut\u00f4noma depois de 2020 recebia metade do rendimento m\u00e9dio de um homem branco: R$ 994 para elas, em m\u00e9dia, em compara\u00e7\u00e3o com R$ 1.924 para eles. Essa desigualdade j\u00e1 existia e era at\u00e9 um pouco maior antes da crise sanit\u00e1ria: h\u00e1 dois anos ou mais, homens brancos recebiam R$ 2.864, mulheres brancas, R$ 2.368, homens negros, R$ 1.671, e mulheres negras, R$ 1.242.&nbsp;<\/p>\n\n\n\n<p>Confira&nbsp;<a href=\"https:\/\/piaui.folha.uol.com.br\/por-conta-propria-na-pandemia\/\">aqui<\/a>&nbsp;o&nbsp;<em>=igualdades<\/em>&nbsp;completo.<br><\/p>\n","protected":false},"excerpt":{"rendered":"<p>Revista Piau\u00ed &#8211; Durante a pandemia, o abismo das desigualdades de g\u00eanero e ra\u00e7a no pa\u00eds atingiram em cheio as minorias. Essa discrep\u00e2ncia foi sentida na diferen\u00e7a de rendimento m\u00e9dio: o total recebido por mulheres negras no trabalho por conta pr\u00f3pria, tanto antes da pandemia quanto durante, foi menor entre todas as categorias de trabalhadores.\u00a0<\/p>\n","protected":false},"author":1,"featured_media":0,"comment_status":"closed","ping_status":"open","sticky":false,"template":"","format":"standard","meta":{"_exactmetrics_skip_tracking":false,"_exactmetrics_sitenote_active":false,"_exactmetrics_sitenote_note":"","_exactmetrics_sitenote_category":0,"jetpack_post_was_ever_published":false,"_jetpack_newsletter_access":"","_jetpack_dont_email_post_to_subs":false,"_jetpack_newsletter_tier_id":0,"_jetpack_memberships_contains_paywalled_content":false,"_jetpack_memberships_contains_paid_content":false,"footnotes":"","jetpack_publicize_message":"","jetpack_publicize_feature_enabled":true,"jetpack_social_post_already_shared":true,"jetpack_social_options":{"image_generator_settings":{"template":"highway","enabled":false},"version":2}},"categories":[1],"tags":[],"class_list":["post-33942","post","type-post","status-publish","format-standard","hentry","category-notas"],"jetpack_publicize_connections":[],"jetpack_sharing_enabled":true,"jetpack_featured_media_url":"","jetpack_shortlink":"https:\/\/wp.me\/p7wKYW-8Ps","jetpack-related-posts":[],"_links":{"self":[{"href":"http:\/\/blogdalucianaoliveira.com.br\/blog\/wp-json\/wp\/v2\/posts\/33942","targetHints":{"allow":["GET"]}}],"collection":[{"href":"http:\/\/blogdalucianaoliveira.com.br\/blog\/wp-json\/wp\/v2\/posts"}],"about":[{"href":"http:\/\/blogdalucianaoliveira.com.br\/blog\/wp-json\/wp\/v2\/types\/post"}],"author":[{"embeddable":true,"href":"http:\/\/blogdalucianaoliveira.com.br\/blog\/wp-json\/wp\/v2\/users\/1"}],"replies":[{"embeddable":true,"href":"http:\/\/blogdalucianaoliveira.com.br\/blog\/wp-json\/wp\/v2\/comments?post=33942"}],"version-history":[{"count":1,"href":"http:\/\/blogdalucianaoliveira.com.br\/blog\/wp-json\/wp\/v2\/posts\/33942\/revisions"}],"predecessor-version":[{"id":33943,"href":"http:\/\/blogdalucianaoliveira.com.br\/blog\/wp-json\/wp\/v2\/posts\/33942\/revisions\/33943"}],"wp:attachment":[{"href":"http:\/\/blogdalucianaoliveira.com.br\/blog\/wp-json\/wp\/v2\/media?parent=33942"}],"wp:term":[{"taxonomy":"category","embeddable":true,"href":"http:\/\/blogdalucianaoliveira.com.br\/blog\/wp-json\/wp\/v2\/categories?post=33942"},{"taxonomy":"post_tag","embeddable":true,"href":"http:\/\/blogdalucianaoliveira.com.br\/blog\/wp-json\/wp\/v2\/tags?post=33942"}],"curies":[{"name":"wp","href":"https:\/\/api.w.org\/{rel}","templated":true}]}}