{"id":33949,"date":"2022-07-03T12:28:27","date_gmt":"2022-07-03T16:28:27","guid":{"rendered":"http:\/\/blogdalucianaoliveira.com.br\/blog\/?p=33949"},"modified":"2022-07-03T12:28:31","modified_gmt":"2022-07-03T16:28:31","slug":"grupo-as-de-saias-lanca-clipe-de-cancao-tecnobrega","status":"publish","type":"post","link":"http:\/\/blogdalucianaoliveira.com.br\/blog\/2022\/07\/03\/grupo-as-de-saias-lanca-clipe-de-cancao-tecnobrega\/","title":{"rendered":"Grupo As de Saias lan\u00e7a clipe de can\u00e7\u00e3o tecnobrega"},"content":{"rendered":"\n<figure class=\"wp-block-image size-large\"><img data-recalc-dims=\"1\" loading=\"lazy\" decoding=\"async\" width=\"600\" height=\"600\" data-attachment-id=\"33952\" data-permalink=\"http:\/\/blogdalucianaoliveira.com.br\/blog\/2022\/07\/03\/grupo-as-de-saias-lanca-clipe-de-cancao-tecnobrega\/b4d4353f-82dd-4d4f-94c8-97f87e9c4762\/\" data-orig-file=\"https:\/\/i0.wp.com\/blogdalucianaoliveira.com.br\/blog\/wp-content\/uploads\/2022\/07\/B4D4353F-82DD-4D4F-94C8-97F87E9C4762.jpeg?fit=640%2C640\" data-orig-size=\"640,640\" data-comments-opened=\"0\" data-image-meta=\"{&quot;aperture&quot;:&quot;0&quot;,&quot;credit&quot;:&quot;&quot;,&quot;camera&quot;:&quot;&quot;,&quot;caption&quot;:&quot;&quot;,&quot;created_timestamp&quot;:&quot;0&quot;,&quot;copyright&quot;:&quot;&quot;,&quot;focal_length&quot;:&quot;0&quot;,&quot;iso&quot;:&quot;0&quot;,&quot;shutter_speed&quot;:&quot;0&quot;,&quot;title&quot;:&quot;&quot;,&quot;orientation&quot;:&quot;1&quot;}\" data-image-title=\"B4D4353F-82DD-4D4F-94C8-97F87E9C4762\" data-image-description=\"\" data-image-caption=\"\" data-medium-file=\"https:\/\/i0.wp.com\/blogdalucianaoliveira.com.br\/blog\/wp-content\/uploads\/2022\/07\/B4D4353F-82DD-4D4F-94C8-97F87E9C4762.jpeg?fit=300%2C300\" data-large-file=\"https:\/\/i0.wp.com\/blogdalucianaoliveira.com.br\/blog\/wp-content\/uploads\/2022\/07\/B4D4353F-82DD-4D4F-94C8-97F87E9C4762.jpeg?fit=600%2C600\" src=\"https:\/\/i0.wp.com\/blogdalucianaoliveira.com.br\/blog\/wp-content\/uploads\/2022\/07\/B4D4353F-82DD-4D4F-94C8-97F87E9C4762.jpeg?resize=600%2C600\" alt=\"\" class=\"wp-image-33952\" srcset=\"https:\/\/i0.wp.com\/blogdalucianaoliveira.com.br\/blog\/wp-content\/uploads\/2022\/07\/B4D4353F-82DD-4D4F-94C8-97F87E9C4762.jpeg?w=640 640w, https:\/\/i0.wp.com\/blogdalucianaoliveira.com.br\/blog\/wp-content\/uploads\/2022\/07\/B4D4353F-82DD-4D4F-94C8-97F87E9C4762.jpeg?resize=300%2C300 300w, https:\/\/i0.wp.com\/blogdalucianaoliveira.com.br\/blog\/wp-content\/uploads\/2022\/07\/B4D4353F-82DD-4D4F-94C8-97F87E9C4762.jpeg?resize=150%2C150 150w\" sizes=\"auto, (max-width: 600px) 100vw, 600px\" \/><\/figure>\n\n\n\n<p><em>Cantores porto-velhenses estreiam clipe com tem\u00e1tica&nbsp;<\/em>LGBTQIAP+<em>&nbsp;gravado no Forroz\u00e3o da Ponte<\/em><\/p>\n\n\n\n<!--more-->\n\n\n\n<p>O grupo As de Saias acaba de lan\u00e7ar o videoclipe da can\u00e7\u00e3o tecnobrega \u201cN\u00f3\u201d, dirigido por Juraci J\u00fanior, em uma coprodu\u00e7\u00e3o entre Casa do Rio Filmes e Casa Quatro V\u00eddeos. O v\u00eddeo apresenta a hist\u00f3ria de um casal homoafetivo, com seus encontros e desencontros, em meio a locais marcantes da cidade, como o Mercado do Pescado, o Porto do Cai n&#8217;\u00c1gua, a Ponte sobre o Rio Madeira e o agitado Forroz\u00e3o da Ponte. &nbsp;&nbsp;<\/p>\n\n\n\n<p>A can\u00e7\u00e3o \u201cN\u00f3\u201d faz parte do primeiro EP, hom\u00f4nimo, do grupo As de Saias, que conta ainda com \u201cLivre Amor\u201d, uma composi\u00e7\u00e3o de Adailtom Alves e Alexandre Falc\u00e3o (que assinam tamb\u00e9m a primeira can\u00e7\u00e3o) &#8211; um chamado para que todas as pessoas, que assim desejarem, possam constituir relacionamentos de forma mais ampla, libert\u00e1ria e consciente. No EP, o grupo conta ainda com a participa\u00e7\u00e3o especial, nos vocais, da professora, musicista e pesquisadora da Universidade Federal de Rond\u00f4nia (UNIR) Jussara Trindade; dos arranjos vocais do maestro e m\u00fasico paulista Renato Spinosa; e dos arranjos instrumentais e produ\u00e7\u00e3o musical do reconhecido m\u00fasico rondoniense Thiago Maziero, do est\u00fadio Ecos da Oca.&nbsp;<\/p>\n\n\n\n<p>As can\u00e7\u00f5es do primeiro EP do grupo As de Saias est\u00e3o dispon\u00edveis no canal de Youtube do Grupo:&nbsp;<a href=\"https:\/\/www.youtube.com\/watch?v=SEeid-c-1X0\">https:\/\/www.youtube.com\/watch?v=SEeid-c-1X0<\/a>&nbsp;e nas principais plataformas de streaming de m\u00fasicas.<\/p>\n\n\n\n<p>Com bom humor, \u201cdor de cotovelo\u201d e doses de ativismo, o grupo As de Saias busca cantar o rid\u00edculo e a beleza da condi\u00e7\u00e3o humana e de nossos confusos relacionamentos afetivos. \u00a0Al\u00e9m disso, o grupo busca pautar a tem\u00e1tica LGBTQIAP+ e performances de g\u00eanero n\u00e3o dominantes, como via de afirma\u00e7\u00e3o da pluralidade social e de den\u00fancia da viol\u00eancia a que historicamente foram submetidas as popula\u00e7\u00f5es que performam sexualidade e g\u00eaneros dissidentes, exclu\u00eddas do direito de amar ou de condi\u00e7\u00f5es igualit\u00e1rias de constituir fam\u00edlia e estabelecer relacionamentos afetivos.<\/p>\n\n\n\n<p>assista:<\/p>\n\n\n\n<figure class=\"wp-block-embed-youtube wp-block-embed is-type-video is-provider-youtube wp-embed-aspect-16-9 wp-has-aspect-ratio\"><div class=\"wp-block-embed__wrapper\">\n<div class=\"jetpack-video-wrapper\"><iframe loading=\"lazy\" title=\"As de Saias - N\u00f3 (Videoclipe Oficial)\" width=\"600\" height=\"338\" src=\"https:\/\/www.youtube.com\/embed\/SEeid-c-1X0?feature=oembed\" frameborder=\"0\" allow=\"accelerometer; autoplay; clipboard-write; encrypted-media; gyroscope; picture-in-picture; web-share\" referrerpolicy=\"strict-origin-when-cross-origin\" allowfullscreen><\/iframe><\/div>\n<\/div><\/figure>\n\n\n\n<p><strong>O GRUPO<\/strong><\/p>\n\n\n\n<p>O grupo As de Saias, criado em Porto Velho em 2015 (ainda com o nome Trio de Saias), por Adailtom Alves, Alexandre Falc\u00e3o e Selma Pavanelli, dedicou-se inicialmente a covers de cl\u00e1ssicos do repert\u00f3rio brega e rom\u00e2ntico e tamb\u00e9m de can\u00e7\u00f5es que podem ser relacionadas ao ativismo LGBTQIAP+. Aos poucos, can\u00e7\u00f5es autorais de integrantes do grupo come\u00e7aram a surgir e tamb\u00e9m foram inseridas nas apresenta\u00e7\u00f5es.<\/p>\n\n\n\n<p>O projeto de lan\u00e7amento do primeiro EP do Grupo As de Saias foi contemplado pelo Edital n\u00ba 31\/2021\/SEJUCEL-CODEC &#8211; 2\u00aa edi\u00e7\u00e3o Marechal Rondon &#8211; Pr\u00eamio de produ\u00e7\u00e3o liter\u00e1ria, fonogr\u00e1fica e digital para difus\u00e3o de express\u00f5es culturais, Eixo II &#8211; Grava\u00e7\u00e3o de m\u00fasicas e v\u00eddeos, categoria J \u2013 EP + V\u00eddeo. Lei Federal n\u00ba 14.017\/2020, Lei Aldir Blanc, Governo do Estado de Rond\u00f4nia\/Superintend\u00eancia da Juventude, Cultura, Esporte e Lazer \u2013 Sejucel, e conta com a produ\u00e7\u00e3o geral de Selma Pavanelli e Stephanie Matos.\u00a0<br><\/p>\n\n\n\n<figure class=\"wp-block-image size-large\"><img loading=\"lazy\" decoding=\"async\" width=\"1920\" height=\"1080\" data-attachment-id=\"33951\" data-permalink=\"http:\/\/blogdalucianaoliveira.com.br\/blog\/2022\/07\/03\/grupo-as-de-saias-lanca-clipe-de-cancao-tecnobrega\/0eb4e080-0555-411f-92bd-7dbcbdce4d62\/\" data-orig-file=\"https:\/\/i0.wp.com\/blogdalucianaoliveira.com.br\/blog\/wp-content\/uploads\/2022\/07\/0EB4E080-0555-411F-92BD-7DBCBDCE4D62.png?fit=1920%2C1080\" data-orig-size=\"1920,1080\" data-comments-opened=\"0\" data-image-meta=\"{&quot;aperture&quot;:&quot;0&quot;,&quot;credit&quot;:&quot;&quot;,&quot;camera&quot;:&quot;&quot;,&quot;caption&quot;:&quot;&quot;,&quot;created_timestamp&quot;:&quot;0&quot;,&quot;copyright&quot;:&quot;&quot;,&quot;focal_length&quot;:&quot;0&quot;,&quot;iso&quot;:&quot;0&quot;,&quot;shutter_speed&quot;:&quot;0&quot;,&quot;title&quot;:&quot;&quot;,&quot;orientation&quot;:&quot;0&quot;}\" data-image-title=\"0EB4E080-0555-411F-92BD-7DBCBDCE4D62\" data-image-description=\"\" data-image-caption=\"\" data-medium-file=\"https:\/\/i0.wp.com\/blogdalucianaoliveira.com.br\/blog\/wp-content\/uploads\/2022\/07\/0EB4E080-0555-411F-92BD-7DBCBDCE4D62.png?fit=300%2C169\" data-large-file=\"https:\/\/i0.wp.com\/blogdalucianaoliveira.com.br\/blog\/wp-content\/uploads\/2022\/07\/0EB4E080-0555-411F-92BD-7DBCBDCE4D62.png?fit=600%2C338\" src=\"https:\/\/i1.wp.com\/blogdalucianaoliveira.com.br\/blog\/wp-content\/uploads\/2022\/07\/0EB4E080-0555-411F-92BD-7DBCBDCE4D62.png?fit=600%2C338\" alt=\"\" class=\"wp-image-33951\" srcset=\"https:\/\/i0.wp.com\/blogdalucianaoliveira.com.br\/blog\/wp-content\/uploads\/2022\/07\/0EB4E080-0555-411F-92BD-7DBCBDCE4D62.png?w=1920 1920w, https:\/\/i0.wp.com\/blogdalucianaoliveira.com.br\/blog\/wp-content\/uploads\/2022\/07\/0EB4E080-0555-411F-92BD-7DBCBDCE4D62.png?resize=300%2C169 300w, https:\/\/i0.wp.com\/blogdalucianaoliveira.com.br\/blog\/wp-content\/uploads\/2022\/07\/0EB4E080-0555-411F-92BD-7DBCBDCE4D62.png?resize=1024%2C576 1024w, https:\/\/i0.wp.com\/blogdalucianaoliveira.com.br\/blog\/wp-content\/uploads\/2022\/07\/0EB4E080-0555-411F-92BD-7DBCBDCE4D62.png?resize=768%2C432 768w, https:\/\/i0.wp.com\/blogdalucianaoliveira.com.br\/blog\/wp-content\/uploads\/2022\/07\/0EB4E080-0555-411F-92BD-7DBCBDCE4D62.png?resize=1536%2C864 1536w, https:\/\/i0.wp.com\/blogdalucianaoliveira.com.br\/blog\/wp-content\/uploads\/2022\/07\/0EB4E080-0555-411F-92BD-7DBCBDCE4D62.png?resize=533%2C300 533w, https:\/\/i0.wp.com\/blogdalucianaoliveira.com.br\/blog\/wp-content\/uploads\/2022\/07\/0EB4E080-0555-411F-92BD-7DBCBDCE4D62.png?w=1200 1200w, https:\/\/i0.wp.com\/blogdalucianaoliveira.com.br\/blog\/wp-content\/uploads\/2022\/07\/0EB4E080-0555-411F-92BD-7DBCBDCE4D62.png?w=1800 1800w\" sizes=\"auto, (max-width: 600px) 100vw, 600px\" \/><\/figure>\n\n\n\n<p><strong>Informa\u00e7\u00f5es:&nbsp;<\/strong><\/p>\n\n\n\n<p>Selma Pavanelli (69 98164-3332) e Stephanie Matos (69 98425-6408)<\/p>\n\n\n\n<p>Instagram: @asdesaias<\/p>\n\n\n\n<p><strong>Fonte<\/strong>: As de Saias<\/p>\n","protected":false},"excerpt":{"rendered":"<p>Cantores porto-velhenses estreiam clipe com tem\u00e1tica&nbsp;LGBTQIAP+&nbsp;gravado no Forroz\u00e3o da Ponte<\/p>\n","protected":false},"author":1,"featured_media":0,"comment_status":"closed","ping_status":"open","sticky":false,"template":"","format":"standard","meta":{"_exactmetrics_skip_tracking":false,"_exactmetrics_sitenote_active":false,"_exactmetrics_sitenote_note":"","_exactmetrics_sitenote_category":0,"jetpack_post_was_ever_published":false,"_jetpack_newsletter_access":"","_jetpack_dont_email_post_to_subs":false,"_jetpack_newsletter_tier_id":0,"_jetpack_memberships_contains_paywalled_content":false,"_jetpack_memberships_contains_paid_content":false,"footnotes":"","jetpack_publicize_message":"","jetpack_publicize_feature_enabled":true,"jetpack_social_post_already_shared":true,"jetpack_social_options":{"image_generator_settings":{"template":"highway","enabled":false},"version":2}},"categories":[1],"tags":[762,658],"class_list":["post-33949","post","type-post","status-publish","format-standard","hentry","category-notas","tag-as-de-saias","tag-lgbtqia"],"jetpack_publicize_connections":[],"jetpack_sharing_enabled":true,"jetpack_featured_media_url":"","jetpack_shortlink":"https:\/\/wp.me\/p7wKYW-8Pz","jetpack-related-posts":[],"_links":{"self":[{"href":"http:\/\/blogdalucianaoliveira.com.br\/blog\/wp-json\/wp\/v2\/posts\/33949","targetHints":{"allow":["GET"]}}],"collection":[{"href":"http:\/\/blogdalucianaoliveira.com.br\/blog\/wp-json\/wp\/v2\/posts"}],"about":[{"href":"http:\/\/blogdalucianaoliveira.com.br\/blog\/wp-json\/wp\/v2\/types\/post"}],"author":[{"embeddable":true,"href":"http:\/\/blogdalucianaoliveira.com.br\/blog\/wp-json\/wp\/v2\/users\/1"}],"replies":[{"embeddable":true,"href":"http:\/\/blogdalucianaoliveira.com.br\/blog\/wp-json\/wp\/v2\/comments?post=33949"}],"version-history":[{"count":1,"href":"http:\/\/blogdalucianaoliveira.com.br\/blog\/wp-json\/wp\/v2\/posts\/33949\/revisions"}],"predecessor-version":[{"id":33953,"href":"http:\/\/blogdalucianaoliveira.com.br\/blog\/wp-json\/wp\/v2\/posts\/33949\/revisions\/33953"}],"wp:attachment":[{"href":"http:\/\/blogdalucianaoliveira.com.br\/blog\/wp-json\/wp\/v2\/media?parent=33949"}],"wp:term":[{"taxonomy":"category","embeddable":true,"href":"http:\/\/blogdalucianaoliveira.com.br\/blog\/wp-json\/wp\/v2\/categories?post=33949"},{"taxonomy":"post_tag","embeddable":true,"href":"http:\/\/blogdalucianaoliveira.com.br\/blog\/wp-json\/wp\/v2\/tags?post=33949"}],"curies":[{"name":"wp","href":"https:\/\/api.w.org\/{rel}","templated":true}]}}