{"id":33964,"date":"2022-07-08T08:59:40","date_gmt":"2022-07-08T12:59:40","guid":{"rendered":"http:\/\/blogdalucianaoliveira.com.br\/blog\/?p=33964"},"modified":"2022-07-08T08:59:44","modified_gmt":"2022-07-08T12:59:44","slug":"amazonia-legal-tem-recorde-de-alerta-de-desmate-para-junho-aponta-inpe","status":"publish","type":"post","link":"http:\/\/blogdalucianaoliveira.com.br\/blog\/2022\/07\/08\/amazonia-legal-tem-recorde-de-alerta-de-desmate-para-junho-aponta-inpe\/","title":{"rendered":"Amaz\u00f4nia Legal tem recorde de alerta de desmate para junho, aponta Inpe"},"content":{"rendered":"\n<figure class=\"wp-block-image size-large\"><img data-recalc-dims=\"1\" loading=\"lazy\" decoding=\"async\" width=\"600\" height=\"428\" data-attachment-id=\"33965\" data-permalink=\"http:\/\/blogdalucianaoliveira.com.br\/blog\/2022\/07\/08\/amazonia-legal-tem-recorde-de-alerta-de-desmate-para-junho-aponta-inpe\/b2363908-e811-4c75-8203-9faee035899e\/\" data-orig-file=\"https:\/\/i0.wp.com\/blogdalucianaoliveira.com.br\/blog\/wp-content\/uploads\/2022\/07\/B2363908-E811-4C75-8203-9FAEE035899E.jpeg?fit=941%2C672\" data-orig-size=\"941,672\" data-comments-opened=\"0\" data-image-meta=\"{&quot;aperture&quot;:&quot;0&quot;,&quot;credit&quot;:&quot;&quot;,&quot;camera&quot;:&quot;&quot;,&quot;caption&quot;:&quot;&quot;,&quot;created_timestamp&quot;:&quot;0&quot;,&quot;copyright&quot;:&quot;&quot;,&quot;focal_length&quot;:&quot;0&quot;,&quot;iso&quot;:&quot;0&quot;,&quot;shutter_speed&quot;:&quot;0&quot;,&quot;title&quot;:&quot;&quot;,&quot;orientation&quot;:&quot;0&quot;}\" data-image-title=\"B2363908-E811-4C75-8203-9FAEE035899E\" data-image-description=\"\" data-image-caption=\"\" data-medium-file=\"https:\/\/i0.wp.com\/blogdalucianaoliveira.com.br\/blog\/wp-content\/uploads\/2022\/07\/B2363908-E811-4C75-8203-9FAEE035899E.jpeg?fit=300%2C214\" data-large-file=\"https:\/\/i0.wp.com\/blogdalucianaoliveira.com.br\/blog\/wp-content\/uploads\/2022\/07\/B2363908-E811-4C75-8203-9FAEE035899E.jpeg?fit=600%2C428\" src=\"https:\/\/i0.wp.com\/blogdalucianaoliveira.com.br\/blog\/wp-content\/uploads\/2022\/07\/B2363908-E811-4C75-8203-9FAEE035899E.jpeg?resize=600%2C428\" alt=\"\" class=\"wp-image-33965\" srcset=\"https:\/\/i0.wp.com\/blogdalucianaoliveira.com.br\/blog\/wp-content\/uploads\/2022\/07\/B2363908-E811-4C75-8203-9FAEE035899E.jpeg?w=941 941w, https:\/\/i0.wp.com\/blogdalucianaoliveira.com.br\/blog\/wp-content\/uploads\/2022\/07\/B2363908-E811-4C75-8203-9FAEE035899E.jpeg?resize=300%2C214 300w, https:\/\/i0.wp.com\/blogdalucianaoliveira.com.br\/blog\/wp-content\/uploads\/2022\/07\/B2363908-E811-4C75-8203-9FAEE035899E.jpeg?resize=768%2C548 768w, https:\/\/i0.wp.com\/blogdalucianaoliveira.com.br\/blog\/wp-content\/uploads\/2022\/07\/B2363908-E811-4C75-8203-9FAEE035899E.jpeg?resize=420%2C300 420w\" sizes=\"auto, (max-width: 600px) 100vw, 600px\" \/><\/figure>\n\n\n\n<h4 class=\"wp-block-heading\">Foram 1.120 km\u00b2 de \u00e1rea sob alerta de desmatamento.&nbsp;<\/h4>\n\n\n\n<!--more-->\n\n\n\n<hr class=\"wp-block-separator\"\/>\n\n\n\n<p>Por G1 &#8211; A \u00e1rea sob alerta de desmatamento na\u00a0<a href=\"https:\/\/g1.globo.com\/natureza\/amazonia\/\">Amaz\u00f4nia<\/a>\u00a0Legal em junho foi de\u00a0<strong>1.120 km\u00b2 de floresta, a maior para o m\u00eas desde 2016<\/strong>, quando o Instituto Nacional de Pesquisas Espaciais (<a href=\"https:\/\/g1.globo.com\/tudo-sobre\/inpe\/\">Inpe<\/a>) come\u00e7ou o monitoramento no modelo atual.\u00a0<\/p>\n\n\n\n<p>\u00c9 o terceiro ano consecutivo de recorde de \u00e1rea da floresta sob alerta de desmatamento \u2013\u00a0n\u00fameros acima de mil km\u00b2 tamb\u00e9m j\u00e1 haviam sido registrados em 2020 e 2021 (<em>veja gr\u00e1fico<\/em>).\u00a0<br><\/p>\n\n\n\n<p><br><\/p>\n\n\n\n<figure class=\"wp-block-image size-large\"><img loading=\"lazy\" decoding=\"async\" width=\"1170\" height=\"1616\" data-attachment-id=\"33966\" data-permalink=\"http:\/\/blogdalucianaoliveira.com.br\/blog\/2022\/07\/08\/amazonia-legal-tem-recorde-de-alerta-de-desmate-para-junho-aponta-inpe\/be2ccf68-66c0-4266-874f-0f39da76f1c6\/\" data-orig-file=\"https:\/\/i0.wp.com\/blogdalucianaoliveira.com.br\/blog\/wp-content\/uploads\/2022\/07\/BE2CCF68-66C0-4266-874F-0F39DA76F1C6.jpeg?fit=1170%2C1616\" data-orig-size=\"1170,1616\" data-comments-opened=\"0\" data-image-meta=\"{&quot;aperture&quot;:&quot;0&quot;,&quot;credit&quot;:&quot;&quot;,&quot;camera&quot;:&quot;&quot;,&quot;caption&quot;:&quot;&quot;,&quot;created_timestamp&quot;:&quot;0&quot;,&quot;copyright&quot;:&quot;&quot;,&quot;focal_length&quot;:&quot;0&quot;,&quot;iso&quot;:&quot;0&quot;,&quot;shutter_speed&quot;:&quot;0&quot;,&quot;title&quot;:&quot;&quot;,&quot;orientation&quot;:&quot;1&quot;}\" data-image-title=\"BE2CCF68-66C0-4266-874F-0F39DA76F1C6\" data-image-description=\"\" data-image-caption=\"\" data-medium-file=\"https:\/\/i0.wp.com\/blogdalucianaoliveira.com.br\/blog\/wp-content\/uploads\/2022\/07\/BE2CCF68-66C0-4266-874F-0F39DA76F1C6.jpeg?fit=217%2C300\" data-large-file=\"https:\/\/i0.wp.com\/blogdalucianaoliveira.com.br\/blog\/wp-content\/uploads\/2022\/07\/BE2CCF68-66C0-4266-874F-0F39DA76F1C6.jpeg?fit=600%2C829\" src=\"https:\/\/i0.wp.com\/blogdalucianaoliveira.com.br\/blog\/wp-content\/uploads\/2022\/07\/BE2CCF68-66C0-4266-874F-0F39DA76F1C6.jpeg?fit=600%2C829\" alt=\"\" class=\"wp-image-33966\" srcset=\"https:\/\/i0.wp.com\/blogdalucianaoliveira.com.br\/blog\/wp-content\/uploads\/2022\/07\/BE2CCF68-66C0-4266-874F-0F39DA76F1C6.jpeg?w=1170 1170w, https:\/\/i0.wp.com\/blogdalucianaoliveira.com.br\/blog\/wp-content\/uploads\/2022\/07\/BE2CCF68-66C0-4266-874F-0F39DA76F1C6.jpeg?resize=217%2C300 217w, https:\/\/i0.wp.com\/blogdalucianaoliveira.com.br\/blog\/wp-content\/uploads\/2022\/07\/BE2CCF68-66C0-4266-874F-0F39DA76F1C6.jpeg?resize=741%2C1024 741w, https:\/\/i0.wp.com\/blogdalucianaoliveira.com.br\/blog\/wp-content\/uploads\/2022\/07\/BE2CCF68-66C0-4266-874F-0F39DA76F1C6.jpeg?resize=768%2C1061 768w, https:\/\/i0.wp.com\/blogdalucianaoliveira.com.br\/blog\/wp-content\/uploads\/2022\/07\/BE2CCF68-66C0-4266-874F-0F39DA76F1C6.jpeg?resize=1112%2C1536 1112w\" sizes=\"auto, (max-width: 600px) 100vw, 600px\" \/><figcaption>\u00c1rea sob alerta de desmatamento na Amaz\u00f4nia Legal em junho (2016-21)em km\u00b29519516096094884889359351.0431.0431.0621.0621.1201.120jun\/16jun\/17jun\/18jun\/19jun\/20jun\/21jun\/22025050075010001250Fonte: Sistema de Detec\u00e7\u00e3o de Desmatamento em Tempo Real (Deter)\/Instituto Nacional de Pesquisas Espaciais (Inpe)<\/figcaption><\/figure>\n\n\n\n<p>J\u00e1 na semana passada, antes mesmo do fechamento dos dados de junho, o primeiro semestre deste ano j\u00e1 contabilizava a\u00a0<a href=\"https:\/\/g1.globo.com\/meio-ambiente\/noticia\/2022\/07\/01\/amazonia-tem-1o-semestre-de-2021-com-maior-area-sob-alerta-de-desmate-em-7-anos.ghtml\">maior \u00e1rea da Amaz\u00f4nia Legal sob alerta de desmate em 7 anos<\/a>. A\u00a0medi\u00e7\u00e3o oficial do desmatamento, entretanto, \u00e9 feita com os dados de agosto de um ano a julho do ano seguinte, por causa das temporadas de chuva e seca da floresta.<\/p>\n\n\n\n<p>De 1\u00ba de agosto de 2021 a 30 de junho deste ano, o sistema Deter-B do&nbsp;<a href=\"https:\/\/g1.globo.com\/tudo-sobre\/inpe\/\">Inpe<\/a>detectou 7.104 km\u00b2 de floresta sob alerta de desmate. Esse n\u00famero, entretanto, n\u00e3o representa o dado oficial de desmatamento \u2013 que \u00e9 medido plo sistema&nbsp;<strong>Prodes<\/strong>, tamb\u00e9m do&nbsp;<a href=\"https:\/\/g1.globo.com\/tudo-sobre\/inpe\/\">Inpe<\/a>, e que costuma superar os alertas sinalizados pelo Deter.&nbsp;<\/p>\n\n\n\n<p>Na temporada passada, por exemplo \u2013\u00a0de agosto de 2020 a julho de 2021 \u2013,\u00a0<a href=\"https:\/\/g1.globo.com\/meio-ambiente\/noticia\/2021\/11\/18\/desmatamento-na-amazonia-passa-de-13-mil-km-entre-agosto-de-2020-e-julho-de-2021-apontam-dados-do-prodes.ghtml\">o desmatamento oficial medido pelo Prodes ultrapassou os 13 mil km\u00b2<\/a>.<\/p>\n\n\n\n<p>J\u00e1 o Deter, como \u00e9 chamado o Sistema de Detec\u00e7\u00e3o de Desmatamento em Tempo Real do&nbsp;<a href=\"https:\/\/g1.globo.com\/tudo-sobre\/inpe\/\">Inpe<\/a>, produz sinais di\u00e1rios de altera\u00e7\u00e3o na cobertura florestal para \u00e1reas maiores que 3 hectares (0,03 km\u00b2), tanto para \u00e1reas totalmente desmatadas como para aquelas em processo de degrada\u00e7\u00e3o florestal (explora\u00e7\u00e3o de madeira, minera\u00e7\u00e3o, queimadas e outras).&nbsp;<\/p>\n\n\n\n<h2 class=\"wp-block-heading\">Estados que mais desmataram<\/h2>\n\n\n\n<figure class=\"wp-block-image\"><img data-recalc-dims=\"1\" decoding=\"async\" src=\"https:\/\/i0.wp.com\/s2.glbimg.com\/H0UfmLX8XZ9ehqWBGGiEkGVmBjM%3D\/0x0%3A4404x2988\/984x0\/smart\/filters%3Astrip_icc%28%29\/i.s3.glbimg.com\/v1\/AUTH_59edd422c0c84a879bd37670ae4f538a\/internal_photos\/bs\/2021\/z\/2\/qtcnjJTQiZqjSCrBOcEw\/000-97l6xh.jpg?w=600&#038;ssl=1\" alt=\"Queimada em \u00e1rea desmatada em Novo Progresso, no Par\u00e1, em agosto de 2020 \u2014 Foto: CARL DE SOUZA \/ AFP\"\/><\/figure>\n\n\n\n<p>Queimada em \u00e1rea desmatada em Novo Progresso, no Par\u00e1, em agosto de 2020 \u2014 Foto: CARL DE SOUZA \/ AFP<\/p>\n\n\n\n<p><strong>A Amaz\u00f4nia Legal corresponde a 59% do territ\u00f3rio brasileiro<\/strong>&nbsp;e engloba a \u00e1rea de 8 estados (<a href=\"https:\/\/g1.globo.com\/ac\/acre\/\">Acre<\/a>,&nbsp;<a href=\"https:\/\/g1.globo.com\/ap\/amapa\/\">Amap\u00e1<\/a>,&nbsp;<a href=\"https:\/\/g1.globo.com\/am\/amazonas\/\">Amazonas<\/a>,&nbsp;<a href=\"https:\/\/g1.globo.com\/mt\/mato-grosso\/\">Mato Grosso<\/a>,&nbsp;<a href=\"https:\/\/g1.globo.com\/pa\/para\/\">Par\u00e1<\/a>,&nbsp;<a href=\"https:\/\/g1.globo.com\/ro\/rondonia\/\">Rond\u00f4nia<\/a>,&nbsp;<a href=\"https:\/\/g1.globo.com\/rr\/roraima\/\">Roraima<\/a>&nbsp;e&nbsp;<a href=\"https:\/\/g1.globo.com\/to\/tocantins\/\">Tocantins<\/a>) e parte do&nbsp;<a href=\"https:\/\/g1.globo.com\/ma\/maranhao\/\">Maranh\u00e3o<\/a>.&nbsp;<\/p>\n\n\n\n<p>O&nbsp;<a href=\"https:\/\/g1.globo.com\/am\/amazonas\/\">Amazonas<\/a>&nbsp;superou o&nbsp;<a href=\"https:\/\/g1.globo.com\/pa\/para\/\">Par\u00e1<\/a>&nbsp;como estado &#8220;campe\u00e3o&#8221; do desmatamento em junho: o Deter sinalizou 401 km\u00b2 de \u00e1rea sob alerta de desmate no territ\u00f3rio amazonense, contra 381 km\u00b2 no territ\u00f3rio do&nbsp;<a href=\"https:\/\/g1.globo.com\/pa\/para\/\">Par\u00e1<\/a>.&nbsp;<\/p>\n\n\n\n<p>Em terceiro lugar ficou&nbsp;<a href=\"https:\/\/g1.globo.com\/ro\/rondonia\/\">Rond\u00f4nia<\/a>, com 139 km\u00b2 de \u00e1rea sob alerta, e, em quarto,&nbsp;<a href=\"https:\/\/g1.globo.com\/mt\/mato-grosso\/\">Mato Grosso<\/a>, com 116 km\u00b2.&nbsp;<\/p>\n\n\n\n<p>O&nbsp;<a href=\"https:\/\/g1.globo.com\/ac\/acre\/\">Acre<\/a>&nbsp;teve 70 km\u00b2 sob alerta, o&nbsp;<a href=\"https:\/\/g1.globo.com\/ma\/maranhao\/\">Maranh\u00e3o<\/a>, 10 km\u00b2, o&nbsp;<a href=\"https:\/\/g1.globo.com\/to\/tocantins\/\">Tocantins<\/a>, 2 km\u00b2 e&nbsp;<a href=\"https:\/\/g1.globo.com\/rr\/roraima\/\">Roraima<\/a>, 1 km\u00b2. O&nbsp;<a href=\"https:\/\/g1.globo.com\/ap\/amapa\/\">Amap\u00e1<\/a>&nbsp;n\u00e3o teve \u00e1rea sob alerta de desmatamento.&nbsp;<\/p>\n\n\n\n<p><\/p>\n","protected":false},"excerpt":{"rendered":"<p>Foram 1.120 km\u00b2 de \u00e1rea sob alerta de desmatamento.&nbsp;<\/p>\n","protected":false},"author":1,"featured_media":0,"comment_status":"closed","ping_status":"open","sticky":false,"template":"","format":"standard","meta":{"_exactmetrics_skip_tracking":false,"_exactmetrics_sitenote_active":false,"_exactmetrics_sitenote_note":"","_exactmetrics_sitenote_category":0,"jetpack_post_was_ever_published":false,"_jetpack_newsletter_access":"","_jetpack_dont_email_post_to_subs":false,"_jetpack_newsletter_tier_id":0,"_jetpack_memberships_contains_paywalled_content":false,"_jetpack_memberships_contains_paid_content":false,"footnotes":"","jetpack_publicize_message":"","jetpack_publicize_feature_enabled":true,"jetpack_social_post_already_shared":true,"jetpack_social_options":{"image_generator_settings":{"template":"highway","enabled":false},"version":2}},"categories":[1],"tags":[252,387,7],"class_list":["post-33964","post","type-post","status-publish","format-standard","hentry","category-notas","tag-amazonia","tag-desmatamento","tag-rondonia"],"jetpack_publicize_connections":[],"jetpack_sharing_enabled":false,"jetpack_featured_media_url":"","jetpack_shortlink":"https:\/\/wp.me\/p7wKYW-8PO","jetpack-related-posts":[],"_links":{"self":[{"href":"http:\/\/blogdalucianaoliveira.com.br\/blog\/wp-json\/wp\/v2\/posts\/33964","targetHints":{"allow":["GET"]}}],"collection":[{"href":"http:\/\/blogdalucianaoliveira.com.br\/blog\/wp-json\/wp\/v2\/posts"}],"about":[{"href":"http:\/\/blogdalucianaoliveira.com.br\/blog\/wp-json\/wp\/v2\/types\/post"}],"author":[{"embeddable":true,"href":"http:\/\/blogdalucianaoliveira.com.br\/blog\/wp-json\/wp\/v2\/users\/1"}],"replies":[{"embeddable":true,"href":"http:\/\/blogdalucianaoliveira.com.br\/blog\/wp-json\/wp\/v2\/comments?post=33964"}],"version-history":[{"count":1,"href":"http:\/\/blogdalucianaoliveira.com.br\/blog\/wp-json\/wp\/v2\/posts\/33964\/revisions"}],"predecessor-version":[{"id":33967,"href":"http:\/\/blogdalucianaoliveira.com.br\/blog\/wp-json\/wp\/v2\/posts\/33964\/revisions\/33967"}],"wp:attachment":[{"href":"http:\/\/blogdalucianaoliveira.com.br\/blog\/wp-json\/wp\/v2\/media?parent=33964"}],"wp:term":[{"taxonomy":"category","embeddable":true,"href":"http:\/\/blogdalucianaoliveira.com.br\/blog\/wp-json\/wp\/v2\/categories?post=33964"},{"taxonomy":"post_tag","embeddable":true,"href":"http:\/\/blogdalucianaoliveira.com.br\/blog\/wp-json\/wp\/v2\/tags?post=33964"}],"curies":[{"name":"wp","href":"https:\/\/api.w.org\/{rel}","templated":true}]}}