{"id":33975,"date":"2022-07-08T13:55:52","date_gmt":"2022-07-08T17:55:52","guid":{"rendered":"http:\/\/blogdalucianaoliveira.com.br\/blog\/?p=33975"},"modified":"2022-07-08T13:55:57","modified_gmt":"2022-07-08T17:55:57","slug":"carro-de-juiz-atacado-atentado-no-rio-em-minas-e-na-folha-violencia-bolsonarista-avanca-a-meses-das-eleicoes","status":"publish","type":"post","link":"http:\/\/blogdalucianaoliveira.com.br\/blog\/2022\/07\/08\/carro-de-juiz-atacado-atentado-no-rio-em-minas-e-na-folha-violencia-bolsonarista-avanca-a-meses-das-eleicoes\/","title":{"rendered":"Carro de juiz atacado, atentado no Rio, em Minas e na Folha: viol\u00eancia bolsonarista avan\u00e7a a meses das elei\u00e7\u00f5es"},"content":{"rendered":"\n<figure class=\"wp-block-image size-large\"><img loading=\"lazy\" decoding=\"async\" width=\"1250\" height=\"600\" data-attachment-id=\"33976\" data-permalink=\"http:\/\/blogdalucianaoliveira.com.br\/blog\/2022\/07\/08\/carro-de-juiz-atacado-atentado-no-rio-em-minas-e-na-folha-violencia-bolsonarista-avanca-a-meses-das-eleicoes\/86c70996-8225-4788-9de5-e350d54dd190\/\" data-orig-file=\"https:\/\/i0.wp.com\/blogdalucianaoliveira.com.br\/blog\/wp-content\/uploads\/2022\/07\/86C70996-8225-4788-9DE5-E350D54DD190.jpeg?fit=1250%2C600\" data-orig-size=\"1250,600\" data-comments-opened=\"0\" data-image-meta=\"{&quot;aperture&quot;:&quot;0&quot;,&quot;credit&quot;:&quot;&quot;,&quot;camera&quot;:&quot;&quot;,&quot;caption&quot;:&quot;&quot;,&quot;created_timestamp&quot;:&quot;0&quot;,&quot;copyright&quot;:&quot;&quot;,&quot;focal_length&quot;:&quot;0&quot;,&quot;iso&quot;:&quot;0&quot;,&quot;shutter_speed&quot;:&quot;0&quot;,&quot;title&quot;:&quot;&quot;,&quot;orientation&quot;:&quot;0&quot;}\" data-image-title=\"86C70996-8225-4788-9DE5-E350D54DD190\" data-image-description=\"\" data-image-caption=\"\" data-medium-file=\"https:\/\/i0.wp.com\/blogdalucianaoliveira.com.br\/blog\/wp-content\/uploads\/2022\/07\/86C70996-8225-4788-9DE5-E350D54DD190.jpeg?fit=300%2C144\" data-large-file=\"https:\/\/i0.wp.com\/blogdalucianaoliveira.com.br\/blog\/wp-content\/uploads\/2022\/07\/86C70996-8225-4788-9DE5-E350D54DD190.jpeg?fit=600%2C288\" src=\"https:\/\/i0.wp.com\/blogdalucianaoliveira.com.br\/blog\/wp-content\/uploads\/2022\/07\/86C70996-8225-4788-9DE5-E350D54DD190.jpeg?fit=600%2C288\" alt=\"\" class=\"wp-image-33976\" srcset=\"https:\/\/i0.wp.com\/blogdalucianaoliveira.com.br\/blog\/wp-content\/uploads\/2022\/07\/86C70996-8225-4788-9DE5-E350D54DD190.jpeg?w=1250 1250w, https:\/\/i0.wp.com\/blogdalucianaoliveira.com.br\/blog\/wp-content\/uploads\/2022\/07\/86C70996-8225-4788-9DE5-E350D54DD190.jpeg?resize=300%2C144 300w, https:\/\/i0.wp.com\/blogdalucianaoliveira.com.br\/blog\/wp-content\/uploads\/2022\/07\/86C70996-8225-4788-9DE5-E350D54DD190.jpeg?resize=1024%2C492 1024w, https:\/\/i0.wp.com\/blogdalucianaoliveira.com.br\/blog\/wp-content\/uploads\/2022\/07\/86C70996-8225-4788-9DE5-E350D54DD190.jpeg?resize=768%2C369 768w, https:\/\/i0.wp.com\/blogdalucianaoliveira.com.br\/blog\/wp-content\/uploads\/2022\/07\/86C70996-8225-4788-9DE5-E350D54DD190.jpeg?resize=625%2C300 625w, https:\/\/i0.wp.com\/blogdalucianaoliveira.com.br\/blog\/wp-content\/uploads\/2022\/07\/86C70996-8225-4788-9DE5-E350D54DD190.jpeg?w=1200 1200w\" sizes=\"auto, (max-width: 600px) 100vw, 600px\" \/><\/figure>\n\n\n\n<p><strong>Por La\u00eds Gouveia , 247 &#8211;<\/strong>\u00a0Com Jair Bolsonaro em segundo lugar nas pesquisas e com ind\u00edcios de que o ex-presidente Lula poder\u00e1 ganhar j\u00e1 no primeiro turno das elei\u00e7\u00f5es, extremistas aumentam o tom da viol\u00eancia contra os \u00f3rg\u00e3os democr\u00e1ticos brasileiros, seguindo o tom do chefe do executivo brasileiro que recorrentemente d\u00e1 ind\u00edcios que n\u00e3o respeitar\u00e1 o resultado das urnas, inclusive colocando em xeque a seguran\u00e7a e a credibilidade da mesma.\u00a0<br><\/p>\n\n\n\n<!--more-->\n\n\n\n<p>Abaixo, listamos alguns dos atentandos promovidos por extremistas em um curto espa\u00e7o de tempo:\u00a0<\/p>\n\n\n\n<h2 class=\"wp-block-heading\">Atentando na Folha de S.Paulo<\/h2>\n\n\n\n<p>A janela da sede do jornal Folha de S. Paulo foi atingida por um tiro, na noite da \u00faltima quarta-feira (6). O edif\u00edcio fica na regi\u00e3o central de S\u00e3o Paulo. A informa\u00e7\u00e3o foi confirmada pelo pr\u00f3prio jornal.<\/p>\n\n\n\n<p>Agora, o caso \u00e9 investigado pela Pol\u00edcia Civil de S\u00e3o Paulo. Policiais do 77\u00ba Distrito Policial, de Santa Cec\u00edlia, foram ao local nesta quinta. Um proj\u00e9til foi encontrado nas imedia\u00e7\u00f5es da sede do jornal.<\/p>\n\n\n\n<p>Segundo a Folha, por volta das 22h30 de quarta, um proj\u00e9til atingiu a perfurou uma janela da reda\u00e7\u00e3o, que fica no quarto andar do pr\u00e9dio. Jornalistas estavam no local e ouviram um barulho. Ningu\u00e9m foi atingido.<\/p>\n\n\n\n<h2 class=\"wp-block-heading\">Atentado em Minas<\/h2>\n\n\n\n<p>O agropecuarista Rodrigo Luiz Parreira, apontado como um dos autores do ataque com drone a um ato que teria a presen\u00e7a do ex-presidente Luiz In\u00e1cio Lula da Silva (PT) em Uberl\u00e2ndia, no Tri\u00e2ngulo Mineiro, foi preso no s\u00e1bado (2) a pedido do MPF (Minist\u00e9rio P\u00fablico Federal), que investiga o caso.<\/p>\n\n\n\n<p>A pris\u00e3o ocorreu n\u00e3o diretamente por causa do uso do drone, mas pela aquisi\u00e7\u00e3o irregular de armas de fogo identificada pelo MPF. Rodrigo est\u00e1 no Pres\u00eddio Uberl\u00e2ndia 1, segundo a Sejusp (Secretaria de Estado de Justi\u00e7a e Seguran\u00e7a P\u00fablica).<\/p>\n\n\n\n<p>O agropecuarista j\u00e1 tem condena\u00e7\u00e3o por estelionato em Minas Gerais e por roubo em Goi\u00e1s.<\/p>\n\n\n\n<h2 class=\"wp-block-heading\">Atentado no Rio&nbsp;<\/h2>\n\n\n\n<p><a href=\"https:\/\/www.brasil247.com\/regionais\/sudeste\/homem-que-lancou-fogos-de-artificio-em-ato-na-cinelandia-com-lula-tentou-fugir-dos-policiais-mas-foi-encurralado\">O homem que lan\u00e7ou fogos de artif\u00edcio em ato na Cinel\u00e2ndia n<\/a>a noite desta quinta-feira (7) na Cinel\u00e2ndia, regi\u00e3o central do Rio, com a presen\u00e7a de Lula, tentou fugir dos policiais, mas foi encurralado pelos agentes, informou a corpora\u00e7\u00e3o.<\/p>\n\n\n\n<p>Dois artefatos foram atirados contra a plateia que acompanha ato do pr\u00e9-candidato.&nbsp;<\/p>\n\n\n\n<p>Informa\u00e7\u00f5es iniciais davam conta que dois estrondos foram ouvidos no meio da multid\u00e3o, que foi atingida por duas garrafas pets. Em seguida, um mau cheiro tomou conta do local.<\/p>\n\n\n\n<h2 class=\"wp-block-heading\">Atentado contra juiz&nbsp;<\/h2>\n\n\n\n<p><a href=\"https:\/\/www.brasil247.com\/regionais\/brasilia\/carro-de-juiz-que-mandou-prender-o-ex-ministro-milton-ribeiro-e-atacado-por-bolsonaristas-em-brasilia\">Respons\u00e1vel pela ordem de pris\u00e3o do ex-ministro da Educa\u00e7\u00e3o Milton Ribeiro,<\/a>&nbsp;o juiz Renato Borelli, da 15\u00aa Vara da Justi\u00e7a Federal em Bras\u00edlia, foi alvo nesta quinta-feira (7) de um ataque enquanto dirigia, logo ap\u00f3s deixar sua resid\u00eancia na capital federal. No in\u00edcio da tarde, o carro foi atingido por fezes de animais, ovos e terra. As<a href=\"https:\/\/g1.globo.com\/politica\/noticia\/2022\/07\/07\/carro-de-juiz-que-mandou-prender-o-ex-ministro-milton-ribeiro-e-atacado-em-brasilia.ghtml#G1-POST-TOP-1H-item-sel-8,top,8fcfe7ad-d5aa-4046-8a84-2cf14c72255e\">&nbsp;informa\u00e7\u00f5es&nbsp;<\/a>s\u00e3o do portal G1.<\/p>\n\n\n\n<p>O juiz n\u00e3o se feriu. Ele teve a vis\u00e3o prejudicada no momento do ataque porque parte do vidro dianteiro ficou manchado. Mas conseguiu controlar o carro.<\/p>\n\n\n\n<p>Renato Borelli autorizou a opera\u00e7\u00e3o da Pol\u00edcia Federal que no \u00faltimo dia 22 prendeu o ex-ministro da Educa\u00e7\u00e3o e os pastores Arilton Moura e Gilmar Santos, suspeitos de cobrar propina para libera\u00e7\u00e3o de verbas p\u00fablicas do Fundo Nacional de Desenvolvimento da Educa\u00e7\u00e3o, mesmo sem cargos no minist\u00e9rio.<\/p>\n","protected":false},"excerpt":{"rendered":"<p>Por La\u00eds Gouveia , 247 &#8211;\u00a0Com Jair Bolsonaro em segundo lugar nas pesquisas e com ind\u00edcios de que o ex-presidente Lula poder\u00e1 ganhar j\u00e1 no primeiro turno das elei\u00e7\u00f5es, extremistas aumentam o tom da viol\u00eancia contra os \u00f3rg\u00e3os democr\u00e1ticos brasileiros, seguindo o tom do chefe do executivo brasileiro que recorrentemente d\u00e1 ind\u00edcios que n\u00e3o respeitar\u00e1&#8230;<a class=\"more-link\" href=\"http:\/\/blogdalucianaoliveira.com.br\/blog\/2022\/07\/08\/carro-de-juiz-atacado-atentado-no-rio-em-minas-e-na-folha-violencia-bolsonarista-avanca-a-meses-das-eleicoes\/\">Continue a leitura <span class=\"meta-nav\">&raquo;<\/span><\/a><\/p>\n","protected":false},"author":1,"featured_media":0,"comment_status":"closed","ping_status":"open","sticky":false,"template":"","format":"standard","meta":{"_exactmetrics_skip_tracking":false,"_exactmetrics_sitenote_active":false,"_exactmetrics_sitenote_note":"","_exactmetrics_sitenote_category":0,"jetpack_post_was_ever_published":false,"_jetpack_newsletter_access":"","_jetpack_dont_email_post_to_subs":false,"_jetpack_newsletter_tier_id":0,"_jetpack_memberships_contains_paywalled_content":false,"_jetpack_memberships_contains_paid_content":false,"footnotes":"","jetpack_publicize_message":"","jetpack_publicize_feature_enabled":true,"jetpack_social_post_already_shared":true,"jetpack_social_options":{"image_generator_settings":{"template":"highway","enabled":false},"version":2}},"categories":[1],"tags":[765],"class_list":["post-33975","post","type-post","status-publish","format-standard","hentry","category-notas","tag-brasil-247"],"jetpack_publicize_connections":[],"jetpack_sharing_enabled":true,"jetpack_featured_media_url":"","jetpack_shortlink":"https:\/\/wp.me\/p7wKYW-8PZ","jetpack-related-posts":[],"_links":{"self":[{"href":"http:\/\/blogdalucianaoliveira.com.br\/blog\/wp-json\/wp\/v2\/posts\/33975","targetHints":{"allow":["GET"]}}],"collection":[{"href":"http:\/\/blogdalucianaoliveira.com.br\/blog\/wp-json\/wp\/v2\/posts"}],"about":[{"href":"http:\/\/blogdalucianaoliveira.com.br\/blog\/wp-json\/wp\/v2\/types\/post"}],"author":[{"embeddable":true,"href":"http:\/\/blogdalucianaoliveira.com.br\/blog\/wp-json\/wp\/v2\/users\/1"}],"replies":[{"embeddable":true,"href":"http:\/\/blogdalucianaoliveira.com.br\/blog\/wp-json\/wp\/v2\/comments?post=33975"}],"version-history":[{"count":1,"href":"http:\/\/blogdalucianaoliveira.com.br\/blog\/wp-json\/wp\/v2\/posts\/33975\/revisions"}],"predecessor-version":[{"id":33977,"href":"http:\/\/blogdalucianaoliveira.com.br\/blog\/wp-json\/wp\/v2\/posts\/33975\/revisions\/33977"}],"wp:attachment":[{"href":"http:\/\/blogdalucianaoliveira.com.br\/blog\/wp-json\/wp\/v2\/media?parent=33975"}],"wp:term":[{"taxonomy":"category","embeddable":true,"href":"http:\/\/blogdalucianaoliveira.com.br\/blog\/wp-json\/wp\/v2\/categories?post=33975"},{"taxonomy":"post_tag","embeddable":true,"href":"http:\/\/blogdalucianaoliveira.com.br\/blog\/wp-json\/wp\/v2\/tags?post=33975"}],"curies":[{"name":"wp","href":"https:\/\/api.w.org\/{rel}","templated":true}]}}