{"id":33978,"date":"2022-07-11T08:55:03","date_gmt":"2022-07-11T12:55:03","guid":{"rendered":"http:\/\/blogdalucianaoliveira.com.br\/blog\/?p=33978"},"modified":"2022-07-11T08:55:53","modified_gmt":"2022-07-11T12:55:53","slug":"como-bolsonaro-desfigurou-o-orcamento-federal-para-tentar-se-manter-no-poder","status":"publish","type":"post","link":"http:\/\/blogdalucianaoliveira.com.br\/blog\/2022\/07\/11\/como-bolsonaro-desfigurou-o-orcamento-federal-para-tentar-se-manter-no-poder\/","title":{"rendered":"Como Bolsonaro desfigurou o or\u00e7amento federal para tentar se manter no poder"},"content":{"rendered":"\n<figure class=\"wp-block-image size-large\"><img data-recalc-dims=\"1\" loading=\"lazy\" decoding=\"async\" width=\"600\" height=\"400\" data-attachment-id=\"33979\" data-permalink=\"http:\/\/blogdalucianaoliveira.com.br\/blog\/2022\/07\/11\/como-bolsonaro-desfigurou-o-orcamento-federal-para-tentar-se-manter-no-poder\/image_processing20220209-10815-16lsvkv\/\" data-orig-file=\"https:\/\/i0.wp.com\/blogdalucianaoliveira.com.br\/blog\/wp-content\/uploads\/2022\/07\/image_processing20220209-10815-16lsvkv.jpeg?fit=680%2C453\" data-orig-size=\"680,453\" data-comments-opened=\"0\" data-image-meta=\"{&quot;aperture&quot;:&quot;0&quot;,&quot;credit&quot;:&quot;&quot;,&quot;camera&quot;:&quot;&quot;,&quot;caption&quot;:&quot;&quot;,&quot;created_timestamp&quot;:&quot;0&quot;,&quot;copyright&quot;:&quot;&quot;,&quot;focal_length&quot;:&quot;0&quot;,&quot;iso&quot;:&quot;0&quot;,&quot;shutter_speed&quot;:&quot;0&quot;,&quot;title&quot;:&quot;&quot;,&quot;orientation&quot;:&quot;0&quot;}\" data-image-title=\"image_processing20220209-10815-16lsvkv\" data-image-description=\"\" data-image-caption=\"\" data-medium-file=\"https:\/\/i0.wp.com\/blogdalucianaoliveira.com.br\/blog\/wp-content\/uploads\/2022\/07\/image_processing20220209-10815-16lsvkv.jpeg?fit=300%2C200\" data-large-file=\"https:\/\/i0.wp.com\/blogdalucianaoliveira.com.br\/blog\/wp-content\/uploads\/2022\/07\/image_processing20220209-10815-16lsvkv.jpeg?fit=600%2C400\" src=\"https:\/\/i0.wp.com\/blogdalucianaoliveira.com.br\/blog\/wp-content\/uploads\/2022\/07\/image_processing20220209-10815-16lsvkv.jpeg?resize=600%2C400\" alt=\"\" class=\"wp-image-33979\" srcset=\"https:\/\/i0.wp.com\/blogdalucianaoliveira.com.br\/blog\/wp-content\/uploads\/2022\/07\/image_processing20220209-10815-16lsvkv.jpeg?w=680 680w, https:\/\/i0.wp.com\/blogdalucianaoliveira.com.br\/blog\/wp-content\/uploads\/2022\/07\/image_processing20220209-10815-16lsvkv.jpeg?resize=300%2C200 300w, https:\/\/i0.wp.com\/blogdalucianaoliveira.com.br\/blog\/wp-content\/uploads\/2022\/07\/image_processing20220209-10815-16lsvkv.jpeg?resize=450%2C300 450w\" sizes=\"auto, (max-width: 600px) 100vw, 600px\" \/><\/figure>\n\n\n\n<h4 class=\"wp-block-heading\">&#8220;Or\u00e7amento secreto&#8221; e PEC dos Aux\u00edlios inviabilizam pol\u00edticas p\u00fablicas para garantir acordos eleitoreiros do presidente<\/h4>\n\n\n\n<!--more-->\n\n\n\n<p>A tramita\u00e7\u00e3o a toque de caixa da Proposta de Emenda Constitucional (PEC) 1\/2022, a&nbsp;<a href=\"https:\/\/www.brasildefato.com.br\/2022\/06\/30\/senado-aprova-aumento-para-auxilio-brasil-auxilio-gas-e-cria-beneficios-para-caminhoneiros\" target=\"_blank\" rel=\"noreferrer noopener\">PEC dos Aux\u00edlios<\/a>, no Congresso Nacional virou uma s\u00edntese do que o governo de Jair Bolsonaro (PL) tem feito com o Or\u00e7amento da Uni\u00e3o para manter-se no poder.<\/p>\n\n\n\n<p><strong>Vinicius Konchinski &#8211; Brasil de Fato | Curitiba (PR)<\/strong> <\/p>\n\n\n\n<p>Em busca da reelei\u00e7\u00e3o, Bolsonaro quer gastar mais&nbsp;<a href=\"https:\/\/www.camara.leg.br\/noticias\/893088-CAMARA-VAI-ANALISAR-PROPOSTA-DO-ESTADO-DE-EMERGENCIA\" target=\"_blank\" rel=\"noreferrer noopener\">R$ 41 bilh\u00f5es<\/a>&nbsp;do governo federal nos \u00faltimos seis meses do ano. Em troca disso,&nbsp;<a href=\"https:\/\/www.brasildefato.com.br\/2022\/07\/06\/governo-libera-valor-recorde-do-orcamento-secreto-enquanto-busca-votos-para-pec-dos-auxilios\" target=\"_blank\" rel=\"noreferrer noopener\">acelerou a distribui\u00e7\u00e3o de R$ 16 bilh\u00f5es em emendas do &#8220;or\u00e7amento secreto&#8221;<\/a>, cujas indica\u00e7\u00f5es n\u00e3o seguem regras de transpar\u00eancia p\u00fablica.<\/p>\n\n\n\n<p>No governo Bolsonaro, toda discuss\u00e3o anual sobre onde o dinheiro dos cofres p\u00fablicos ser\u00e1 aplicado no ano seguinte perdeu relev\u00e2ncia. Em troca de apoio de parlamentares e de f\u00f4lego para sua campanha de reelei\u00e7\u00e3o, a&nbsp;<a href=\"https:\/\/www2.camara.leg.br\/orcamento-da-uniao\/leis-orcamentarias\/ldo\" target=\"_blank\" rel=\"noreferrer noopener\">Lei de Diretrizes Or\u00e7ament\u00e1rias (LDO)<\/a>&nbsp;tem, ano ap\u00f3s ano, se tornado cada vez menos importante para defini\u00e7\u00e3o de pol\u00edticas p\u00fablicas federais.<\/p>\n\n\n\n<p><strong><a href=\"https:\/\/www.brasildefato.com.br\/2022\/07\/07\/lira-tenta-acelerar-tramitacao-mas-votacao-da-pec-dos-auxilios-fica-para-terca-feira-12\">:: Lira tenta acelerar tramita\u00e7\u00e3o e votar PEC dos Aux\u00edlios na ter\u00e7a (12)<\/a>::<\/strong><\/p>\n\n\n\n<p>A LDO \u00e9 discutida no Congresso e sancionada pelo presidente da Rep\u00fablica. Ela tra\u00e7a as metas e prioridades para o ano seguinte, fixa limites de gastos com determinados programas e estabelece o equil\u00edbrio entre receitas e despesas.<\/p>\n\n\n\n<p>Foi a LDO de 2022, por exemplo, que estabeleceu que R$ 89 bilh\u00f5es seriam aplicados no pagamento do Aux\u00edlio Brasil neste ano.<\/p>\n\n\n\n<p>Durante a elabora\u00e7\u00e3o da lei, parlamentares da oposi\u00e7\u00e3o chegaram a defender que o valor do aux\u00edlio fosse de R$ 600. Governistas, por sua vez, defenderam um benef\u00edcio de R$ 400 e sa\u00edram vencedores do debate. Todo o Or\u00e7amento da Uni\u00e3o acabou adaptado para que o custo desse programa coubesse nas despesas do governo.<\/p>\n\n\n\n<p>Em junho, por\u00e9m, o governo mudou de opini\u00e3o. Quer agora aplicar outros R$ 26 bilh\u00f5es no programa Aux\u00edlio Brasil para aumentar os benef\u00edcios de R$ 400 para R$ 600 at\u00e9 dezembro. Fora isso, quer usar outros R$ 5 bilh\u00f5es para conceder&nbsp;<em>vouchers<\/em>&nbsp;de R$ 1 mil a caminhoneiros aut\u00f4nomos e ainda criar outras despesas.<\/p>\n\n\n\n<p>Quer fazer tudo isso, ali\u00e1s, rapidamente. Por isso,&nbsp;<a href=\"https:\/\/www.brasildefato.com.br\/2022\/07\/05\/governo-e-lira-manobram-para-aprovar-pec-dos-auxilios-nesta-semana\" target=\"_blank\" rel=\"noreferrer noopener\">pressiona seus aliados no Congresso para aprovar rapidamente a PEC dos Aux\u00edlios<\/a>.<\/p>\n\n\n\n<p><strong><a href=\"https:\/\/www.brasildefato.com.br\/2022\/07\/05\/mp-vai-ao-tcu-contra-pec-dos-auxilios-pacheco-faz-reuniao-para-deliberar-cpi-do-mec-e-mais\">:: MP vai ao TCU contra PEC dos Aux\u00edlios::<\/a><\/strong><\/p>\n\n\n\n<p>&#8220;Isso atrapalha todo o planejamento de Estado&#8221;, analisa&nbsp;Cleo Manhas, assessora pol\u00edtica do Instituto de Estudos Socioecon\u00f4micos (Inesc). &#8220;O governo prop\u00f5e fazer gambiarras em projetos federais no calor de uma disputa eleitoral.&#8221;<\/p>\n\n\n\n<p>Manhas ressaltou que ela e o Inesc n\u00e3o s\u00e3o contra o pagamento de aux\u00edlios aos mais necessitados num momento de crise. Afirmou, entretanto, que esse tipo de programa precisa de planejamento e recursos. Garantir verbas para esse tipo de iniciativa faz parte da discuss\u00e3o do Or\u00e7amento da Uni\u00e3o, mas o governo Bolsonaro preferiu discutir isso no meio deste ano, meses antes das elei\u00e7\u00f5es presidenciais e \u00e0s pressas.<\/p>\n\n\n\n<p><strong>Emendas garantem apoio<\/strong><\/p>\n\n\n\n<p>A pressa do governo em aprovar a PEC dos Aux\u00edlios \u00e9 tamanha que for\u00e7ou que seus aliados no Congresso&nbsp;<a href=\"https:\/\/www.brasildefato.com.br\/2022\/07\/05\/governo-e-lira-manobram-para-aprovar-pec-dos-auxilios-nesta-semana\" target=\"_blank\" rel=\"noreferrer noopener\">manobrassem para que a proposta tivesse uma tramita\u00e7\u00e3o acelerada<\/a>. O presidente da C\u00e2mara dos Deputados, Arthur Lira (PP-AL), anexou o texto da PEC \u00e0 outra proposta para evitar que ela tivesse que esperar pelo menos 40 sess\u00f5es da Casa para que pudesse ir a vota\u00e7\u00e3o numa comiss\u00e3o.<\/p>\n\n\n\n<p>A PEC dos Aux\u00edlios foi discutida por menos de uma semana na C\u00e2mara. Em sua vota\u00e7\u00e3o na comiss\u00e3o,&nbsp;<a href=\"https:\/\/www.brasildefato.com.br\/2022\/07\/07\/pec-dos-auxilios-avanca-na-camara-e-pode-ser-votada-em-plenario-nesta-quinta-7\" target=\"_blank\" rel=\"noreferrer noopener\">quaisquer emendas e destaques foram rejeitados<\/a>&nbsp;gra\u00e7as a um esfor\u00e7o conjunto da bancada governista para que ela pudesse seguir rapidamente para o plen\u00e1rio. L\u00e1, ela deve ser votada \u2013 e muito provavelmente ser\u00e1 aprovada \u2013 j\u00e1 na semana que vem.<\/p>\n\n\n\n<p>Esse esfor\u00e7o, por\u00e9m, n\u00e3o \u00e9 gratuito. Em busca de apoio, o governo Bolsonaro cedeu uma fatia bilion\u00e1ria do Or\u00e7amento ao &#8220;or\u00e7amento secreto&#8221;, que paga emendas indicadas por parlamentares n\u00e3o identificados.<\/p>\n\n\n\n<p><strong><a href=\"https:\/\/www.brasildefato.com.br\/2022\/07\/06\/governo-libera-valor-recorde-do-orcamento-secreto-enquanto-busca-votos-para-pec-dos-auxilios\">:: Governo libera valor recorde do or\u00e7amento secreto enquanto busca votos para PEC dos Aux\u00edlios ::<\/a><\/strong><\/p>\n\n\n\n<p>O &#8220;or\u00e7amento secreto&#8221; ganhou relev\u00e2ncia em 2020, ap\u00f3s Bolsonaro aproximar-se de pol\u00edticos do chamado Centr\u00e3o para blindar-se contra iniciativas do Congresso para seu&nbsp;<em>impeachment<\/em>&nbsp;por den\u00fancias de corrup\u00e7\u00e3o, neglig\u00eancia e&nbsp;m\u00e1 gest\u00e3o na pandemia. Desde ent\u00e3o, todo ano, pelo menos R$ 16 bilh\u00f5es foram reservados para pagamentos de emendas desse or\u00e7amento, que&nbsp;secretamente privilegiam pol\u00edticos governistas.<\/p>\n\n\n\n<figure class=\"wp-block-image\"><img data-recalc-dims=\"1\" decoding=\"async\" src=\"https:\/\/i0.wp.com\/images03.brasildefato.com.br\/1d1b524959beac9c341e41b425d62a03.jpeg?w=600&#038;ssl=1\" alt=\"\"\/><\/figure>\n\n\n\n<p><br>Planilha mostra pagamentos de emendas do relator em junho \/ Reprodu\u00e7\u00e3o<\/p>\n\n\n\n<p>A LDO de 2022, por exemplo, tem R$ 16,5 bilh\u00f5es reservados para pagamentos de emendas de relator, nome t\u00e9cnico das emendas do &#8220;or\u00e7amento secreto&#8221;.&nbsp;<a href=\"https:\/\/www.brasildefato.com.br\/2022\/02\/16\/universidades-federais-perdem-12-do-orcamento-durante-governo-bolsonaro\" target=\"_blank\" rel=\"noreferrer noopener\">Esse valor equivale a metade de tudo que o governo deve gastar com Ensino Superior neste ano<\/a>, incluindo manuten\u00e7\u00e3o de universidades federais, bolsas de pesquisas&nbsp;etc.<\/p>\n\n\n\n<p>O valor dos gastos com Ensino Superior foram discutidos durante a elabora\u00e7\u00e3o da LDO. Ainda assim,&nbsp;<a href=\"https:\/\/www.brasildefato.com.br\/2022\/06\/02\/bloqueio-tornara-universidades-inadministraveis-diz-presidente-da-andifes\" target=\"_blank\" rel=\"noreferrer noopener\">t\u00eam sido alvos de cortes sucessivos do governo federal<\/a>. J\u00e1 a execu\u00e7\u00e3o do or\u00e7amento secreto tem crescido conforme a necessidade de apoio pol\u00edtico do governo.<\/p>\n\n\n\n<p>Segundo a ONG Contas Abertas, s\u00f3 nos \u00faltimos dez dias de junho, justamente no per\u00edodo em que a PEC foi discutida no Senado, R$ 4,6 bilh\u00f5es do &#8220;or\u00e7amento secreto&#8221; foram empenhados para pagamento de emendas. Isso \u00e9 aproximadamente 60% de tudo o que foi empenhado neste ano.<\/p>\n\n\n\n<p>Gil Castello Branco, economista e diretor executivo da Contas Abertas, afirma que esses empenhos n\u00e3o seguem crit\u00e9rios claros e republicanos. &#8220;As emendas s\u00e3o distribu\u00eddas sem um crit\u00e9rio, sem par\u00e2metros socioecon\u00f4micos, para beneficiar muito preferencialmente aqueles parlamentares que est\u00e3o pr\u00f3ximos do governo&#8221;, explicou.<\/p>\n\n\n\n<p><strong>Efeito colateral<\/strong><\/p>\n\n\n\n<p>Castello Branco ainda ressaltou os efeitos negativos para a economia nacional por conta das mudan\u00e7as no Or\u00e7amento que Bolsonaro quer implementar \u00e0s v\u00e9speras da elei\u00e7\u00e3o.<\/p>\n\n\n\n<p>O governo defende o aumento e cria\u00e7\u00e3o de benef\u00edcios sociais por causa dos efeitos da guerra entre a R\u00fassia e a Ucr\u00e2nia sobre os pre\u00e7os de alimentos e combust\u00edveis, contribuindo para o aumento da infla\u00e7\u00e3o. Castello Branco lembrou que o mero an\u00fancio da PEC&nbsp;j\u00e1 elevou o d\u00f3lar no Brasil e fez as expectativas sobre pre\u00e7os piorarem. Com isso, parte do que o governo quer pagar aos mais vulner\u00e1veis deve acabar corro\u00eddo pelo aumento da infla\u00e7\u00e3o que a medida decidida de supet\u00e3o deve criar.<\/p>\n\n\n\n<p><strong><a href=\"https:\/\/www.brasildefato.com.br\/2022\/07\/01\/entenda-o-que-e-inflacao-e-os-fatores-que-contribuem-para-o-seu-aumento\">:: Entenda o que \u00e9 infla\u00e7\u00e3o<\/a>&nbsp;::<\/strong><\/p>\n\n\n\n<p>A Institui\u00e7\u00e3o Fiscal Independente (IFI) do Senado publicou um estudo na quarta-feira (6) apontando para efeitos negativos da PEC dos Aux\u00edlios sobre a situa\u00e7\u00e3o geral da economia nacional. Segundo a IFI, &#8220;mesmo com a PEC ainda em tramita\u00e7\u00e3o, j\u00e1 \u00e9 poss\u00edvel observar o seu impacto negativo na trajet\u00f3ria de juros futuros&#8221;.<\/p>\n\n\n\n<p><a href=\"https:\/\/www.brasildefato.com.br\/2022\/06\/16\/alta-da-taxa-selic-beneficia-poupadores-ricos-mas-nao-ajuda-os-mais-pobres\" target=\"_blank\" rel=\"noreferrer noopener\">Juros altos tendem a reduzir a atividade econ\u00f4mica no pa\u00eds<\/a>, comprometer a gera\u00e7\u00e3o de empregos e a renda dos trabalhadores.<\/p>\n\n\n\n<p>Castello Branco aponta ainda outras consequ\u00eancias. &#8220;Essa situa\u00e7\u00e3o or\u00e7ament\u00e1ria aumenta a desconfian\u00e7a dos agentes econ\u00f4micos e sinaliza para o populismo na economia. A\u00ed aumenta a infla\u00e7\u00e3o, a taxa de juros, voc\u00ea tem a retra\u00e7\u00e3o dos investimentos e aumento do desemprego.&#8221;<\/p>\n\n\n\n<p>Edi\u00e7\u00e3o: Nicolau Soares<\/p>\n","protected":false},"excerpt":{"rendered":"<p>&#8220;Or\u00e7amento secreto&#8221; e PEC dos Aux\u00edlios inviabilizam pol\u00edticas p\u00fablicas para garantir acordos eleitoreiros do presidente<\/p>\n","protected":false},"author":1,"featured_media":0,"comment_status":"closed","ping_status":"open","sticky":false,"template":"","format":"standard","meta":{"_exactmetrics_skip_tracking":false,"_exactmetrics_sitenote_active":false,"_exactmetrics_sitenote_note":"","_exactmetrics_sitenote_category":0,"jetpack_post_was_ever_published":false,"_jetpack_newsletter_access":"","_jetpack_dont_email_post_to_subs":false,"_jetpack_newsletter_tier_id":0,"_jetpack_memberships_contains_paywalled_content":false,"_jetpack_memberships_contains_paid_content":false,"footnotes":"","jetpack_publicize_message":"","jetpack_publicize_feature_enabled":true,"jetpack_social_post_already_shared":true,"jetpack_social_options":{"image_generator_settings":{"template":"highway","enabled":false},"version":2}},"categories":[1],"tags":[53,767,766,768],"class_list":["post-33978","post","type-post","status-publish","format-standard","hentry","category-notas","tag-bolsonaro","tag-compra-de-votos","tag-orcamento","tag-populismo"],"jetpack_publicize_connections":[],"jetpack_sharing_enabled":true,"jetpack_featured_media_url":"","jetpack_shortlink":"https:\/\/wp.me\/p7wKYW-8Q2","jetpack-related-posts":[],"_links":{"self":[{"href":"http:\/\/blogdalucianaoliveira.com.br\/blog\/wp-json\/wp\/v2\/posts\/33978","targetHints":{"allow":["GET"]}}],"collection":[{"href":"http:\/\/blogdalucianaoliveira.com.br\/blog\/wp-json\/wp\/v2\/posts"}],"about":[{"href":"http:\/\/blogdalucianaoliveira.com.br\/blog\/wp-json\/wp\/v2\/types\/post"}],"author":[{"embeddable":true,"href":"http:\/\/blogdalucianaoliveira.com.br\/blog\/wp-json\/wp\/v2\/users\/1"}],"replies":[{"embeddable":true,"href":"http:\/\/blogdalucianaoliveira.com.br\/blog\/wp-json\/wp\/v2\/comments?post=33978"}],"version-history":[{"count":2,"href":"http:\/\/blogdalucianaoliveira.com.br\/blog\/wp-json\/wp\/v2\/posts\/33978\/revisions"}],"predecessor-version":[{"id":33981,"href":"http:\/\/blogdalucianaoliveira.com.br\/blog\/wp-json\/wp\/v2\/posts\/33978\/revisions\/33981"}],"wp:attachment":[{"href":"http:\/\/blogdalucianaoliveira.com.br\/blog\/wp-json\/wp\/v2\/media?parent=33978"}],"wp:term":[{"taxonomy":"category","embeddable":true,"href":"http:\/\/blogdalucianaoliveira.com.br\/blog\/wp-json\/wp\/v2\/categories?post=33978"},{"taxonomy":"post_tag","embeddable":true,"href":"http:\/\/blogdalucianaoliveira.com.br\/blog\/wp-json\/wp\/v2\/tags?post=33978"}],"curies":[{"name":"wp","href":"https:\/\/api.w.org\/{rel}","templated":true}]}}