{"id":33996,"date":"2022-07-13T15:49:14","date_gmt":"2022-07-13T19:49:14","guid":{"rendered":"http:\/\/blogdalucianaoliveira.com.br\/blog\/?p=33996"},"modified":"2022-07-13T15:59:21","modified_gmt":"2022-07-13T19:59:21","slug":"policia-federal-prende-suspeito-pelo-assassinato-do-indigena-ari-uru-eu-wau-wau","status":"publish","type":"post","link":"http:\/\/blogdalucianaoliveira.com.br\/blog\/2022\/07\/13\/policia-federal-prende-suspeito-pelo-assassinato-do-indigena-ari-uru-eu-wau-wau\/","title":{"rendered":"Pol\u00edcia Federal prende suspeito pelo assassinato do ind\u00edgena Ari Uru-Eu-Wau-Wau"},"content":{"rendered":"\n<figure class=\"wp-block-image size-large\"><img data-recalc-dims=\"1\" loading=\"lazy\" decoding=\"async\" width=\"569\" height=\"539\" data-attachment-id=\"33997\" data-permalink=\"http:\/\/blogdalucianaoliveira.com.br\/blog\/2022\/07\/13\/policia-federal-prende-suspeito-pelo-assassinato-do-indigena-ari-uru-eu-wau-wau\/fba0f565-b7e9-4e56-92e5-ae752d6ad94f\/\" data-orig-file=\"https:\/\/i0.wp.com\/blogdalucianaoliveira.com.br\/blog\/wp-content\/uploads\/2022\/07\/FBA0F565-B7E9-4E56-92E5-AE752D6AD94F.jpeg?fit=569%2C539\" data-orig-size=\"569,539\" data-comments-opened=\"0\" data-image-meta=\"{&quot;aperture&quot;:&quot;0&quot;,&quot;credit&quot;:&quot;&quot;,&quot;camera&quot;:&quot;&quot;,&quot;caption&quot;:&quot;&quot;,&quot;created_timestamp&quot;:&quot;0&quot;,&quot;copyright&quot;:&quot;&quot;,&quot;focal_length&quot;:&quot;0&quot;,&quot;iso&quot;:&quot;0&quot;,&quot;shutter_speed&quot;:&quot;0&quot;,&quot;title&quot;:&quot;&quot;,&quot;orientation&quot;:&quot;0&quot;}\" data-image-title=\"FBA0F565-B7E9-4E56-92E5-AE752D6AD94F\" data-image-description=\"\" data-image-caption=\"\" data-medium-file=\"https:\/\/i0.wp.com\/blogdalucianaoliveira.com.br\/blog\/wp-content\/uploads\/2022\/07\/FBA0F565-B7E9-4E56-92E5-AE752D6AD94F.jpeg?fit=300%2C284\" data-large-file=\"https:\/\/i0.wp.com\/blogdalucianaoliveira.com.br\/blog\/wp-content\/uploads\/2022\/07\/FBA0F565-B7E9-4E56-92E5-AE752D6AD94F.jpeg?fit=569%2C539\" src=\"https:\/\/i0.wp.com\/blogdalucianaoliveira.com.br\/blog\/wp-content\/uploads\/2022\/07\/FBA0F565-B7E9-4E56-92E5-AE752D6AD94F.jpeg?resize=569%2C539\" alt=\"\" class=\"wp-image-33997\" srcset=\"https:\/\/i0.wp.com\/blogdalucianaoliveira.com.br\/blog\/wp-content\/uploads\/2022\/07\/FBA0F565-B7E9-4E56-92E5-AE752D6AD94F.jpeg?w=569 569w, https:\/\/i0.wp.com\/blogdalucianaoliveira.com.br\/blog\/wp-content\/uploads\/2022\/07\/FBA0F565-B7E9-4E56-92E5-AE752D6AD94F.jpeg?resize=300%2C284 300w, https:\/\/i0.wp.com\/blogdalucianaoliveira.com.br\/blog\/wp-content\/uploads\/2022\/07\/FBA0F565-B7E9-4E56-92E5-AE752D6AD94F.jpeg?resize=317%2C300 317w\" sizes=\"auto, (max-width: 569px) 100vw, 569px\" \/><\/figure>\n\n\n\n<p>A&nbsp;Pol\u00edcia Federal deflagrou, na manh\u00e3 desta quarta-feira (13\/07\/2022),&nbsp;a opera\u00e7\u00e3o GUARDI\u00c3O URU com o objetivo de prender preventivamente o principal suspeito da pr\u00e1tica do homic\u00eddio do ind\u00edgena ARI URU-EU-WAU-WAU&nbsp;e&nbsp;cumprir busca e apreens\u00e3o. ARI integrava grupo de vigil\u00e2ncia ind\u00edgena contra a explora\u00e7\u00e3o ilegal na regi\u00e3o e&nbsp;era&nbsp;refer\u00eancia entre os ind\u00edgenas.<\/p>\n\n\n\n<!--more-->\n\n\n\n<p>A v\u00edtima ARI URU\u00a0EU-WAU-WAU foi encontrada sem vida\u00a0na manh\u00e3 de 18\/04\/2020, ca\u00eddo na margem esquerda da RO 010, km 12, Jaru\/RO, apresentando les\u00f5es no pesco\u00e7o e cabe\u00e7a.\u00a0Inicialmente a Pol\u00edcia Civil de Jaru\/RO conduziu as investiga\u00e7\u00f5es e, conforme relat\u00f3rio parcial apresentado em 2020, sugeriu o decl\u00ednio de compet\u00eancia para a Justi\u00e7a Federal, tendo em vista que uma das linhas investigativas levantadas\u00a0era\u00a0que\u00a0o motivo\u00a0da morte\u00a0se relacionava\u00a0com diverg\u00eancias no tocante \u00e0 venda ilegal de madeiras na reserva ind\u00edgena. Nesta fase da investiga\u00e7\u00e3o a autoria do crime ainda era incerta. Ap\u00f3s os tramites legais, a compet\u00eancia foi devidamente fixada na Justi\u00e7a Federal no dia 26\/05\/2021 e, a partir deste momento, os trabalhos investigados foram conduzidos pela Pol\u00edcia Federal.<\/p>\n\n\n\n<p>Como medidas iniciais, a Pol\u00edcia Federal realizou in\u00fameras dilig\u00eancias de campo, t\u00e9cnicas investigativas especiais, realizou entrevistas, oitivas, interlocu\u00e7\u00e3o com servidores que atuaram no tempo dos fatos, aprecia\u00e7\u00e3o minuciosa de todos os elementos probat\u00f3rios at\u00e9 ent\u00e3o colhidos nas primeiras horas ap\u00f3s o crime, al\u00e9m de contato com pessoas pr\u00f3ximas da v\u00edtima visando compreender os \u00faltimos passos de ARI. Vale consignar que, em raz\u00e3o da gravidade do caso apurado, a Pol\u00edcia Federal&nbsp;de Ji-Paran\u00e1&nbsp;e o Minist\u00e9rio P\u00fablico Federal, constantemente, realizam reuni\u00f5es visando definir estrat\u00e9gias de a\u00e7\u00e3o.<\/p>\n\n\n\n<p>Ressalte-se que uma das medidas investigativas adotadas na investiga\u00e7\u00e3o foi a elabora\u00e7\u00e3o de laudo pericial indireto produzido pela Pol\u00edcia Federal, com base nos elementos probat\u00f3rios juntados no tempo dos fatos, que concluiu que a morte ocorreu&nbsp;entre 01:00 e 03:00 da madrugada do dia 18\/04\/2020.<\/p>\n\n\n\n<p>As les\u00f5es, os vest\u00edgios e as circunst\u00e2ncias apontaram para a ocorr\u00eancia de morte violenta. Como o corpo n\u00e3o demonstrava sinais de autodefesa,&nbsp;uma das linhas investigativas apuradas pela Pol\u00edcia Federal trata-se da hip\u00f3tese&nbsp;de o&nbsp;autor do crime ter oferecido subst\u00e2ncia que, uma vez ingerida pela v\u00edtima, deixou ARI desacordado para ent\u00e3o iniciar as agress\u00f5es f\u00edsicas que culminaram em sua morte. Posteriormente, conduziu o corpo para outro local.<\/p>\n\n\n\n<p>Com o avan\u00e7o das investiga\u00e7\u00f5es foi poss\u00edvel chegar ao poss\u00edvel autor do crime que, segundo apurado, recaem suspeitas da pr\u00e1tica de outros homic\u00eddios. Atualmente, encontra-se preso preventivamente&nbsp;pela&nbsp;pr\u00e1tica de outro crime de homic\u00eddio,&nbsp;ocorrido,&nbsp;aproximadamente, 8 (oito) meses ap\u00f3s a morte de ARI. Na opera\u00e7\u00e3o&nbsp;foi decretada&nbsp;nova&nbsp;pris\u00e3o preventivapela 3\u00aa Vara Federal Criminal.&nbsp;A&nbsp;motiva\u00e7\u00e3o do crime ainda ser\u00e1 melhor esclarecido pela Pol\u00edcia Federal&nbsp;de Ji-Paran\u00e1, que est\u00e1 \u00e0 frente das investiga\u00e7\u00f5es.<\/p>\n\n\n\n<p>Conforme disp\u00f5e o art. 7\u00ba do C\u00f3digo de Processo Penal,&nbsp;para verificar a possibilidade de haver a infra\u00e7\u00e3o sido praticada de determinado modo, a Pol\u00edcia Federal ir\u00e1 proceder, antes do t\u00e9rmino das investiga\u00e7\u00f5es, \u00e0 reprodu\u00e7\u00e3o simulada dos fatos visando confrontar&nbsp;as poss\u00edveis vers\u00f5es para a din\u00e2mica do crime de homic\u00eddio qualificado. A pena para este crime pode chegar at\u00e9 30 anos (Art. 121, \u00a72\u00ba, IV, do C\u00f3digo Penal).<\/p>\n\n\n\n<p>O nome da opera\u00e7\u00e3o trata-se de uma homenagem ao&nbsp;ind\u00edgena&nbsp;ARI URU-EU-WAU-WAU que&nbsp;sempre&nbsp;lutou pela prote\u00e7\u00e3o da Terra Ind\u00edgena URU-EU-WAU-WAU.<\/p>\n\n\n\n<p><\/p>\n\n\n\n<p><strong>Superintend\u00eancia Regional em Rond\u00f4nia \u2013 Pol\u00edcia Federal<\/strong><\/p>\n\n\n\n<p><strong>Divis\u00e3o de Comunica\u00e7\u00e3o Social<\/strong><\/p>\n\n\n\n<figure class=\"wp-block-image\"><img data-recalc-dims=\"1\" decoding=\"async\" src=\"https:\/\/i0.wp.com\/www.diariodaamazonia.com.br\/gerenciador\/data\/uploads\/2022\/07\/URU2.jpg?w=600&#038;ssl=1\" alt=\"\" class=\"wp-image-359065\"\/><\/figure>\n\n\n\n<p><\/p>\n","protected":false},"excerpt":{"rendered":"<p>A&nbsp;Pol\u00edcia Federal deflagrou, na manh\u00e3 desta quarta-feira (13\/07\/2022),&nbsp;a opera\u00e7\u00e3o GUARDI\u00c3O URU com o objetivo de prender preventivamente o principal suspeito da pr\u00e1tica do homic\u00eddio do ind\u00edgena ARI URU-EU-WAU-WAU&nbsp;e&nbsp;cumprir busca e apreens\u00e3o. ARI integrava grupo de vigil\u00e2ncia ind\u00edgena contra a explora\u00e7\u00e3o ilegal na regi\u00e3o e&nbsp;era&nbsp;refer\u00eancia entre os ind\u00edgenas.<\/p>\n","protected":false},"author":1,"featured_media":0,"comment_status":"closed","ping_status":"open","sticky":false,"template":"","format":"standard","meta":{"_exactmetrics_skip_tracking":false,"_exactmetrics_sitenote_active":false,"_exactmetrics_sitenote_note":"","_exactmetrics_sitenote_category":0,"jetpack_post_was_ever_published":false,"_jetpack_newsletter_access":"","_jetpack_dont_email_post_to_subs":false,"_jetpack_newsletter_tier_id":0,"_jetpack_memberships_contains_paywalled_content":false,"_jetpack_memberships_contains_paid_content":false,"footnotes":"","jetpack_publicize_message":"","jetpack_publicize_feature_enabled":true,"jetpack_social_post_already_shared":true,"jetpack_social_options":{"image_generator_settings":{"template":"highway","enabled":false},"version":2}},"categories":[1],"tags":[488,359,42],"class_list":["post-33996","post","type-post","status-publish","format-standard","hentry","category-notas","tag-ari-uru-eu-wau-wau","tag-pf","tag-prisao"],"jetpack_publicize_connections":[],"jetpack_sharing_enabled":true,"jetpack_featured_media_url":"","jetpack_shortlink":"https:\/\/wp.me\/p7wKYW-8Qk","jetpack-related-posts":[],"_links":{"self":[{"href":"http:\/\/blogdalucianaoliveira.com.br\/blog\/wp-json\/wp\/v2\/posts\/33996","targetHints":{"allow":["GET"]}}],"collection":[{"href":"http:\/\/blogdalucianaoliveira.com.br\/blog\/wp-json\/wp\/v2\/posts"}],"about":[{"href":"http:\/\/blogdalucianaoliveira.com.br\/blog\/wp-json\/wp\/v2\/types\/post"}],"author":[{"embeddable":true,"href":"http:\/\/blogdalucianaoliveira.com.br\/blog\/wp-json\/wp\/v2\/users\/1"}],"replies":[{"embeddable":true,"href":"http:\/\/blogdalucianaoliveira.com.br\/blog\/wp-json\/wp\/v2\/comments?post=33996"}],"version-history":[{"count":3,"href":"http:\/\/blogdalucianaoliveira.com.br\/blog\/wp-json\/wp\/v2\/posts\/33996\/revisions"}],"predecessor-version":[{"id":34000,"href":"http:\/\/blogdalucianaoliveira.com.br\/blog\/wp-json\/wp\/v2\/posts\/33996\/revisions\/34000"}],"wp:attachment":[{"href":"http:\/\/blogdalucianaoliveira.com.br\/blog\/wp-json\/wp\/v2\/media?parent=33996"}],"wp:term":[{"taxonomy":"category","embeddable":true,"href":"http:\/\/blogdalucianaoliveira.com.br\/blog\/wp-json\/wp\/v2\/categories?post=33996"},{"taxonomy":"post_tag","embeddable":true,"href":"http:\/\/blogdalucianaoliveira.com.br\/blog\/wp-json\/wp\/v2\/tags?post=33996"}],"curies":[{"name":"wp","href":"https:\/\/api.w.org\/{rel}","templated":true}]}}