{"id":3400,"date":"2016-08-24T18:44:58","date_gmt":"2016-08-24T22:44:58","guid":{"rendered":"http:\/\/blogdalucianaoliveira.com.br\/blog\/?p=3400"},"modified":"2016-08-24T18:44:58","modified_gmt":"2016-08-24T22:44:58","slug":"associacao-de-juizes-acusa-gilmar-de-obstruir-justica","status":"publish","type":"post","link":"http:\/\/blogdalucianaoliveira.com.br\/blog\/2016\/08\/24\/associacao-de-juizes-acusa-gilmar-de-obstruir-justica\/","title":{"rendered":"ASSOCIA\u00c7\u00c3O DE JU\u00cdZES ACUSA GILMAR DE OBSTRUIR JUSTI\u00c7A"},"content":{"rendered":"<p><img data-recalc-dims=\"1\" loading=\"lazy\" decoding=\"async\" data-attachment-id=\"3401\" data-permalink=\"http:\/\/blogdalucianaoliveira.com.br\/blog\/2016\/08\/24\/associacao-de-juizes-acusa-gilmar-de-obstruir-justica\/gilmar\/\" data-orig-file=\"https:\/\/i0.wp.com\/blogdalucianaoliveira.com.br\/blog\/wp-content\/uploads\/2016\/08\/gilmar.jpg?fit=1001%2C357\" data-orig-size=\"1001,357\" data-comments-opened=\"0\" data-image-meta=\"{&quot;aperture&quot;:&quot;0&quot;,&quot;credit&quot;:&quot;&quot;,&quot;camera&quot;:&quot;&quot;,&quot;caption&quot;:&quot;&quot;,&quot;created_timestamp&quot;:&quot;0&quot;,&quot;copyright&quot;:&quot;&quot;,&quot;focal_length&quot;:&quot;0&quot;,&quot;iso&quot;:&quot;0&quot;,&quot;shutter_speed&quot;:&quot;0&quot;,&quot;title&quot;:&quot;&quot;,&quot;orientation&quot;:&quot;0&quot;}\" data-image-title=\"gilmar\" data-image-description=\"\" data-image-caption=\"\" data-medium-file=\"https:\/\/i0.wp.com\/blogdalucianaoliveira.com.br\/blog\/wp-content\/uploads\/2016\/08\/gilmar.jpg?fit=300%2C107\" data-large-file=\"https:\/\/i0.wp.com\/blogdalucianaoliveira.com.br\/blog\/wp-content\/uploads\/2016\/08\/gilmar.jpg?fit=600%2C214\" src=\"https:\/\/i0.wp.com\/blogdalucianaoliveira.com.br\/blog\/wp-content\/uploads\/2016\/08\/gilmar.jpg?resize=600%2C214\" alt=\"gilmar\" width=\"600\" height=\"214\" class=\"alignnone size-full wp-image-3401\" srcset=\"https:\/\/i0.wp.com\/blogdalucianaoliveira.com.br\/blog\/wp-content\/uploads\/2016\/08\/gilmar.jpg?w=1001 1001w, https:\/\/i0.wp.com\/blogdalucianaoliveira.com.br\/blog\/wp-content\/uploads\/2016\/08\/gilmar.jpg?resize=300%2C107 300w, https:\/\/i0.wp.com\/blogdalucianaoliveira.com.br\/blog\/wp-content\/uploads\/2016\/08\/gilmar.jpg?resize=768%2C274 768w, https:\/\/i0.wp.com\/blogdalucianaoliveira.com.br\/blog\/wp-content\/uploads\/2016\/08\/gilmar.jpg?resize=800%2C285 800w\" sizes=\"auto, (max-width: 600px) 100vw, 600px\" \/><\/p>\n<p>247 \u2013 O presidente da Associa\u00e7\u00e3o de Magistrados do Brasil, Jo\u00e3o Ricardo Costa, criticou duramente o ministro Gilmar Mendes, do Supremo Tribunal Federal, depois que ele acusou a for\u00e7a-tarefa da Lava Jato de tentar vazar informa\u00e7\u00f5es para constranger o ministro Dias Toffoli.<!--more--><\/p>\n<p>&#8220;\u00c9 lament\u00e1vel que um ministro do STF, em per\u00edodo de grave crise no pa\u00eds, milite contra as investiga\u00e7\u00f5es da Opera\u00e7\u00e3o Lava-Jato, com a inten\u00e7\u00e3o de decretar o seu fim, e utilize como pauta a remunera\u00e7\u00e3o da magistratura. O ministro defende financiamento empresarial de campanha e busca descredibilizar as propostas anticorrup\u00e7\u00e3o que tramitam no Congresso Nacional, ao inv\u00e9s de colaborar para o seu aprimoramento&#8221;, diz trecho de nota da AMB assinada por seu presidente Jo\u00e3o Ricardo Costa.<\/p>\n<p>Gilmar disse que v\u00e1rios ju\u00edzes de inst\u00e2ncia inferior ganham at\u00e9 R$ 100 mil por m\u00eas, burlando o teto constitucional de R$ 33,7 mil. Ele afirmou ainda que &#8220;cada um faz seu pequeno assalto&#8221;.<\/p>\n<p>&#8220;N\u00f3s estamos contr\u00e1rios a essa postura dele de obstaculizar a Opera\u00e7\u00e3o Lava-Jato, de criar factoides contra a magistratura brasileira, como ele fez, usando adjetivos grosseiros, n\u00e3o cabidos a um ministro do Supremo Tribunal Federal&#8221;, disse Costa, ao jornalista Andr\u00e9 de Souza, do Globo. &#8220;Nos incomodou muito, nos causou perplexidade esse tipo de postura do ministro. Ele j\u00e1 tem o costume de se manifestar em mat\u00e9rias, inclusive, que s\u00e3o afeitas \u00e0 sua jurisdi\u00e7\u00e3o, o que n\u00e3o \u00e9 aceit\u00e1vel como postura de um magistrado.&#8221;<\/p>\n<p>&#8220;Essa manifesta\u00e7\u00e3o dele vem num contexto em que ele come\u00e7a a atacar a Opera\u00e7\u00e3o Lava-Jato, dizendo que ela tem que terminar, sustentando que medidas anticorrup\u00e7\u00e3o que tramitam no Congresso s\u00e3o medidas inadequadas, chegando a adjetivar de cretinos aqueles que fizeram a proposta. Quando o pa\u00eds precisa de medidas dessa ordem, o ministro Gilmar tem defendido financiamento de campanha (empresarial), que \u00e9 uma fonte para a corrup\u00e7\u00e3o, e ele coloca os vencimentos da magistratura, at\u00e9 de forma gen\u00e9rica, completamente equivocada do que \u00e9 a realidade, no sentido de nos atingir, porque n\u00f3s estamos muito focados nessa quest\u00e3o da corrup\u00e7\u00e3o no pa\u00eds&#8221;, pontuou ainda o presidente da AMB.<\/p>\n","protected":false},"excerpt":{"rendered":"<p>247 \u2013 O presidente da Associa\u00e7\u00e3o de Magistrados do Brasil, Jo\u00e3o Ricardo Costa, criticou duramente o ministro Gilmar Mendes, do Supremo Tribunal Federal, depois que ele acusou a for\u00e7a-tarefa da Lava Jato de tentar vazar informa\u00e7\u00f5es para constranger o ministro Dias Toffoli.<\/p>\n","protected":false},"author":1,"featured_media":0,"comment_status":"closed","ping_status":"open","sticky":false,"template":"","format":"standard","meta":{"_exactmetrics_skip_tracking":false,"_exactmetrics_sitenote_active":false,"_exactmetrics_sitenote_note":"","_exactmetrics_sitenote_category":0,"jetpack_post_was_ever_published":false,"_jetpack_newsletter_access":"","_jetpack_dont_email_post_to_subs":false,"_jetpack_newsletter_tier_id":0,"_jetpack_memberships_contains_paywalled_content":false,"_jetpack_memberships_contains_paid_content":false,"footnotes":"","jetpack_publicize_message":"","jetpack_publicize_feature_enabled":true,"jetpack_social_post_already_shared":true,"jetpack_social_options":{"image_generator_settings":{"template":"highway","enabled":false},"version":2}},"categories":[1],"tags":[],"class_list":["post-3400","post","type-post","status-publish","format-standard","hentry","category-notas"],"jetpack_publicize_connections":[],"jetpack_sharing_enabled":true,"jetpack_featured_media_url":"","jetpack_shortlink":"https:\/\/wp.me\/p7wKYW-SQ","jetpack-related-posts":[],"_links":{"self":[{"href":"http:\/\/blogdalucianaoliveira.com.br\/blog\/wp-json\/wp\/v2\/posts\/3400","targetHints":{"allow":["GET"]}}],"collection":[{"href":"http:\/\/blogdalucianaoliveira.com.br\/blog\/wp-json\/wp\/v2\/posts"}],"about":[{"href":"http:\/\/blogdalucianaoliveira.com.br\/blog\/wp-json\/wp\/v2\/types\/post"}],"author":[{"embeddable":true,"href":"http:\/\/blogdalucianaoliveira.com.br\/blog\/wp-json\/wp\/v2\/users\/1"}],"replies":[{"embeddable":true,"href":"http:\/\/blogdalucianaoliveira.com.br\/blog\/wp-json\/wp\/v2\/comments?post=3400"}],"version-history":[{"count":1,"href":"http:\/\/blogdalucianaoliveira.com.br\/blog\/wp-json\/wp\/v2\/posts\/3400\/revisions"}],"predecessor-version":[{"id":3402,"href":"http:\/\/blogdalucianaoliveira.com.br\/blog\/wp-json\/wp\/v2\/posts\/3400\/revisions\/3402"}],"wp:attachment":[{"href":"http:\/\/blogdalucianaoliveira.com.br\/blog\/wp-json\/wp\/v2\/media?parent=3400"}],"wp:term":[{"taxonomy":"category","embeddable":true,"href":"http:\/\/blogdalucianaoliveira.com.br\/blog\/wp-json\/wp\/v2\/categories?post=3400"},{"taxonomy":"post_tag","embeddable":true,"href":"http:\/\/blogdalucianaoliveira.com.br\/blog\/wp-json\/wp\/v2\/tags?post=3400"}],"curies":[{"name":"wp","href":"https:\/\/api.w.org\/{rel}","templated":true}]}}