{"id":34002,"date":"2022-07-14T10:45:51","date_gmt":"2022-07-14T14:45:51","guid":{"rendered":"http:\/\/blogdalucianaoliveira.com.br\/blog\/?p=34002"},"modified":"2022-07-14T10:45:55","modified_gmt":"2022-07-14T14:45:55","slug":"kaninde-emite-nota-sobre-a-prisao-do-suspeito-de-matar-ari-uru-eu-wau-wau","status":"publish","type":"post","link":"http:\/\/blogdalucianaoliveira.com.br\/blog\/2022\/07\/14\/kaninde-emite-nota-sobre-a-prisao-do-suspeito-de-matar-ari-uru-eu-wau-wau\/","title":{"rendered":"Kanind\u00e9 emite nota sobre a pris\u00e3o do suspeito de matar Ari Uru-Eu-Wau-Wau"},"content":{"rendered":"\n<figure class=\"wp-block-image size-large\"><img loading=\"lazy\" decoding=\"async\" width=\"1170\" height=\"951\" data-attachment-id=\"34003\" data-permalink=\"http:\/\/blogdalucianaoliveira.com.br\/blog\/2022\/07\/14\/kaninde-emite-nota-sobre-a-prisao-do-suspeito-de-matar-ari-uru-eu-wau-wau\/0c69f38f-f247-481a-bbed-857231cce611\/\" data-orig-file=\"https:\/\/i0.wp.com\/blogdalucianaoliveira.com.br\/blog\/wp-content\/uploads\/2022\/07\/0C69F38F-F247-481A-BBED-857231CCE611.jpeg?fit=1170%2C951\" data-orig-size=\"1170,951\" data-comments-opened=\"0\" data-image-meta=\"{&quot;aperture&quot;:&quot;0&quot;,&quot;credit&quot;:&quot;&quot;,&quot;camera&quot;:&quot;&quot;,&quot;caption&quot;:&quot;&quot;,&quot;created_timestamp&quot;:&quot;0&quot;,&quot;copyright&quot;:&quot;&quot;,&quot;focal_length&quot;:&quot;0&quot;,&quot;iso&quot;:&quot;0&quot;,&quot;shutter_speed&quot;:&quot;0&quot;,&quot;title&quot;:&quot;&quot;,&quot;orientation&quot;:&quot;1&quot;}\" data-image-title=\"0C69F38F-F247-481A-BBED-857231CCE611\" data-image-description=\"\" data-image-caption=\"\" data-medium-file=\"https:\/\/i0.wp.com\/blogdalucianaoliveira.com.br\/blog\/wp-content\/uploads\/2022\/07\/0C69F38F-F247-481A-BBED-857231CCE611.jpeg?fit=300%2C244\" data-large-file=\"https:\/\/i0.wp.com\/blogdalucianaoliveira.com.br\/blog\/wp-content\/uploads\/2022\/07\/0C69F38F-F247-481A-BBED-857231CCE611.jpeg?fit=600%2C488\" src=\"https:\/\/i0.wp.com\/blogdalucianaoliveira.com.br\/blog\/wp-content\/uploads\/2022\/07\/0C69F38F-F247-481A-BBED-857231CCE611.jpeg?fit=600%2C488\" alt=\"\" class=\"wp-image-34003\" srcset=\"https:\/\/i0.wp.com\/blogdalucianaoliveira.com.br\/blog\/wp-content\/uploads\/2022\/07\/0C69F38F-F247-481A-BBED-857231CCE611.jpeg?w=1170 1170w, https:\/\/i0.wp.com\/blogdalucianaoliveira.com.br\/blog\/wp-content\/uploads\/2022\/07\/0C69F38F-F247-481A-BBED-857231CCE611.jpeg?resize=300%2C244 300w, https:\/\/i0.wp.com\/blogdalucianaoliveira.com.br\/blog\/wp-content\/uploads\/2022\/07\/0C69F38F-F247-481A-BBED-857231CCE611.jpeg?resize=1024%2C832 1024w, https:\/\/i0.wp.com\/blogdalucianaoliveira.com.br\/blog\/wp-content\/uploads\/2022\/07\/0C69F38F-F247-481A-BBED-857231CCE611.jpeg?resize=768%2C624 768w, https:\/\/i0.wp.com\/blogdalucianaoliveira.com.br\/blog\/wp-content\/uploads\/2022\/07\/0C69F38F-F247-481A-BBED-857231CCE611.jpeg?resize=369%2C300 369w\" sizes=\"auto, (max-width: 600px) 100vw, 600px\" \/><\/figure>\n\n\n\n<p><br> A Associa\u00e7\u00e3o do Povo Ind\u00edgena Uru-Eu-Wau-Wau \u2013 Jupa\u00fa e a Associa\u00e7\u00e3o de Defesa Etnoambiental \u2013 Kanind\u00e9, aguardam novos detalhes sobre a pris\u00e3o preventiva, realizada hoje pela Pol\u00edcia Federal, do principal suspeito de ter assassinado nosso parente Ari Uru-Eu-Wau-Wau h\u00e1 dois anos. <br><\/p>\n\n\n\n<!--more-->\n\n\n\n<p>Detalhes como a identidade do homem e a motiva\u00e7\u00e3o da morte s\u00e3o de fundamental import\u00e2ncia para a fam\u00edlia e demais ind\u00edgenas Uru-Eu-Wau-Wau.<br> O crime ocorreu em meio \u00e0 falta de fiscaliza\u00e7\u00e3o, invas\u00f5es de terras por grileiros, garimpeiros e madeireiros. Esperamos tamb\u00e9m que esta Opera\u00e7\u00e3o Guardi\u00e3o Uru, nome dado em homenagem ao Ari, ajude a solucionar outros crimes cometidos na regi\u00e3o.<\/p>\n\n\n\n<p><br> Seguiremos acompanhando o caso at\u00e9 a efetiva puni\u00e7\u00e3o com os rigores da lei dos envolvidos na morte de nosso parente e a sa\u00edda dos milhares de invasores da Terra Ind\u00edgena Uru-eu-wau-wau.<br> Para n\u00f3s, \u00e9 muito importante ter a prote\u00e7\u00e3o da Pol\u00edcia Federal, pois outros ind\u00edgenas e ativistas est\u00e3o amea\u00e7ados de morte por defenderem a floresta. <br><\/p>\n\n\n\n<p>Ari Uru-Eu-Wau-Wau \u00e9 retratado no document\u00e1rio &#8220;The Territory\u201d (O Territ\u00f3rio) j\u00e1 exibido e premiado nos principais festivais de cinema do mundo neste ano. Coproduzido por nosso povo e com produ\u00e7\u00e3o executiva de Txai Suru\u00ed, &#8220;The Territory&#8221; retrata a nossa luta contra o desmatamento e tem previs\u00e3o de estreia no Brasil para este segundo semestre.<br> A pris\u00e3o deste suspeito ocorre um m\u00eas ap\u00f3s a morte de Bruno Pereira e Dom Phillips, que gerou grande como\u00e7\u00e3o, no Brasil e no exterior, em rela\u00e7\u00e3o \u00e0 viol\u00eancia que domina a Amaz\u00f4nia e nos aterroriza. Nesse sentido, ela pode ser vista como um sinal para aqueles que praticam ilegalidades nos nossos territ\u00f3rios de que a Pol\u00edcia Federal n\u00e3o ser\u00e1 leniente.<\/p>\n\n\n\n<p><br> Sabemos que o atual governo utiliza uma pol\u00edtica de morte, genocida, que atenta contra a vida dos povos ind\u00edgenas. As dificuldades enfrentadas pelo povo e pela Terra Ind\u00edgena Uru-Eu-Wau-Wau t\u00eam sido amplamente denunciadas pela comunidade aos \u00f3rg\u00e3os competentes, mas nenhuma provid\u00eancia foi tomada.<\/p>\n\n\n\n<p><br> O cruel assassinato de Ari Uru-Eu-Wau-Wau, bem como a morte Dom e Bruno, refor\u00e7am a necessidade de prote\u00e7\u00e3o das Terras Ind\u00edgenas e de seus habitantes. S\u00e3o necess\u00e1rias medidas urgentes para tirar os invasores e a ado\u00e7\u00e3o de pol\u00edticas que, de fato, garantam a prote\u00e7\u00e3o territorial, cultural e da vida dos povos origin\u00e1rios.<\/p>\n\n\n\n<p><br> Quanto ao homem preso hoje, esperamos que as perguntas que ainda existem sejam respondidas, que a Justi\u00e7a seja feita e que casos como este n\u00e3o se repitam.<\/p>\n\n\n\n<p><br> Associa\u00e7\u00e3o do Povo Ind\u00edgena Uru-Eu-Wau-Wau \u2013 Jupa\u00fa Associa\u00e7\u00e3o de Defesa Etnoambiental \u2013 Kanind\u00e9<\/p>\n","protected":false},"excerpt":{"rendered":"<p>A Associa\u00e7\u00e3o do Povo Ind\u00edgena Uru-Eu-Wau-Wau \u2013 Jupa\u00fa e a Associa\u00e7\u00e3o de Defesa Etnoambiental \u2013 Kanind\u00e9, aguardam novos detalhes sobre a pris\u00e3o preventiva, realizada hoje pela Pol\u00edcia Federal, do principal suspeito de ter assassinado nosso parente Ari Uru-Eu-Wau-Wau h\u00e1 dois anos.<\/p>\n","protected":false},"author":1,"featured_media":0,"comment_status":"closed","ping_status":"open","sticky":false,"template":"","format":"standard","meta":{"_exactmetrics_skip_tracking":false,"_exactmetrics_sitenote_active":false,"_exactmetrics_sitenote_note":"","_exactmetrics_sitenote_category":0,"jetpack_post_was_ever_published":false,"_jetpack_newsletter_access":"","_jetpack_dont_email_post_to_subs":false,"_jetpack_newsletter_tier_id":0,"_jetpack_memberships_contains_paywalled_content":false,"_jetpack_memberships_contains_paid_content":false,"footnotes":"","jetpack_publicize_message":"","jetpack_publicize_feature_enabled":true,"jetpack_social_post_already_shared":true,"jetpack_social_options":{"image_generator_settings":{"template":"highway","enabled":false},"version":2}},"categories":[1],"tags":[488,772],"class_list":["post-34002","post","type-post","status-publish","format-standard","hentry","category-notas","tag-ari-uru-eu-wau-wau","tag-kaninde"],"jetpack_publicize_connections":[],"jetpack_sharing_enabled":true,"jetpack_featured_media_url":"","jetpack_shortlink":"https:\/\/wp.me\/p7wKYW-8Qq","jetpack-related-posts":[],"_links":{"self":[{"href":"http:\/\/blogdalucianaoliveira.com.br\/blog\/wp-json\/wp\/v2\/posts\/34002","targetHints":{"allow":["GET"]}}],"collection":[{"href":"http:\/\/blogdalucianaoliveira.com.br\/blog\/wp-json\/wp\/v2\/posts"}],"about":[{"href":"http:\/\/blogdalucianaoliveira.com.br\/blog\/wp-json\/wp\/v2\/types\/post"}],"author":[{"embeddable":true,"href":"http:\/\/blogdalucianaoliveira.com.br\/blog\/wp-json\/wp\/v2\/users\/1"}],"replies":[{"embeddable":true,"href":"http:\/\/blogdalucianaoliveira.com.br\/blog\/wp-json\/wp\/v2\/comments?post=34002"}],"version-history":[{"count":1,"href":"http:\/\/blogdalucianaoliveira.com.br\/blog\/wp-json\/wp\/v2\/posts\/34002\/revisions"}],"predecessor-version":[{"id":34004,"href":"http:\/\/blogdalucianaoliveira.com.br\/blog\/wp-json\/wp\/v2\/posts\/34002\/revisions\/34004"}],"wp:attachment":[{"href":"http:\/\/blogdalucianaoliveira.com.br\/blog\/wp-json\/wp\/v2\/media?parent=34002"}],"wp:term":[{"taxonomy":"category","embeddable":true,"href":"http:\/\/blogdalucianaoliveira.com.br\/blog\/wp-json\/wp\/v2\/categories?post=34002"},{"taxonomy":"post_tag","embeddable":true,"href":"http:\/\/blogdalucianaoliveira.com.br\/blog\/wp-json\/wp\/v2\/tags?post=34002"}],"curies":[{"name":"wp","href":"https:\/\/api.w.org\/{rel}","templated":true}]}}