{"id":34013,"date":"2022-07-17T16:41:33","date_gmt":"2022-07-17T20:41:33","guid":{"rendered":"http:\/\/blogdalucianaoliveira.com.br\/blog\/?p=34013"},"modified":"2022-07-17T16:41:37","modified_gmt":"2022-07-17T20:41:37","slug":"dia-de-protecao-as-florestas-conheca-paises-que-ganharam-mais-arvores-do-que-perderam","status":"publish","type":"post","link":"http:\/\/blogdalucianaoliveira.com.br\/blog\/2022\/07\/17\/dia-de-protecao-as-florestas-conheca-paises-que-ganharam-mais-arvores-do-que-perderam\/","title":{"rendered":"Dia de Prote\u00e7\u00e3o \u00e0s Florestas: conhe\u00e7a pa\u00edses que ganharam mais \u00e1rvores do que perderam"},"content":{"rendered":"\n<figure class=\"wp-block-image size-large\"><img data-recalc-dims=\"1\" loading=\"lazy\" decoding=\"async\" width=\"600\" height=\"410\" data-attachment-id=\"34014\" data-permalink=\"http:\/\/blogdalucianaoliveira.com.br\/blog\/2022\/07\/17\/dia-de-protecao-as-florestas-conheca-paises-que-ganharam-mais-arvores-do-que-perderam\/fed69c92-a232-45c9-b264-42a1f17a7538\/\" data-orig-file=\"https:\/\/i0.wp.com\/blogdalucianaoliveira.com.br\/blog\/wp-content\/uploads\/2022\/07\/FED69C92-A232-45C9-B264-42A1F17A7538.jpeg?fit=902%2C616\" data-orig-size=\"902,616\" data-comments-opened=\"0\" data-image-meta=\"{&quot;aperture&quot;:&quot;0&quot;,&quot;credit&quot;:&quot;&quot;,&quot;camera&quot;:&quot;&quot;,&quot;caption&quot;:&quot;&quot;,&quot;created_timestamp&quot;:&quot;0&quot;,&quot;copyright&quot;:&quot;&quot;,&quot;focal_length&quot;:&quot;0&quot;,&quot;iso&quot;:&quot;0&quot;,&quot;shutter_speed&quot;:&quot;0&quot;,&quot;title&quot;:&quot;&quot;,&quot;orientation&quot;:&quot;0&quot;}\" data-image-title=\"FED69C92-A232-45C9-B264-42A1F17A7538\" data-image-description=\"\" data-image-caption=\"\" data-medium-file=\"https:\/\/i0.wp.com\/blogdalucianaoliveira.com.br\/blog\/wp-content\/uploads\/2022\/07\/FED69C92-A232-45C9-B264-42A1F17A7538.jpeg?fit=300%2C205\" data-large-file=\"https:\/\/i0.wp.com\/blogdalucianaoliveira.com.br\/blog\/wp-content\/uploads\/2022\/07\/FED69C92-A232-45C9-B264-42A1F17A7538.jpeg?fit=600%2C410\" src=\"https:\/\/i0.wp.com\/blogdalucianaoliveira.com.br\/blog\/wp-content\/uploads\/2022\/07\/FED69C92-A232-45C9-B264-42A1F17A7538.jpeg?resize=600%2C410\" alt=\"\" class=\"wp-image-34014\" srcset=\"https:\/\/i0.wp.com\/blogdalucianaoliveira.com.br\/blog\/wp-content\/uploads\/2022\/07\/FED69C92-A232-45C9-B264-42A1F17A7538.jpeg?w=902 902w, https:\/\/i0.wp.com\/blogdalucianaoliveira.com.br\/blog\/wp-content\/uploads\/2022\/07\/FED69C92-A232-45C9-B264-42A1F17A7538.jpeg?resize=300%2C205 300w, https:\/\/i0.wp.com\/blogdalucianaoliveira.com.br\/blog\/wp-content\/uploads\/2022\/07\/FED69C92-A232-45C9-B264-42A1F17A7538.jpeg?resize=768%2C524 768w, https:\/\/i0.wp.com\/blogdalucianaoliveira.com.br\/blog\/wp-content\/uploads\/2022\/07\/FED69C92-A232-45C9-B264-42A1F17A7538.jpeg?resize=439%2C300 439w\" sizes=\"auto, (max-width: 600px) 100vw, 600px\" \/><\/figure>\n\n\n\n<h4 class=\"wp-block-heading\">Pa\u00edses europeus como Irlanda, Pol\u00f4nia, Dinamarca e Holanda tiveram alguns dos maiores aumentos na cobertura de \u00e1rvores. Mas o mundo ainda perdeu uma cobertura significativa<\/h4>\n\n\n\n<!--more-->\n\n\n\n<p>Por Reda\u00e7\u00e3o, do Um S\u00f3 Planeta<\/p>\n\n\n\n<p>Sabe-se que o&nbsp;<a href=\"https:\/\/umsoplaneta.globo.com\/indicadores\/desmatamento-no-brasil\/\"><strong>desmatamento<\/strong><\/a>&nbsp;\u00e9 um problema cont\u00ednuo e devastador \u2013 e tem reflexos ambientais, sociais e econ\u00f4micos. Mas outra quest\u00e3o importante recebe menos aten\u00e7\u00e3o: quanta floresta nova est\u00e1 crescendo? Gra\u00e7as a&nbsp;<a href=\"https:\/\/www.weforum.org\/agenda\/2022\/07\/countries-gaining-trees-than-losing\/\" target=\"_blank\" rel=\"noreferrer noopener\">novos dados<\/a>&nbsp;de pesquisadores da Universidade de Maryland, nos Estados Unidos, e do World Resources Institute (WRI), agora \u00e9 poss\u00edvel se ter uma resposta: a cobertura de \u00e1rvores est\u00e1 (re)surgindo em todo o mundo.<\/p>\n\n\n\n<p>Ao todo, 130,9 milh\u00f5es de hectares de terra ganharam cobertura de \u00e1rvores globalmente entre 2000 e 2020, de acordo com o estudo. O montante totaliza uma \u00e1rea maior do que o Peru: uma boa not\u00edcia a ser celebrada neste&nbsp;<strong>Dia de Prote\u00e7\u00e3o \u00e0s Florestas<\/strong>, comemorado anualmente em 17 de julho.<\/p>\n\n\n\n<p>Nem tudo, por\u00e9m, s\u00e3o boas novas: embora o mundo tenha conquistado uma \u00e1rea significativa de cobertura arb\u00f3rea nas \u00faltimas duas d\u00e9cadas, ainda perdeu muito mais, com uma redu\u00e7\u00e3o l\u00edquida total de mais de 100 milh\u00f5es de hectares. E novas \u00e1rvores n\u00e3o compensam a perda de florestas antigas e ricas em carbono.<\/p>\n\n\n\n<p>Esses novos dados oferecem uma chance de examinar onde e por que o ganho est\u00e1 acontecendo, abrindo novas oportunidades para monitorar e informar os esfor\u00e7os de restaura\u00e7\u00e3o florestal em todo o mundo.<\/p>\n\n\n\n<p>R\u00fassia, Canad\u00e1 e Estados Unidos compreendem mais da metade do ganho mundial de \u00e1rvores por \u00e1rea, em 68 milh\u00f5es de hectares coletivamente. No entanto, todos os tr\u00eas pa\u00edses tamb\u00e9m perderam mais cobertura de \u00e1rvores do que ganharam, obtendo perdas l\u00edquidas gerais de 2000 a 2020. No total, 36 pa\u00edses tiveram um ganho l\u00edquido de cobertura arb\u00f3rea nesse per\u00edodo, com padr\u00f5es regionais distintos.<\/p>\n\n\n\n<p>Pa\u00edses europeus, incluindo Irlanda, Pol\u00f4nia, Dinamarca e Holanda, tiveram alguns dos maiores aumentos. Considerando todo seu continente, a Europa tem mais cobertura florestal agora do que em 2000 \u2013 um aumento l\u00edquido de 6 milh\u00f5es de hectares.<\/p>\n\n\n\n<p>A \u00c1sia tamb\u00e9m tem uma grande propor\u00e7\u00e3o de pa\u00edses com ganho l\u00edquido, como Tajiquist\u00e3o e Quirguist\u00e3o, na \u00c1sia Central, e Bangladesh, \u00cdndia e Paquist\u00e3o, no sul da \u00c1sia.<\/p>\n\n\n\n<p>Os ganhos l\u00edquidos foram menores na \u00c1frica e nas Am\u00e9ricas. Na Am\u00e9rica do Sul, o Uruguai \u00e9 o \u00fanico pa\u00eds com ganho l\u00edquido, enquanto na \u00c1frica, os ganhos foram encontrados no Sud\u00e3o, Sud\u00e3o do Sul, Marrocos e Arg\u00e9lia.<\/p>\n","protected":false},"excerpt":{"rendered":"<p>Pa\u00edses europeus como Irlanda, Pol\u00f4nia, Dinamarca e Holanda tiveram alguns dos maiores aumentos na cobertura de \u00e1rvores. Mas o mundo ainda perdeu uma cobertura significativa<\/p>\n","protected":false},"author":1,"featured_media":0,"comment_status":"closed","ping_status":"open","sticky":false,"template":"","format":"standard","meta":{"_exactmetrics_skip_tracking":false,"_exactmetrics_sitenote_active":false,"_exactmetrics_sitenote_note":"","_exactmetrics_sitenote_category":0,"jetpack_post_was_ever_published":false,"_jetpack_newsletter_access":"","_jetpack_dont_email_post_to_subs":false,"_jetpack_newsletter_tier_id":0,"_jetpack_memberships_contains_paywalled_content":false,"_jetpack_memberships_contains_paid_content":false,"footnotes":"","jetpack_publicize_message":"","jetpack_publicize_feature_enabled":true,"jetpack_social_post_already_shared":true,"jetpack_social_options":{"image_generator_settings":{"template":"highway","enabled":false},"version":2}},"categories":[1],"tags":[],"class_list":["post-34013","post","type-post","status-publish","format-standard","hentry","category-notas"],"jetpack_publicize_connections":[],"jetpack_sharing_enabled":true,"jetpack_featured_media_url":"","jetpack_shortlink":"https:\/\/wp.me\/p7wKYW-8QB","jetpack-related-posts":[],"_links":{"self":[{"href":"http:\/\/blogdalucianaoliveira.com.br\/blog\/wp-json\/wp\/v2\/posts\/34013","targetHints":{"allow":["GET"]}}],"collection":[{"href":"http:\/\/blogdalucianaoliveira.com.br\/blog\/wp-json\/wp\/v2\/posts"}],"about":[{"href":"http:\/\/blogdalucianaoliveira.com.br\/blog\/wp-json\/wp\/v2\/types\/post"}],"author":[{"embeddable":true,"href":"http:\/\/blogdalucianaoliveira.com.br\/blog\/wp-json\/wp\/v2\/users\/1"}],"replies":[{"embeddable":true,"href":"http:\/\/blogdalucianaoliveira.com.br\/blog\/wp-json\/wp\/v2\/comments?post=34013"}],"version-history":[{"count":1,"href":"http:\/\/blogdalucianaoliveira.com.br\/blog\/wp-json\/wp\/v2\/posts\/34013\/revisions"}],"predecessor-version":[{"id":34015,"href":"http:\/\/blogdalucianaoliveira.com.br\/blog\/wp-json\/wp\/v2\/posts\/34013\/revisions\/34015"}],"wp:attachment":[{"href":"http:\/\/blogdalucianaoliveira.com.br\/blog\/wp-json\/wp\/v2\/media?parent=34013"}],"wp:term":[{"taxonomy":"category","embeddable":true,"href":"http:\/\/blogdalucianaoliveira.com.br\/blog\/wp-json\/wp\/v2\/categories?post=34013"},{"taxonomy":"post_tag","embeddable":true,"href":"http:\/\/blogdalucianaoliveira.com.br\/blog\/wp-json\/wp\/v2\/tags?post=34013"}],"curies":[{"name":"wp","href":"https:\/\/api.w.org\/{rel}","templated":true}]}}