{"id":34016,"date":"2022-07-17T16:47:27","date_gmt":"2022-07-17T20:47:27","guid":{"rendered":"http:\/\/blogdalucianaoliveira.com.br\/blog\/?p=34016"},"modified":"2022-07-17T16:47:33","modified_gmt":"2022-07-17T20:47:33","slug":"amazonia-ja-perdeu-mais-de-2-mil-campos-de-futebol-por-dia-de-floresta-em-2022-maior-devastacao-em-15-anos","status":"publish","type":"post","link":"http:\/\/blogdalucianaoliveira.com.br\/blog\/2022\/07\/17\/amazonia-ja-perdeu-mais-de-2-mil-campos-de-futebol-por-dia-de-floresta-em-2022-maior-devastacao-em-15-anos\/","title":{"rendered":"Amaz\u00f4nia j\u00e1 perdeu mais de 2 mil campos de futebol por dia de floresta em 2022, maior devasta\u00e7\u00e3o em 15 anos"},"content":{"rendered":"\n<figure class=\"wp-block-image size-large\"><img data-recalc-dims=\"1\" loading=\"lazy\" decoding=\"async\" width=\"600\" height=\"400\" data-attachment-id=\"34017\" data-permalink=\"http:\/\/blogdalucianaoliveira.com.br\/blog\/2022\/07\/17\/amazonia-ja-perdeu-mais-de-2-mil-campos-de-futebol-por-dia-de-floresta-em-2022-maior-devastacao-em-15-anos\/deforestation-of-public-non-destined-forests-in-the-amazon-in-brazildesmatamento-de-floresta-publica-nao-destinada-na-amazonia\/\" data-orig-file=\"https:\/\/i0.wp.com\/blogdalucianaoliveira.com.br\/blog\/wp-content\/uploads\/2022\/07\/61838589-3F6F-4E3E-801E-A40FEB8E7F66.jpeg?fit=800%2C533\" data-orig-size=\"800,533\" data-comments-opened=\"0\" data-image-meta=\"{&quot;aperture&quot;:&quot;0&quot;,&quot;credit&quot;:&quot;\\u00a9 Christian Braga \\\/ Greenpeace&quot;,&quot;camera&quot;:&quot;&quot;,&quot;caption&quot;:&quot;Aerial imagem of an overflight for monitoring deforestation in the Amazon, in L\\u00e1brea, Amazonas state, on March 26th, 2022.\\r\\nImagem a\\u00e9rea de sobrevoo de monitoramento de desmatamento na Amaz\\u00f4nia no munic\\u00edpio de L\\u00e1brea, Amazonas, realizado em 26 de mar\\u00e7o de 2022.&quot;,&quot;created_timestamp&quot;:&quot;0&quot;,&quot;copyright&quot;:&quot;\\u00a9 Christian Braga \\\/ Greenpeace&quot;,&quot;focal_length&quot;:&quot;0&quot;,&quot;iso&quot;:&quot;0&quot;,&quot;shutter_speed&quot;:&quot;0&quot;,&quot;title&quot;:&quot;Deforestation of Public Non-Destined Forests in the Amazon in Brazil\\r\\nDesmatamento de Floresta P\\u00fablica N\\u00e3o Destinada na Amaz\\u00f4nia&quot;,&quot;orientation&quot;:&quot;0&quot;}\" data-image-title=\"Deforestation of Public Non-Destined Forests in the Amazon in Brazil\r\nDesmatamento de Floresta P\u00fablica N\u00e3o Destinada na Amaz\u00f4nia\" data-image-description=\"\" data-image-caption=\"&lt;p&gt;Aerial imagem of an overflight for monitoring deforestation in the Amazon, in L\u00e1brea, Amazonas state, on March 26th, 2022.&lt;br \/&gt;\nImagem a\u00e9rea de sobrevoo de monitoramento de desmatamento na Amaz\u00f4nia no munic\u00edpio de L\u00e1brea, Amazonas, realizado em 26 de mar\u00e7o de 2022.&lt;\/p&gt;\n\" data-medium-file=\"https:\/\/i0.wp.com\/blogdalucianaoliveira.com.br\/blog\/wp-content\/uploads\/2022\/07\/61838589-3F6F-4E3E-801E-A40FEB8E7F66.jpeg?fit=300%2C200\" data-large-file=\"https:\/\/i0.wp.com\/blogdalucianaoliveira.com.br\/blog\/wp-content\/uploads\/2022\/07\/61838589-3F6F-4E3E-801E-A40FEB8E7F66.jpeg?fit=600%2C400\" src=\"https:\/\/i0.wp.com\/blogdalucianaoliveira.com.br\/blog\/wp-content\/uploads\/2022\/07\/61838589-3F6F-4E3E-801E-A40FEB8E7F66.jpeg?resize=600%2C400\" alt=\"\" class=\"wp-image-34017\" srcset=\"https:\/\/i0.wp.com\/blogdalucianaoliveira.com.br\/blog\/wp-content\/uploads\/2022\/07\/61838589-3F6F-4E3E-801E-A40FEB8E7F66.jpeg?w=800 800w, https:\/\/i0.wp.com\/blogdalucianaoliveira.com.br\/blog\/wp-content\/uploads\/2022\/07\/61838589-3F6F-4E3E-801E-A40FEB8E7F66.jpeg?resize=300%2C200 300w, https:\/\/i0.wp.com\/blogdalucianaoliveira.com.br\/blog\/wp-content\/uploads\/2022\/07\/61838589-3F6F-4E3E-801E-A40FEB8E7F66.jpeg?resize=768%2C512 768w, https:\/\/i0.wp.com\/blogdalucianaoliveira.com.br\/blog\/wp-content\/uploads\/2022\/07\/61838589-3F6F-4E3E-801E-A40FEB8E7F66.jpeg?resize=450%2C300 450w\" sizes=\"auto, (max-width: 600px) 100vw, 600px\" \/><\/figure>\n\n\n\n<p><strong>Em maio, o estado que mais desmatou foi Amazonas, onde o jornalista Dom Phillips e o indigenista Bruno Pereira foram assassinados<\/strong><\/p>\n\n\n\n<!--more-->\n\n\n\n<p>Imazon &#8211; Mesmo ap\u00f3s a explos\u00e3o do desmatamento no ano passado, o ritmo de destrui\u00e7\u00e3o da floresta amaz\u00f4nica segue aumentando neste ano. Apenas nos cinco primeiros meses de 2022, a Amaz\u00f4nia perdeu mais de 2 mil campos de futebol por dia de mata nativa, a maior devasta\u00e7\u00e3o dos \u00faltimos 15 anos para o per\u00edodo.\u00a0<br><br>Foram derrubados 3.360 km\u00b2 em apenas 151 dias, de janeiro a maio, uma \u00e1rea tr\u00eas vezes maior do que Bel\u00e9m. Os dados s\u00e3o do Sistema de Alerta de Desmatamento (SAD) do Instituto do Homem e Meio Ambiente da Amaz\u00f4nia (Imazon), que monitora a floresta por imagens de sat\u00e9lite desde 2008.<\/p>\n\n\n\n<div class=\"wp-block-image\"><figure class=\"aligncenter\"><img data-recalc-dims=\"1\" decoding=\"async\" src=\"https:\/\/i0.wp.com\/imazon.org.br\/wp-content\/uploads\/2022\/06\/SAD-Janeiro-a-Maio-2008-2022.jpg?w=600&#038;ssl=1\" alt=\"SAD Janeiro a Maio 2008 2022 - Amaz\u00f4nia j\u00e1 perdeu mais de 2 mil campos de futebol por dia de floresta em 2022, maior devasta\u00e7\u00e3o em 15 anos\" class=\"wp-image-43605\"\/><\/figure><\/div>\n\n\n\n<p>Apenas em maio, foram desmatados&nbsp;<a href=\"https:\/\/imazon.org.br\/wp-content\/uploads\/2022\/06\/SAD-Maio-2022.pdf\">1.476 km\u00b2<\/a>, o que representa 44% do acumulado do ano. Em compara\u00e7\u00e3o com maio de 2021, quando foram destru\u00eddos 1.125 km\u00b2, pior marca para o m\u00eas em 14 anos, a devasta\u00e7\u00e3o cresceu 31% em 2022. Com isso, um novo recorde negativo foi registrado na Amaz\u00f4nia: tivemos o pior maio dos \u00faltimos 15 anos.&nbsp;<\/p>\n\n\n\n<div class=\"wp-block-image\"><figure class=\"aligncenter\"><img data-recalc-dims=\"1\" decoding=\"async\" src=\"https:\/\/i0.wp.com\/imazon.org.br\/wp-content\/uploads\/2022\/06\/SAD-Maio-2008-2022.png?w=600&#038;ssl=1\" alt=\"SAD Maio 2008 2022 - Amaz\u00f4nia j\u00e1 perdeu mais de 2 mil campos de futebol por dia de floresta em 2022, maior devasta\u00e7\u00e3o em 15 anos\" class=\"wp-image-43606\"\/><\/figure><\/div>\n\n\n\n<p>Para al\u00e9m do cen\u00e1rio atual de desprote\u00e7\u00e3o da floresta, o coordenador do Programa de Monitoramento da Amaz\u00f4nia do Imazon, Carlos Souza Jr., alerta para o risco de novas quebras de recordes nos pr\u00f3ximos meses por mais dois motivos: a seca e as elei\u00e7\u00f5es.<\/p>\n\n\n\n<blockquote class=\"wp-block-quote is-layout-flow wp-block-quote-is-layout-flow\"><p><strong>\u201cMaio foi apenas o primeiro m\u00eas do per\u00edodo de seca na regi\u00e3o, quando as ocorr\u00eancias de desmatamento costumam se intensificar. Ainda temos mais todo o chamado \u2018ver\u00e3o amaz\u00f4nico\u2019 pela frente, que encerra entre setembro e outubro. Al\u00e9m disso, 2022 \u00e9 um ano eleitoral, outro contexto que est\u00e1 relacionado com o aumento da devasta\u00e7\u00e3o, pois as fiscaliza\u00e7\u00f5es tendem a diminuir\u201d<\/strong>, explica o pesquisador.<\/p><\/blockquote>\n\n\n\n<h3 class=\"wp-block-heading\"><strong>Amazonas teve aumento de 109% no desmatamento<\/strong><\/h3>\n\n\n\n<p>Em rela\u00e7\u00e3o aos nove estados que comp\u00f5em a Amaz\u00f4nia Legal, o que mais perdeu floresta em maio foi o Amazonas, onde o jornalista Dom Phillips e o indigenista Bruno Pereira foram mortos. O monitoramento do Imazon detectou 553 km\u00b2 de floresta destru\u00eddos em solo amazonense, 38% do registrado em toda a regi\u00e3o. Isso representou um aumento de 109% em rela\u00e7\u00e3o ao desmatamento identificado no estado em maio do ano passado: 264 km\u00b2.<br><br>No Amazonas, a devasta\u00e7\u00e3o tem avan\u00e7ado nas regi\u00f5es de divisa com o Acre, Rond\u00f4nia, Mato Grosso e Par\u00e1. Apenas uma cidade, Apu\u00ed, concentrou 214 km\u00b2 de desmatamento em maio, sendo o munic\u00edpio que mais destruiu a Amaz\u00f4nia no m\u00eas. Essa \u00e1rea equivale a 39% de toda a devasta\u00e7\u00e3o registrada no estado. Outros tr\u00eas munic\u00edpios amazonenses tamb\u00e9m ficaram na lista dos 10 que mais destru\u00edram a floresta em maio: L\u00e1brea, Novo Aripuan\u00e3 e Manicor\u00e9.<br><\/p>\n\n\n\n<p>\u201cEstamos chamando a aten\u00e7\u00e3o para o aumento do desmatamento no Amazonas e nesses munic\u00edpios desde o ano passado. Precisamos de a\u00e7\u00f5es estrat\u00e9gicas para impedir que essa destrui\u00e7\u00e3o siga avan\u00e7ando sob as \u00e1reas conservadas do estado e aumente a viol\u00eancia nessa regi\u00e3o\u201d, alerta Larissa Amorim, pesquisadora do Imazon.<\/p>\n\n\n\n<h3 class=\"wp-block-heading\"><strong>Par\u00e1, Mato Grosso e Rond\u00f4nia tamb\u00e9m foram destaques negativos<\/strong><\/h3>\n\n\n\n<p>O segundo estado que mais desmatou a Amaz\u00f4nia em maio foi o Par\u00e1, com 471 km\u00b2 (32%). Em solo paraense, um dos grandes problemas \u00e9 o avan\u00e7o da devasta\u00e7\u00e3o sobre \u00e1reas protegidas, como unidades de conserva\u00e7\u00e3o (UCs) e terras ind\u00edgenas (TIs). Seis das 10 UCs e quatro das 10 TIs mais desmatadas na Amaz\u00f4nia ficam no Par\u00e1.<\/p>\n\n\n\n<p>Em rela\u00e7\u00e3o \u00e0s unidades de conserva\u00e7\u00e3o, apenas a APA Triunfo do Xingu, que ocupa o topo do ranking das mais desmatadas na Amaz\u00f4nia, registrou 29% de toda a destrui\u00e7\u00e3o no Par\u00e1: 135 km\u00b2. E a terra ind\u00edgena Apyterewa, que sofreu&nbsp;<a href=\"https:\/\/www.socioambiental.org\/noticias-socioambientais\/indigenas-parakana-sofrem-ataques-de-grileiros-em-aldeias-no-para\">invas\u00f5es de grileiros<\/a>&nbsp;em maio, foi a mais desmatada da regi\u00e3o, com 5 km\u00b2 de floresta derrubados.<\/p>\n\n\n\n<p>J\u00e1 Mato Grosso, que ficou por quatro meses consecutivos como o estado que mais desmatou na Amaz\u00f4nia, ocupou a terceira posi\u00e7\u00e3o em maio, com 196 km\u00b2 (13%). Rond\u00f4nia ficou em quarto, com 178 km\u00b2 (12%).<\/p>\n\n\n\n<h3 class=\"wp-block-heading\"><strong>Justi\u00e7a por Dom e Bruno<\/strong><\/h3>\n\n\n\n<p>O Imazon se soma a todas as pessoas e institui\u00e7\u00f5es que manifestam solidariedade \u00e0s fam\u00edlias de Dom e Bruno neste momento de extrema tristeza e indigna\u00e7\u00e3o. Eles foram grandes companheiros na defesa da Amaz\u00f4nia e dos direitos humanos, que ser\u00e3o sempre lembrados com respeito e admira\u00e7\u00e3o.<\/p>\n\n\n\n<p>Por isso, o Imazon tamb\u00e9m se une ao movimento que exige justi\u00e7a por Dom e Bruno. Esse crime precisa ser investigado com empenho e imparcialidade para que todas as pessoas envolvidas sejam identificadas e devidamente punidas. A impunidade n\u00e3o pode prevalecer na Amaz\u00f4nia.<\/p>\n\n\n\n<h3 class=\"wp-block-heading\"><strong>Veja&nbsp;<a href=\"https:\/\/imazon.org.br\/publicacoes\/sistema-de-alerta-de-desmatamento-sad-maio-de-2022\/\">aqui<\/a>&nbsp;os dados de maio<\/strong><br><strong>Entenda mais sobre o SAD&nbsp;<a href=\"https:\/\/imazon.org.br\/publicacoes\/faq-sad\">aqui<\/a><\/strong><\/h3>\n","protected":false},"excerpt":{"rendered":"<p>Em maio, o estado que mais desmatou foi Amazonas, onde o jornalista Dom Phillips e o indigenista Bruno Pereira foram assassinados<\/p>\n","protected":false},"author":1,"featured_media":0,"comment_status":"closed","ping_status":"open","sticky":false,"template":"","format":"standard","meta":{"_exactmetrics_skip_tracking":false,"_exactmetrics_sitenote_active":false,"_exactmetrics_sitenote_note":"","_exactmetrics_sitenote_category":0,"jetpack_post_was_ever_published":false,"_jetpack_newsletter_access":"","_jetpack_dont_email_post_to_subs":false,"_jetpack_newsletter_tier_id":0,"_jetpack_memberships_contains_paywalled_content":false,"_jetpack_memberships_contains_paid_content":false,"footnotes":"","jetpack_publicize_message":"","jetpack_publicize_feature_enabled":true,"jetpack_social_post_already_shared":true,"jetpack_social_options":{"image_generator_settings":{"template":"highway","enabled":false},"version":2}},"categories":[1],"tags":[],"class_list":["post-34016","post","type-post","status-publish","format-standard","hentry","category-notas"],"jetpack_publicize_connections":[],"jetpack_sharing_enabled":true,"jetpack_featured_media_url":"","jetpack_shortlink":"https:\/\/wp.me\/p7wKYW-8QE","jetpack-related-posts":[],"_links":{"self":[{"href":"http:\/\/blogdalucianaoliveira.com.br\/blog\/wp-json\/wp\/v2\/posts\/34016","targetHints":{"allow":["GET"]}}],"collection":[{"href":"http:\/\/blogdalucianaoliveira.com.br\/blog\/wp-json\/wp\/v2\/posts"}],"about":[{"href":"http:\/\/blogdalucianaoliveira.com.br\/blog\/wp-json\/wp\/v2\/types\/post"}],"author":[{"embeddable":true,"href":"http:\/\/blogdalucianaoliveira.com.br\/blog\/wp-json\/wp\/v2\/users\/1"}],"replies":[{"embeddable":true,"href":"http:\/\/blogdalucianaoliveira.com.br\/blog\/wp-json\/wp\/v2\/comments?post=34016"}],"version-history":[{"count":1,"href":"http:\/\/blogdalucianaoliveira.com.br\/blog\/wp-json\/wp\/v2\/posts\/34016\/revisions"}],"predecessor-version":[{"id":34018,"href":"http:\/\/blogdalucianaoliveira.com.br\/blog\/wp-json\/wp\/v2\/posts\/34016\/revisions\/34018"}],"wp:attachment":[{"href":"http:\/\/blogdalucianaoliveira.com.br\/blog\/wp-json\/wp\/v2\/media?parent=34016"}],"wp:term":[{"taxonomy":"category","embeddable":true,"href":"http:\/\/blogdalucianaoliveira.com.br\/blog\/wp-json\/wp\/v2\/categories?post=34016"},{"taxonomy":"post_tag","embeddable":true,"href":"http:\/\/blogdalucianaoliveira.com.br\/blog\/wp-json\/wp\/v2\/tags?post=34016"}],"curies":[{"name":"wp","href":"https:\/\/api.w.org\/{rel}","templated":true}]}}