{"id":34019,"date":"2022-07-17T19:22:28","date_gmt":"2022-07-17T23:22:28","guid":{"rendered":"http:\/\/blogdalucianaoliveira.com.br\/blog\/?p=34019"},"modified":"2022-07-17T19:22:31","modified_gmt":"2022-07-17T23:22:31","slug":"na-amazonia-br-319-e-a-grande-preocupacao-diz-biologo-de-grupo-da-onu-que-ganhou-nobel","status":"publish","type":"post","link":"http:\/\/blogdalucianaoliveira.com.br\/blog\/2022\/07\/17\/na-amazonia-br-319-e-a-grande-preocupacao-diz-biologo-de-grupo-da-onu-que-ganhou-nobel\/","title":{"rendered":"&#8216;Na Amaz\u00f4nia, BR-319 \u00e9 a grande preocupa\u00e7\u00e3o&#8217;, diz bi\u00f3logo de grupo da ONU que ganhou Nobel"},"content":{"rendered":"\n<figure class=\"wp-block-image size-large\"><img data-recalc-dims=\"1\" loading=\"lazy\" decoding=\"async\" width=\"320\" height=\"300\" data-attachment-id=\"34020\" data-permalink=\"http:\/\/blogdalucianaoliveira.com.br\/blog\/2022\/07\/17\/na-amazonia-br-319-e-a-grande-preocupacao-diz-biologo-de-grupo-da-onu-que-ganhou-nobel\/44aaf6e3-c3d7-4a4c-9cce-1227c89c6348\/\" data-orig-file=\"https:\/\/i0.wp.com\/blogdalucianaoliveira.com.br\/blog\/wp-content\/uploads\/2022\/07\/44AAF6E3-C3D7-4A4C-9CCE-1227C89C6348.jpeg?fit=320%2C300\" data-orig-size=\"320,300\" data-comments-opened=\"0\" data-image-meta=\"{&quot;aperture&quot;:&quot;0&quot;,&quot;credit&quot;:&quot;&quot;,&quot;camera&quot;:&quot;&quot;,&quot;caption&quot;:&quot;&quot;,&quot;created_timestamp&quot;:&quot;0&quot;,&quot;copyright&quot;:&quot;&quot;,&quot;focal_length&quot;:&quot;0&quot;,&quot;iso&quot;:&quot;0&quot;,&quot;shutter_speed&quot;:&quot;0&quot;,&quot;title&quot;:&quot;&quot;,&quot;orientation&quot;:&quot;0&quot;}\" data-image-title=\"44AAF6E3-C3D7-4A4C-9CCE-1227C89C6348\" data-image-description=\"\" data-image-caption=\"\" data-medium-file=\"https:\/\/i0.wp.com\/blogdalucianaoliveira.com.br\/blog\/wp-content\/uploads\/2022\/07\/44AAF6E3-C3D7-4A4C-9CCE-1227C89C6348.jpeg?fit=300%2C281\" data-large-file=\"https:\/\/i0.wp.com\/blogdalucianaoliveira.com.br\/blog\/wp-content\/uploads\/2022\/07\/44AAF6E3-C3D7-4A4C-9CCE-1227C89C6348.jpeg?fit=320%2C300\" src=\"https:\/\/i0.wp.com\/blogdalucianaoliveira.com.br\/blog\/wp-content\/uploads\/2022\/07\/44AAF6E3-C3D7-4A4C-9CCE-1227C89C6348.jpeg?resize=320%2C300\" alt=\"\" class=\"wp-image-34020\" srcset=\"https:\/\/i0.wp.com\/blogdalucianaoliveira.com.br\/blog\/wp-content\/uploads\/2022\/07\/44AAF6E3-C3D7-4A4C-9CCE-1227C89C6348.jpeg?w=320 320w, https:\/\/i0.wp.com\/blogdalucianaoliveira.com.br\/blog\/wp-content\/uploads\/2022\/07\/44AAF6E3-C3D7-4A4C-9CCE-1227C89C6348.jpeg?resize=300%2C281 300w\" sizes=\"auto, (max-width: 320px) 100vw, 320px\" \/><\/figure>\n\n\n\n<p>Vin\u00edcius Valfr\u00e9, O Estado de S.Paulo\u00a0&#8211;\u00a0No encontro dos rios\u00a0<strong><a rel=\"noreferrer noopener\" href=\"https:\/\/tudo-sobre.estadao.com.br\/rio-negro-ms\" target=\"_blank\">Negro<\/a><\/strong>\u00a0e\u00a0<strong><a rel=\"noreferrer noopener\" href=\"https:\/\/tudo-sobre.estadao.com.br\/rio-solimoes\" target=\"_blank\">Solim\u00f5es<\/a><\/strong>, vive um cientista que fez parte de um grupo de pesquisadores laureado com o\u00a0<strong><a rel=\"noreferrer noopener\" href=\"https:\/\/tudo-sobre.estadao.com.br\/premio-nobel-da-paz\" target=\"_blank\">Nobel da Paz<\/a><\/strong>. Aos 75 anos, o bi\u00f3logo americano Philip Martin Fearnside gosta de mostrar a quem o visita em\u00a0<strong><a rel=\"noreferrer noopener\" href=\"https:\/\/tudo-sobre.estadao.com.br\/manaus-am\" target=\"_blank\">Manaus<\/a><\/strong>\u00a0uma tanimbuca de 600 anos. A \u00e1rvore de mais de 30 metros, numa \u00e1rea do\u00a0<strong><a rel=\"noreferrer noopener\" href=\"https:\/\/tudo-sobre.estadao.com.br\/inpa-instituto-nacional-de-pesquisas-da-amzonia\" target=\"_blank\">Instituto Nacional de Pesquisas da Amaz\u00f4nia (Inpa)<\/a><\/strong>, \u00e9 uma das esp\u00e9cies mais valiosas da floresta.<\/p>\n\n\n\n<!--more-->\n\n\n\n<p><a href=\"https:\/\/sustentabilidade.estadao.com.br\/noticias\/geral,com-recorde-de-queimadas-na-amazonia-desde-2007-governo-gasta-so-18-do-orcamento-contra-incendio,70004114825\">Com recorde de queimadas na Amaz\u00f4nia desde 2007, governo gasta s\u00f3 18% do or\u00e7amento contra inc\u00eandio<\/a><\/p>\n\n\n\n<p>A expans\u00e3o do desmatamento pode comprometer os \u201crios voadores\u201d, os ventos que levam vapores d\u2019\u00e1gua a diversas regi\u00f5es do Brasil. A \u00e1rea de impacto direto a partir dos primeiros ramais da estrada, somente na zona de interesse da explora\u00e7\u00e3o de petr\u00f3leo e g\u00e1s, equivale a tr\u00eas vezes o Estado de S\u00e3o Paulo.&nbsp;<\/p>\n\n\n\n<p>A conversa com a reportagem ocorreu a poucos quil\u00f4metros da grande \u00e1rvore, em outro c\u00e2mpus do Inpa, nas imedia\u00e7\u00f5es do seu escrit\u00f3rio, apinhado de livros, manuscritos e computadores. Fearnside \u00e9 membro do&nbsp;<strong><a href=\"https:\/\/tudo-sobre.estadao.com.br\/ipcc-painel-intergovernamental-sobre-mudancas-climaticas\" target=\"_blank\" rel=\"noreferrer noopener\">Painel de Clima da ONU<\/a><\/strong>, premiado com o Nobel em 2007 pelos alertas sobre os riscos do aquecimento global. Ele despertou seu interesse pela \u00e1rea ambiental quando, mais jovem, remava pelos rios polu\u00eddos dos Estados Unidos.&nbsp;<\/p>\n\n\n\n<p>Nascido na Calif\u00f3rnia e criado em Massachusetts, ele alerta para os riscos do efeito estufa desde os anos 1960. Fez pesquisas no Canad\u00e1 e na \u00cdndia e morou numa agrovila da Transamaz\u00f4nica para o doutorado. Mudou-se definitivamente para o Brasil em 1978. A mulher e as duas filhas s\u00e3o brasileiras. A seguir, os principais pontos da entrevista:&nbsp;<\/p>\n\n\n\n<h3 class=\"wp-block-heading\">Qual a maior amea\u00e7a \u00e0 Amaz\u00f4nia hoje?<\/h3>\n\n\n\n<p>Nossa grande preocupa\u00e7\u00e3o agora \u00e9 a BR-319 e o que poderia acontecer naquele grande bloco de florestas no oeste do&nbsp;<strong><a href=\"https:\/\/tudo-sobre.estadao.com.br\/amazonas-estado\" target=\"_blank\" rel=\"noreferrer noopener\">Amazonas<\/a><\/strong>&nbsp;que vai at\u00e9 o&nbsp;<strong><a href=\"https:\/\/tudo-sobre.estadao.com.br\/vale-do-javari\" target=\"_blank\" rel=\"noreferrer noopener\">Vale do Javari<\/a><\/strong>. Seria catastr\u00f3fica toda a abertura daquela \u00e1rea. S\u00e3o Paulo depende daquela parte da floresta para a sua chuva. Em 2014 faltou \u00e1gua para beber. No ano passado tamb\u00e9m teve seca. Mudou o padr\u00e3o de secas. N\u00e3o exatamente por causa do desmatamento, mas isso significa que tem menos margem. Parar de ter esse transporte de \u00e1gua da Amaz\u00f4nia para l\u00e1, com os chamados \u201crios voadores\u201d, seria catastr\u00f3fico para o Brasil.&nbsp;<\/p>\n\n\n\n<p>Nossa grande preocupa\u00e7\u00e3o agora \u00e9 a BR-319 e o que poderia acontecer naquele grande bloco de florestas no oeste do Amazonas que vai at\u00e9 o Vale do Javari. Seria catastr\u00f3fica toda a abertura daquela \u00e1rea. S\u00e3o Paulo depende daquela parte da floresta para a sua chuva<\/p>\n\n\n\n<p><strong>Philip Martin Fearnside<\/strong>, bi\u00f3logo<\/p>\n\n\n\n<h3 class=\"wp-block-heading\">Como a reconstru\u00e7\u00e3o dessa estrada seria um problema t\u00e3o grave?<\/h3>\n\n\n\n<p>At\u00e9 agora o desmatamento tem se concentrado no chamado \u201carco do desmatamento\u201d, nas partes sul e leste da floresta. A BR-319 liga o arco do desmatamento com Manaus e migra os atores que desmataram tudo. E tem as estradas que seriam ligadas \u00e0 rodovia. Ningu\u00e9m fala sobre essas. Fingem que \u00e9 s\u00f3 a estrada principal. Elas v\u00e3o perfurar todas as unidades de conserva\u00e7\u00e3o que foram criadas para barrar o avan\u00e7o do desmatamento. Simplesmente isso leva os desmatadores para o outro lado. Tamb\u00e9m tem um grande projeto de g\u00e1s e petr\u00f3leo na \u00e1rea do Solim\u00f5es. Isso daria impulso para fazer outras estradas. Tem todo um discurso de que ter\u00e1 governan\u00e7a, que a 319 vai ser ideal para o mundo. Mas hoje aquilo \u00e9 uma terra sem lei. N\u00e3o ser\u00e1 da noite para o dia que v\u00e3o come\u00e7ar a seguir as leis. Al\u00e9m disso, a \u00e1rea que seria aberta no oeste&nbsp;<em>(da Amaz\u00f4nia, em consequ\u00eancia do acesso facilitado pela rodovia)<\/em>&nbsp;n\u00e3o \u00e9 \u00e1rea de terras n\u00e3o destinadas, as chamadas terras devolutas. E isso \u00e9 mais atraente para grileiros. O bloco a oeste segura a situa\u00e7\u00e3o ambiental no Brasil hoje.&nbsp;<\/p>\n\n\n\n<h3 class=\"wp-block-heading\">Pesquisas pioneiras do Inpa apontam para esse cen\u00e1rio h\u00e1 anos. Diagn\u00f3sticos que saem daqui s\u00e3o alarmantes. Por que \u00e9 t\u00e3o dif\u00edcil sensibilizar governantes, o sistema pol\u00edtico e formadores de opini\u00e3o para o tamanho do problema?<\/h3>\n\n\n\n<p>N\u00e3o deveria ser t\u00e3o dif\u00edcil. Mas \u00e9 evidente que precisa mudar. As pessoas est\u00e3o preocupadas com outros problemas e essas quest\u00f5es essenciais ficam de lado. N\u00e3o \u00e9 s\u00f3 quest\u00e3o de dinheiro. S\u00e3o recursos humanos e sociais.&nbsp;<\/p>\n\n\n\n<h3 class=\"wp-block-heading\">O senhor j\u00e1 constatou que cerca de 20% da floresta foi desmatada e pode ser que cheguemos em breve a um \u201cponto de n\u00e3o retorno\u201d. Como a floresta reage ao avan\u00e7o do desmatamento?<\/h3>\n\n\n\n<p>A floresta fica enfraquecida e n\u00e3o consegue ter resili\u00eancia para resistir \u00e0s secas. Tem trabalhos preocupantes que mostram que isso j\u00e1 acontece na parte sul. H\u00e1 os pontos de n\u00e3o retorno, em que o sistema pode entrar em colapso e n\u00e3o voltar. Uma das coisas \u00e9 o porcentual da floresta que foi desmatado. Ningu\u00e9m tem um bom n\u00famero, mas se sabe que est\u00e1 perto. Na parte leste da Amaz\u00f4nia j\u00e1 podemos ter ultrapassado esse ponto. Um grupo do&nbsp;<em>(climatologista brasileiro)<\/em>&nbsp;<strong><a href=\"https:\/\/tudo-sobre.estadao.com.br\/carlos-nobre\" target=\"_blank\" rel=\"noreferrer noopener\">Carlos Nobre<\/a><\/strong>, em 2007, publicou um trabalho sobre a rela\u00e7\u00e3o de desmatamento e chuva, principalmente em \u00e9pocas de seca. Calcularam que mudaria o clima se cerca de 40% da floresta fosse cortada. Seria esse um ponto de n\u00e3o retorno. E a\u00ed, em 2018, o Nobre e Thomas Lovejoy&nbsp;<em>(bi\u00f3logo e ambientalista americano, que morreu em 2021)<\/em>&nbsp;publicaram um editorial sugerindo que esse ponto seria entre 20% e 25%. J\u00e1 estamos nos 20%. Na parte leste s\u00e3o bem mais de 20%. Al\u00e9m disso, tem a temperatura, que afeta a floresta e o clima global. Quando a temperatura aumenta, qualquer planta precisa de mais \u00e1gua para sobreviver. Ent\u00e3o n\u00e3o chove e a previs\u00e3o \u00e9 de que tenham mais secas. Muitas \u00e1rvores morreriam de sede.&nbsp;<\/p>\n\n\n\n<h3 class=\"wp-block-heading\">Os trabalhos acad\u00eamicos colocam claramente os riscos e consequ\u00eancias do desleixo ambiental. O senhor se sente contemplado, ouvido por outros setores?<\/h3>\n\n\n\n<p>A gente produz informa\u00e7\u00f5es, publico trabalhos cient\u00edficos, dou palestras. Ningu\u00e9m est\u00e1 obrigado a ouvir e a tomar provid\u00eancias. A gente espera que isso tenha influ\u00eancia. As pessoas que s\u00e3o respons\u00e1veis pelas decis\u00f5es que afetam o desmatamento t\u00eam de levar isso em conta. Mas n\u00e3o tem ocorrido recentemente.&nbsp;<\/p>\n\n\n\n<h3 class=\"wp-block-heading\">E nota algum grupo pol\u00edtico que realmente faz um debate s\u00e9rio a respeito dos problemas ambientais? O dito campo \u201cprogressista\u201d d\u00e1 ao tema o peso devido?<\/h3>\n\n\n\n<p>H\u00e1 pol\u00edticos interessados, frente ambiental no Congresso. Mas o outro lado \u00e9 muito mais poderoso. Tem forte influ\u00eancia do agroneg\u00f3cio e outros atores em todas as decis\u00f5es. Tem a boiada passando no Congresso. \u00c9 perigoso perdermos todo o sistema de licenciamento ambiental, fragilizar \u00e1reas protegidas. As coisas que est\u00e3o na pauta t\u00eam grandes riscos para o meio ambiente.&nbsp;<\/p>\n\n\n\n<h3 class=\"wp-block-heading\">O senhor vive na Amaz\u00f4nia desde os anos 1970. Pode tra\u00e7ar uma cronologia da rela\u00e7\u00e3o do homem com a floresta?<\/h3>\n\n\n\n<p>Houve altos e baixos. Nos anos 1970, tinha o governo militar que fez a Transamaz\u00f4nica, promoveu a Sudam&nbsp;<em>(Superintend\u00eancia do Desenvolvimento da Amaz\u00f4nia)<\/em>, financiou pastagens, serrarias. Coisas que levavam a muita destrui\u00e7\u00e3o e colocavam mais processos de desmatamento. Teve o grande boom de constru\u00e7\u00e3o de estradas. Em termos de criar unidades de conserva\u00e7\u00e3o, o governo&nbsp;<strong><a href=\"https:\/\/tudo-sobre.estadao.com.br\/fernando-henrique-cardoso\" target=\"_blank\" rel=\"noreferrer noopener\">Fernando Henrique Cardoso<\/a><\/strong>&nbsp;fez mais. Em 2008, isso basicamente parou, tanto no n\u00edvel federal quanto no Estado do Amazonas. Depois, houve v\u00e1rios avan\u00e7os, como a demarca\u00e7\u00e3o de 40 milh\u00f5es de hectares de terras ind\u00edgenas, algo muito importante. Desde que entrou o atual governo, em 2019, n\u00e3o se criou nenhuma terra ind\u00edgena e teve um monte de reveses de todos os tipos.&nbsp;<\/p>\n\n\n\n<h3 class=\"wp-block-heading\">Quais os piores reveses?<\/h3>\n\n\n\n<p>N\u00e3o s\u00e3o s\u00f3 as coisas concretas, de desmantelamento de Ibama, ICMBio&nbsp;<em>(\u00f3rg\u00e3os ligados ao Minist\u00e9rio do Meio Ambiente)<\/em>&nbsp;e Funai&nbsp;<em>(Funda\u00e7\u00e3o Nacional do \u00cdndio)<\/em>. A mensagem que se passa \u00e9 igualmente grave: de que se pode violar leis ambientais e que depois ser\u00e1 anistiado. Tem a sequ\u00eancia de leis que facilitam grilagem de terras. Cria uma expectativa de que tudo vai continuar, de que pode invadir \u00e1reas preservadas e vai dar tudo certo. \u00c9 mais f\u00e1cil recuperar \u00f3rg\u00e3os, or\u00e7amentos. Mas a mensagem \u00e9 algo muito pernicioso e dif\u00edcil de ser revertido.&nbsp;<\/p>\n\n\n\n<h3 class=\"wp-block-heading\">O senhor considera que em 2019 come\u00e7ou um retrocesso sem precedentes?<\/h3>\n\n\n\n<p>O mundo est\u00e1 mais preocupado, percebe o efeito do aquecimento global. Mas no Brasil isso n\u00e3o mudou a pol\u00edtica do governo, que continua negando a exist\u00eancia de mudan\u00e7a clim\u00e1tica antropog\u00eanica e minando coisas relevantes. Obviamente, existe gente no Brasil tentando fazer coisas, mas n\u00e3o \u00e9 de cima para baixo.&nbsp;<\/p>\n\n\n\n<h3 class=\"wp-block-heading\">Acredita que o modo como o Pa\u00eds lida com a tem\u00e1tica ambiental muda significativamente a partir de 2023?<\/h3>\n\n\n\n<p>Depende de quem ganhar a elei\u00e7\u00e3o. Se for&nbsp;<em>(o presidente Jair)<\/em>&nbsp;<strong><a href=\"https:\/\/tudo-sobre.estadao.com.br\/jair-bolsonaro\" target=\"_blank\" rel=\"noreferrer noopener\">Bolsonaro<\/a><\/strong>, talvez continuemos os problemas de hoje. Se for&nbsp;<em>(o ex-presidente)<\/em>&nbsp;<strong><a href=\"https:\/\/tudo-sobre.estadao.com.br\/lula-luiz-inacio-lula-da-silva\" target=\"_blank\" rel=\"noreferrer noopener\">Lula<\/a><\/strong>, ele fala coisas mais favor\u00e1veis ao meio ambiente, pelo menos em termos do desmatamento e de povos ind\u00edgenas. Mas na parte de hidrel\u00e9tricas temos outra quest\u00e3o. Lula foi o respons\u00e1vel pelas barragens do&nbsp;<strong><a href=\"https:\/\/tudo-sobre.estadao.com.br\/rio-madeira\" target=\"_blank\" rel=\"noreferrer noopener\">Rio Madeira<\/a><\/strong>, de&nbsp;<strong><a href=\"https:\/\/tudo-sobre.estadao.com.br\/hidreletrica-de-belo-monte\" target=\"_blank\" rel=\"noreferrer noopener\">Belo Monte<\/a><\/strong>. Ele deu entrevistas recentes dizendo que faria tudo de novo. Em um canal franc\u00eas, foi perguntado se estava arrependido do desastre em Belo Monte. Ele justificou tudo. Falou que foi muito bom, que gastou milh\u00f5es na parte social. Fiquei com a cara no ch\u00e3o. Tem de ver o que vai acontecer nas diferentes partes da \u00e1rea ambiental.&nbsp;<\/p>\n\n\n\n<h3 class=\"wp-block-heading\">Recentemente o senhor sofreu ataques xen\u00f3fobos. \u00c9 cansativo fazer ci\u00eancia? N\u00e3o fica incomodado por de certa forma falar sozinho e sofrer repres\u00e1lias?<\/h3>\n\n\n\n<p>Existem dificuldades. Essas coisas desagrad\u00e1veis realmente podem acontecer. Mas se isso te impede de fazer as coisas, ningu\u00e9m faz nada. \u00c9 importante n\u00e3o ser fatalista, achar que tudo vai acabar e que n\u00e3o h\u00e1 o que se fazer. S\u00e3o coisas que dependem da decis\u00e3o humana. E essa precisa ter informa\u00e7\u00f5es para decidir. \u00c9 o que fazemos.&nbsp;<\/p>\n\n\n\n<figure class=\"wp-block-image\"><img data-recalc-dims=\"1\" decoding=\"async\" src=\"https:\/\/i0.wp.com\/img.youtube.com\/vi\/cF4TScMETDU\/hqdefault.jpg?w=600&#038;ssl=1\" alt=\"\"\/><\/figure>\n\n\n\n<figure class=\"wp-block-embed-youtube wp-block-embed is-type-video is-provider-youtube wp-embed-aspect-16-9 wp-has-aspect-ratio\"><div class=\"wp-block-embed__wrapper\">\n<div class=\"jetpack-video-wrapper\"><iframe loading=\"lazy\" title=\"Philip Fearnside: as amea\u00e7as \u00e0 Amaz\u00f4nia que impactam todo o Brasil\" width=\"600\" height=\"338\" src=\"https:\/\/www.youtube.com\/embed\/cF4TScMETDU?feature=oembed\" frameborder=\"0\" allow=\"accelerometer; autoplay; clipboard-write; encrypted-media; gyroscope; picture-in-picture; web-share\" referrerpolicy=\"strict-origin-when-cross-origin\" allowfullscreen><\/iframe><\/div>\n<\/div><\/figure>\n\n\n\n<h3 class=\"wp-block-heading\">Nos \u00faltimos anos cresceu a preocupa\u00e7\u00e3o internacional com a Amaz\u00f4nia. Na campanha,&nbsp;<em>(o presidente americano)<\/em>&nbsp;Joe Biden fez cr\u00edticas ao governo Bolsonaro. Como define essa preocupa\u00e7\u00e3o de atores mundiais com a floresta?<\/h3>\n\n\n\n<p>Tem muita oportunidade para esse tipo de ajuda. Mas o Brasil tem de oferecer um meio para que os pa\u00edses que contribuam tenham certeza de que isso vai ajudar o meio ambiente. S\u00f3 que o governo est\u00e1 querendo doa\u00e7\u00e3o para o or\u00e7amento do Brasil. A\u00ed n\u00e3o. Se n\u00e3o vai para emendas parlamentares e tudo o mais o que o governo queira fazer. Tem de ter estrutura institucional que garanta que a coisa seja usada para o meio ambiente. O&nbsp;<strong><a href=\"https:\/\/tudo-sobre.estadao.com.br\/fundo-amazonia\" target=\"_blank\" rel=\"noreferrer noopener\">Fundo Amaz\u00f4nia<\/a><\/strong>&nbsp;infelizmente foi praticamente destru\u00eddo pelo atual governo, que violou acordo com pa\u00edses doadores. Tem de ser reconstru\u00eddo. H\u00e1 uma vers\u00e3o de que a proposta de permitir a explora\u00e7\u00e3o de terras ind\u00edgenas tem a ver com a produ\u00e7\u00e3o para a seguran\u00e7a alimentar e desenvolvimento econ\u00f4mico. O Brasil n\u00e3o precisa disso. Tem a propaganda que se n\u00e3o fizer isso as pessoas v\u00e3o passar fome. Mas o Brasil j\u00e1 \u00e9 o maior exportador do mundo de carne de boi e soja. Significa que mais que se desmata \u00e9 para exporta\u00e7\u00e3o. N\u00e3o \u00e9 para a popula\u00e7\u00e3o brasileira comer. \u00c9 uma coisa que n\u00e3o \u00e9 necess\u00e1ria. Voc\u00ea est\u00e1 jogando fora a parte ambiental e social e n\u00e3o tem essa necessidade que est\u00e1 sendo retratada.&nbsp;<\/p>\n\n\n\n<p>H\u00e1 uma vers\u00e3o de que a proposta de permitir a explora\u00e7\u00e3o de terras ind\u00edgenas tem a ver com a produ\u00e7\u00e3o para a seguran\u00e7a alimentar e desenvolvimento econ\u00f4mico. O Brasil n\u00e3o precisa disso. Tem a propaganda que se n\u00e3o fizer isso as pessoas v\u00e3o passar fome. Mas o Brasil j\u00e1 \u00e9 o maior exportador do mundo de carne de boi e soja<\/p>\n\n\n\n<p><strong>Philip Martin Fearnside<\/strong>, bi\u00f3logo<\/p>\n\n\n\n<h3 class=\"wp-block-heading\">O que os assassinatos de Bruno Pereira&nbsp;<em>(indigenista)<\/em>&nbsp;e Dom Phillips&nbsp;<em>(jornalista)<\/em>representam para a prote\u00e7\u00e3o da floresta?<\/h3>\n\n\n\n<p>\u00c9 um sinal de como as coisas est\u00e3o. Espero que as pessoas estejam acordando para essa terra sem lei, para o desmonte da Funai. \u00c9 uma trag\u00e9dia grande e representa muitas outras coisas. Centenas de pessoas t\u00eam sido mortas em diferentes tipos de conflito. Tem de haver alguma mudan\u00e7a.&nbsp;<\/p>\n\n\n\n<h3 class=\"wp-block-heading\">Phillips morreu enquanto levantava informa\u00e7\u00f5es para o livro que se chamaria&nbsp;<em>Como Salvar a Amaz\u00f4nia?<\/em>. Ent\u00e3o, como salvar a Amaz\u00f4nia?<\/h3>\n\n\n\n<p>Tem de mudar como as decis\u00f5es s\u00e3o tomadas. A reconstru\u00e7\u00e3o da BR-319 evidentemente n\u00e3o leva em conta o impacto. \u00c9 feita por outras raz\u00f5es. N\u00e3o h\u00e1 benef\u00edcio econ\u00f4mico. Outras obras, como a BR-163&nbsp;<em>(Cuiab\u00e1-Santar\u00e9m)<\/em>, t\u00eam impactos, mas n\u00e3o d\u00e1 pra dizer que n\u00e3o tem papel econ\u00f4mico transportando soja do&nbsp;<strong><a href=\"https:\/\/tudo-sobre.estadao.com.br\/mato-grosso-estado\" target=\"_blank\" rel=\"noreferrer noopener\">Mato Grosso<\/a><\/strong>. As pessoas t\u00eam de entender que esses problemas como o da BR-319 n\u00e3o s\u00e3o irrevers\u00edveis. S\u00e3o decis\u00f5es humanas. \u00c9 importante n\u00e3o ser fatalista sobre isso, assim como a vis\u00e3o sobre mudan\u00e7a clim\u00e1tica. As pessoas pensam que est\u00e1 tudo perdido, vai tudo acabar mesmo e se preocupam com outro assunto. Importante n\u00e3o entrar na armadilha de fatalismo.<\/p>\n","protected":false},"excerpt":{"rendered":"<p>Vin\u00edcius Valfr\u00e9, O Estado de S.Paulo\u00a0&#8211;\u00a0No encontro dos rios\u00a0Negro\u00a0e\u00a0Solim\u00f5es, vive um cientista que fez parte de um grupo de pesquisadores laureado com o\u00a0Nobel da Paz. Aos 75 anos, o bi\u00f3logo americano Philip Martin Fearnside gosta de mostrar a quem o visita em\u00a0Manaus\u00a0uma tanimbuca de 600 anos. A \u00e1rvore de mais de 30 metros, numa \u00e1rea&#8230;<a class=\"more-link\" href=\"http:\/\/blogdalucianaoliveira.com.br\/blog\/2022\/07\/17\/na-amazonia-br-319-e-a-grande-preocupacao-diz-biologo-de-grupo-da-onu-que-ganhou-nobel\/\">Continue a leitura <span class=\"meta-nav\">&raquo;<\/span><\/a><\/p>\n","protected":false},"author":1,"featured_media":0,"comment_status":"closed","ping_status":"open","sticky":false,"template":"","format":"standard","meta":{"_exactmetrics_skip_tracking":false,"_exactmetrics_sitenote_active":false,"_exactmetrics_sitenote_note":"","_exactmetrics_sitenote_category":0,"jetpack_post_was_ever_published":false,"_jetpack_newsletter_access":"","_jetpack_dont_email_post_to_subs":false,"_jetpack_newsletter_tier_id":0,"_jetpack_memberships_contains_paywalled_content":false,"_jetpack_memberships_contains_paid_content":false,"footnotes":"","jetpack_publicize_message":"","jetpack_publicize_feature_enabled":true,"jetpack_social_post_already_shared":true,"jetpack_social_options":{"image_generator_settings":{"template":"highway","enabled":false},"version":2}},"categories":[1],"tags":[],"class_list":["post-34019","post","type-post","status-publish","format-standard","hentry","category-notas"],"jetpack_publicize_connections":[],"jetpack_sharing_enabled":true,"jetpack_featured_media_url":"","jetpack_shortlink":"https:\/\/wp.me\/p7wKYW-8QH","jetpack-related-posts":[],"_links":{"self":[{"href":"http:\/\/blogdalucianaoliveira.com.br\/blog\/wp-json\/wp\/v2\/posts\/34019","targetHints":{"allow":["GET"]}}],"collection":[{"href":"http:\/\/blogdalucianaoliveira.com.br\/blog\/wp-json\/wp\/v2\/posts"}],"about":[{"href":"http:\/\/blogdalucianaoliveira.com.br\/blog\/wp-json\/wp\/v2\/types\/post"}],"author":[{"embeddable":true,"href":"http:\/\/blogdalucianaoliveira.com.br\/blog\/wp-json\/wp\/v2\/users\/1"}],"replies":[{"embeddable":true,"href":"http:\/\/blogdalucianaoliveira.com.br\/blog\/wp-json\/wp\/v2\/comments?post=34019"}],"version-history":[{"count":1,"href":"http:\/\/blogdalucianaoliveira.com.br\/blog\/wp-json\/wp\/v2\/posts\/34019\/revisions"}],"predecessor-version":[{"id":34021,"href":"http:\/\/blogdalucianaoliveira.com.br\/blog\/wp-json\/wp\/v2\/posts\/34019\/revisions\/34021"}],"wp:attachment":[{"href":"http:\/\/blogdalucianaoliveira.com.br\/blog\/wp-json\/wp\/v2\/media?parent=34019"}],"wp:term":[{"taxonomy":"category","embeddable":true,"href":"http:\/\/blogdalucianaoliveira.com.br\/blog\/wp-json\/wp\/v2\/categories?post=34019"},{"taxonomy":"post_tag","embeddable":true,"href":"http:\/\/blogdalucianaoliveira.com.br\/blog\/wp-json\/wp\/v2\/tags?post=34019"}],"curies":[{"name":"wp","href":"https:\/\/api.w.org\/{rel}","templated":true}]}}