{"id":34022,"date":"2022-07-18T11:30:02","date_gmt":"2022-07-18T15:30:02","guid":{"rendered":"http:\/\/blogdalucianaoliveira.com.br\/blog\/?p=34022"},"modified":"2022-07-18T11:30:06","modified_gmt":"2022-07-18T15:30:06","slug":"justica-federal-acolhe-acao-civil-publica-movida-pelo-mpro-e-mpf-que-pediu-a-inclusao-de-estudos-de-impactos-as-comunidades-indigenas-no-entorno-da-construcao-da-hidreletrica-tabajara","status":"publish","type":"post","link":"http:\/\/blogdalucianaoliveira.com.br\/blog\/2022\/07\/18\/justica-federal-acolhe-acao-civil-publica-movida-pelo-mpro-e-mpf-que-pediu-a-inclusao-de-estudos-de-impactos-as-comunidades-indigenas-no-entorno-da-construcao-da-hidreletrica-tabajara\/","title":{"rendered":"Justi\u00e7a Federal acolhe A\u00e7\u00e3o Civil P\u00fablica movida pelo MPRO e MPF, que pediu a inclus\u00e3o de estudos de impactos \u00e0s comunidades ind\u00edgenas no entorno da constru\u00e7\u00e3o da Hidrel\u00e9trica Tabajara"},"content":{"rendered":"\n<figure class=\"wp-block-image size-large\"><img data-recalc-dims=\"1\" loading=\"lazy\" decoding=\"async\" width=\"600\" height=\"355\" data-attachment-id=\"34023\" data-permalink=\"http:\/\/blogdalucianaoliveira.com.br\/blog\/2022\/07\/18\/justica-federal-acolhe-acao-civil-publica-movida-pelo-mpro-e-mpf-que-pediu-a-inclusao-de-estudos-de-impactos-as-comunidades-indigenas-no-entorno-da-construcao-da-hidreletrica-tabajara\/ffc4409a-5fc5-482f-8003-c66fc173d89b\/\" data-orig-file=\"https:\/\/i0.wp.com\/blogdalucianaoliveira.com.br\/blog\/wp-content\/uploads\/2022\/07\/FFC4409A-5FC5-482F-8003-C66FC173D89B.jpeg?fit=845%2C500\" data-orig-size=\"845,500\" data-comments-opened=\"0\" data-image-meta=\"{&quot;aperture&quot;:&quot;0&quot;,&quot;credit&quot;:&quot;&quot;,&quot;camera&quot;:&quot;&quot;,&quot;caption&quot;:&quot;&quot;,&quot;created_timestamp&quot;:&quot;0&quot;,&quot;copyright&quot;:&quot;&quot;,&quot;focal_length&quot;:&quot;0&quot;,&quot;iso&quot;:&quot;0&quot;,&quot;shutter_speed&quot;:&quot;0&quot;,&quot;title&quot;:&quot;&quot;,&quot;orientation&quot;:&quot;1&quot;}\" data-image-title=\"FFC4409A-5FC5-482F-8003-C66FC173D89B\" data-image-description=\"\" data-image-caption=\"\" data-medium-file=\"https:\/\/i0.wp.com\/blogdalucianaoliveira.com.br\/blog\/wp-content\/uploads\/2022\/07\/FFC4409A-5FC5-482F-8003-C66FC173D89B.jpeg?fit=300%2C178\" data-large-file=\"https:\/\/i0.wp.com\/blogdalucianaoliveira.com.br\/blog\/wp-content\/uploads\/2022\/07\/FFC4409A-5FC5-482F-8003-C66FC173D89B.jpeg?fit=600%2C355\" src=\"https:\/\/i0.wp.com\/blogdalucianaoliveira.com.br\/blog\/wp-content\/uploads\/2022\/07\/FFC4409A-5FC5-482F-8003-C66FC173D89B.jpeg?resize=600%2C355\" alt=\"\" class=\"wp-image-34023\" srcset=\"https:\/\/i0.wp.com\/blogdalucianaoliveira.com.br\/blog\/wp-content\/uploads\/2022\/07\/FFC4409A-5FC5-482F-8003-C66FC173D89B.jpeg?w=845 845w, https:\/\/i0.wp.com\/blogdalucianaoliveira.com.br\/blog\/wp-content\/uploads\/2022\/07\/FFC4409A-5FC5-482F-8003-C66FC173D89B.jpeg?resize=300%2C178 300w, https:\/\/i0.wp.com\/blogdalucianaoliveira.com.br\/blog\/wp-content\/uploads\/2022\/07\/FFC4409A-5FC5-482F-8003-C66FC173D89B.jpeg?resize=768%2C454 768w, https:\/\/i0.wp.com\/blogdalucianaoliveira.com.br\/blog\/wp-content\/uploads\/2022\/07\/FFC4409A-5FC5-482F-8003-C66FC173D89B.jpeg?resize=507%2C300 507w\" sizes=\"auto, (max-width: 600px) 100vw, 600px\" \/><\/figure>\n\n\n\n<p>Sustentou-se, assim, a an\u00e1lise integrada destes impactos na \u00e1rea, que coincide exatamente com a \u00e1rea de circula\u00e7\u00e3o dos grupos isolados, apontando com detalhes as consequ\u00eancias da altera\u00e7\u00e3o adversa no habitat para esses indiv\u00edduos.<\/p>\n\n\n\n<!--more-->\n\n\n\n<p><strong>Ger\u00eancia de Comunica\u00e7\u00e3o Integrada (GCI)<\/strong> &#8211; A Justi\u00e7a Federal julgou procedente A\u00e7\u00e3o Civil P\u00fablica movida pelo Minist\u00e9rio P\u00fablico de Rond\u00f4nia e pelo Minist\u00e9rio P\u00fablico Federal em desfavor da Uni\u00e3o, Funda\u00e7\u00e3o Nacional do \u00cdndio (FUNAI) e Instituto Brasileiro do Meio Ambiente e dos Recursos Naturais Renov\u00e1veis (IBAMA), para que sejam refeitos os estudos sobre os impactos da constru\u00e7\u00e3o da Hidrel\u00e9trica Tabajara na regi\u00e3o de Machadinho do Oeste, incluindo-se as Terras Ind\u00edgenas afetadas.<\/p>\n\n\n\n<p>A A\u00e7\u00e3o cita 16 (dezesseis) reservas extrativistas e Terras Ind\u00edgenas (TI), dentre elas, Jiahui, Tenharim Rio Sepoti, Tenharim do Igarap\u00e9 Preto, Pirah\u00e3, Ipixuna, Nove de Janeiro e Igarap\u00e9 Lurdes e solicita a obten\u00e7\u00e3o de dados prim\u00e1rios (obtidos em pesquisa de campo) pelo menos das TIs Jiahui Igarap\u00e9 Preto (50 km do projeto), e Igarap\u00e9 Lourdes, pertencente \u00e0 bacia hidrogr\u00e1fica do Rio Machado, o qual abrigar\u00e1 a UHE). As demais TIs poder\u00e3o, a princ\u00edpio, ser estudadas a partir de dados secund\u00e1rios.<\/p>\n\n\n\n<p>A argumenta\u00e7\u00e3o principal \u00e9 que n\u00e3o foram feitos estudos para obten\u00e7\u00e3o de informa\u00e7\u00f5es mais aprofundadas sobre essa parte do territ\u00f3rio, principalmente sobre as consequ\u00eancias da inunda\u00e7\u00e3o do Igarap\u00e9 Preto e FAG II, e poss\u00edvel alaga\u00e7\u00e3o permanente desta parte da TI.<\/p>\n\n\n\n<p>Sustentou-se, assim, a an\u00e1lise integrada destes impactos na \u00e1rea, que coincide exatamente com a \u00e1rea de circula\u00e7\u00e3o dos grupos isolados, apontando com detalhes as consequ\u00eancias da altera\u00e7\u00e3o adversa no habitat para esses indiv\u00edduos. Tal an\u00e1lise dever\u00e1 integrar a matriz de impactos do ECI.<\/p>\n\n\n\n<p>Na mesma demanda consta a necessidade de fazer an\u00e1lise e avalia\u00e7\u00e3o dos poss\u00edveis impactos na regi\u00e3o sul da TI Tenharim-Marmelos, tendo em vista que a referida etnia considera a \u00e1rea de extrema import\u00e2ncia, n\u00e3o s\u00f3 para a sobreviv\u00eancia dos grupos isolados, mas tamb\u00e9m por consider\u00e1-la sagrada para a comunidade, dimensionando os impactos na cultura dos grupos.<\/p>\n\n\n\n<p>No despacho, o ju\u00edzo federal ponderou que \u00e9 sabido que o meio ambiente tem prote\u00e7\u00e3o especial na Constitui\u00e7\u00e3o Federal, cabendo ao poder p\u00fablico e \u00e0 coletividade o dever de defend\u00ea-lo, adotando todas as provid\u00eancias indispens\u00e1veis para assegurar um ambiente ecologicamente equilibrado, preservando-o, dessa forma, para as gera\u00e7\u00f5es presentes e futuras. Al\u00e9m disso, os princ\u00edpios informadores do Direito Ambiental (mormente a preven\u00e7\u00e3o e a precau\u00e7\u00e3o do dano) imp\u00f5em imediata ado\u00e7\u00e3o de medidas destinadas a impedir a ocorr\u00eancia de dano ao meio ambiente, ou pelo menos minor\u00e1-lo, que n\u00e3o podem ser postergadas, ainda que sob a escusa de d\u00favida quanto \u00e0 periculosidade da atividade desenvolvida pela a\u00e7\u00e3o humana.<\/p>\n\n\n\n<p>Dessa forma, a A\u00e7\u00e3o foi deferida parcialmente, ficando determinado que: a FUNAI refa\u00e7a os referidos estudos de impacto ambiental das TIs Jiahui, Tenharim Rio Sepoti, Tenharim do Igarap\u00e9 Preto, Pirah\u00e3, Ipixuna, Nove de Janeiro e Igarap\u00e9 Lurdes, incluindo obten\u00e7\u00e3o de dados prim\u00e1rios (obtidos em pesquisa de campo) pelo menos das TIs Jiahui (exigido no Of\u00edcio 479\/19\/CGLIC\/FUNAI), Igarap\u00e9 Preto (50 km do projeto), e Igarap\u00e9 Lourdes (pertencente \u00e0 bacia hidrogr\u00e1fica do Rio Machado, o qual abrigar\u00e1 a UHE). As demais TIs poder\u00e3o, a princ\u00edpio, ser estudadas a partir de dados secund\u00e1rios; a realiza\u00e7\u00e3o de estudos de campo na parte sul da TI Tenharim-Marmelos, que n\u00e3o foram feitos at\u00e9 agora, para obten\u00e7\u00e3o de informa\u00e7\u00f5es mais aprofundadas sobre esta parte do territ\u00f3rio, principalmente sobre as consequ\u00eancias da inunda\u00e7\u00e3o do IGARAP\u00c9 PRETO E FAG II, e poss\u00edvel alaga\u00e7\u00e3o permanente desta parte da TI.<\/p>\n\n\n\n<p>Quanto ao IBAMA: que produza um Estudo do Componente Tradicional \u2013 ECT, com estrutura semelhante ao ECI, (sugerido pelos laudos e pareceres periciais produzidos pelo corpo t\u00e9cnico do MPF) a fim de colher dados prim\u00e1rios das comunidades tradicionais, avali\u00e1-los e, se for o caso, propor medidas mitigadoras\/compensat\u00f3rias aos grupos tradicionais residentes ou usufrutu\u00e1rios das 16 Reservas Extrativistas (e demais UCs de desenvolvimento sustent\u00e1vel em que existem grupos tradicionais, incluindo as \u00e1reas de projetos de assentamentos do INCRA, os quais possuem moradores sujeitos aos impactos) localizadas nos munic\u00edpios de Machadinho do Oeste e Vale do Anari. Tal componente dever\u00e1 integrar ao EIA\/RIMA.<\/p>\n\n\n\n<p>O Ju\u00edzo fixou multa di\u00e1ria de 100 mil reais, em caso de descumprimento das medidas determinadas acima, a serem revertidos para as comunidades e povos impactados.<\/p>\n","protected":false},"excerpt":{"rendered":"<p>Sustentou-se, assim, a an\u00e1lise integrada destes impactos na \u00e1rea, que coincide exatamente com a \u00e1rea de circula\u00e7\u00e3o dos grupos isolados, apontando com detalhes as consequ\u00eancias da altera\u00e7\u00e3o adversa no habitat para esses indiv\u00edduos.<\/p>\n","protected":false},"author":1,"featured_media":0,"comment_status":"closed","ping_status":"open","sticky":false,"template":"","format":"standard","meta":{"_exactmetrics_skip_tracking":false,"_exactmetrics_sitenote_active":false,"_exactmetrics_sitenote_note":"","_exactmetrics_sitenote_category":0,"jetpack_post_was_ever_published":false,"_jetpack_newsletter_access":"","_jetpack_dont_email_post_to_subs":false,"_jetpack_newsletter_tier_id":0,"_jetpack_memberships_contains_paywalled_content":false,"_jetpack_memberships_contains_paid_content":false,"footnotes":"","jetpack_publicize_message":"","jetpack_publicize_feature_enabled":true,"jetpack_social_post_already_shared":true,"jetpack_social_options":{"image_generator_settings":{"template":"highway","enabled":false},"version":2}},"categories":[1],"tags":[711,550,185],"class_list":["post-34022","post","type-post","status-publish","format-standard","hentry","category-notas","tag-machadinho-do-oeste","tag-tabajara","tag-usina"],"jetpack_publicize_connections":[],"jetpack_sharing_enabled":true,"jetpack_featured_media_url":"","jetpack_shortlink":"https:\/\/wp.me\/p7wKYW-8QK","jetpack-related-posts":[],"_links":{"self":[{"href":"http:\/\/blogdalucianaoliveira.com.br\/blog\/wp-json\/wp\/v2\/posts\/34022","targetHints":{"allow":["GET"]}}],"collection":[{"href":"http:\/\/blogdalucianaoliveira.com.br\/blog\/wp-json\/wp\/v2\/posts"}],"about":[{"href":"http:\/\/blogdalucianaoliveira.com.br\/blog\/wp-json\/wp\/v2\/types\/post"}],"author":[{"embeddable":true,"href":"http:\/\/blogdalucianaoliveira.com.br\/blog\/wp-json\/wp\/v2\/users\/1"}],"replies":[{"embeddable":true,"href":"http:\/\/blogdalucianaoliveira.com.br\/blog\/wp-json\/wp\/v2\/comments?post=34022"}],"version-history":[{"count":1,"href":"http:\/\/blogdalucianaoliveira.com.br\/blog\/wp-json\/wp\/v2\/posts\/34022\/revisions"}],"predecessor-version":[{"id":34024,"href":"http:\/\/blogdalucianaoliveira.com.br\/blog\/wp-json\/wp\/v2\/posts\/34022\/revisions\/34024"}],"wp:attachment":[{"href":"http:\/\/blogdalucianaoliveira.com.br\/blog\/wp-json\/wp\/v2\/media?parent=34022"}],"wp:term":[{"taxonomy":"category","embeddable":true,"href":"http:\/\/blogdalucianaoliveira.com.br\/blog\/wp-json\/wp\/v2\/categories?post=34022"},{"taxonomy":"post_tag","embeddable":true,"href":"http:\/\/blogdalucianaoliveira.com.br\/blog\/wp-json\/wp\/v2\/tags?post=34022"}],"curies":[{"name":"wp","href":"https:\/\/api.w.org\/{rel}","templated":true}]}}