{"id":34028,"date":"2022-07-19T10:37:36","date_gmt":"2022-07-19T14:37:36","guid":{"rendered":"http:\/\/blogdalucianaoliveira.com.br\/blog\/?p=34028"},"modified":"2022-07-19T10:37:41","modified_gmt":"2022-07-19T14:37:41","slug":"entre-os-ricos-e-tao-rara-quanto-na-suecia-entre-os-pobres-tao-comum-quanto-em-serra-leoa","status":"publish","type":"post","link":"http:\/\/blogdalucianaoliveira.com.br\/blog\/2022\/07\/19\/entre-os-ricos-e-tao-rara-quanto-na-suecia-entre-os-pobres-tao-comum-quanto-em-serra-leoa\/","title":{"rendered":"ENTRE OS RICOS \u00c9 T\u00c3O RARA QUANTO NA SU\u00c9CIA; ENTRE OS POBRES, T\u00c3O COMUM QUANTO EM SERRA LEOA"},"content":{"rendered":"\n<figure class=\"wp-block-image size-large\"><img loading=\"lazy\" decoding=\"async\" width=\"1200\" height=\"1381\" data-attachment-id=\"34029\" data-permalink=\"http:\/\/blogdalucianaoliveira.com.br\/blog\/2022\/07\/19\/entre-os-ricos-e-tao-rara-quanto-na-suecia-entre-os-pobres-tao-comum-quanto-em-serra-leoa\/a-fome-no-brasil\/\" data-orig-file=\"https:\/\/i0.wp.com\/blogdalucianaoliveira.com.br\/blog\/wp-content\/uploads\/2022\/07\/61B6736C-83BB-4610-804F-D71E19EB5222.jpeg?fit=1200%2C1381\" data-orig-size=\"1200,1381\" data-comments-opened=\"0\" data-image-meta=\"{&quot;aperture&quot;:&quot;0&quot;,&quot;credit&quot;:&quot;&quot;,&quot;camera&quot;:&quot;&quot;,&quot;caption&quot;:&quot;&quot;,&quot;created_timestamp&quot;:&quot;1658145321&quot;,&quot;copyright&quot;:&quot;&quot;,&quot;focal_length&quot;:&quot;0&quot;,&quot;iso&quot;:&quot;0&quot;,&quot;shutter_speed&quot;:&quot;0&quot;,&quot;title&quot;:&quot;A fome no Brasil&quot;,&quot;orientation&quot;:&quot;0&quot;}\" data-image-title=\"A fome no Brasil\" data-image-description=\"\" data-image-caption=\"\" data-medium-file=\"https:\/\/i0.wp.com\/blogdalucianaoliveira.com.br\/blog\/wp-content\/uploads\/2022\/07\/61B6736C-83BB-4610-804F-D71E19EB5222.jpeg?fit=261%2C300\" data-large-file=\"https:\/\/i0.wp.com\/blogdalucianaoliveira.com.br\/blog\/wp-content\/uploads\/2022\/07\/61B6736C-83BB-4610-804F-D71E19EB5222.jpeg?fit=600%2C690\" src=\"https:\/\/i2.wp.com\/blogdalucianaoliveira.com.br\/blog\/wp-content\/uploads\/2022\/07\/61B6736C-83BB-4610-804F-D71E19EB5222.jpeg?fit=600%2C690\" alt=\"\" class=\"wp-image-34029\" srcset=\"https:\/\/i0.wp.com\/blogdalucianaoliveira.com.br\/blog\/wp-content\/uploads\/2022\/07\/61B6736C-83BB-4610-804F-D71E19EB5222.jpeg?w=1200 1200w, https:\/\/i0.wp.com\/blogdalucianaoliveira.com.br\/blog\/wp-content\/uploads\/2022\/07\/61B6736C-83BB-4610-804F-D71E19EB5222.jpeg?resize=261%2C300 261w, https:\/\/i0.wp.com\/blogdalucianaoliveira.com.br\/blog\/wp-content\/uploads\/2022\/07\/61B6736C-83BB-4610-804F-D71E19EB5222.jpeg?resize=890%2C1024 890w, https:\/\/i0.wp.com\/blogdalucianaoliveira.com.br\/blog\/wp-content\/uploads\/2022\/07\/61B6736C-83BB-4610-804F-D71E19EB5222.jpeg?resize=768%2C884 768w\" sizes=\"auto, (max-width: 600px) 100vw, 600px\" \/><\/figure>\n\n\n\n<p>Revista Piau\u00ed &#8211; A fome no Brasil atingiu o ponto mais alto da s\u00e9rie hist\u00f3rica em 2021. Pela primeira vez desde 2006, o Brasil passou a ter n\u00edveis de inseguran\u00e7a alimentar piores que a m\u00e9dia global; em 2021, 36% dos brasileiros passavam fome.\u00a0<\/p>\n\n\n\n<p>Na compara\u00e7\u00e3o com outros pa\u00edses, os ricos brasileiros est\u00e3o no mesmo patamar de seguran\u00e7a alimentar que os da Su\u00e9cia: s\u00f3 7% vivem em algum n\u00edvel de inseguran\u00e7a. Mas, entre os 20% mais pobres da popula\u00e7\u00e3o brasileira, o grau de risco se equipara ao de Serra Leoa. Uma an\u00e1lise da Funda\u00e7\u00e3o Getulio Vargas constatou que o Brasil est\u00e1 abaixo de 109 pa\u00edses quando o assunto \u00e9 seguran\u00e7a alimentar.<\/p>\n\n\n\n<p>Nesta semana, o&nbsp;<a href=\"https:\/\/piaui.folha.uol.com.br\/um-brasil-meio-suecia-meio-serra-leoa\/\"><em>=igualdades<\/em><\/a>&nbsp;mostra quem s\u00e3o os brasileiros que passam fome e como o quadro geral se agravou nos \u00faltimos anos.<\/p>\n\n\n\n<p><strong>Fonte:&nbsp;<\/strong>Inseguran\u00e7a Alimentar no Brasil: Pandemia, Tend\u00eancias e Compara\u00e7\u00f5es Globais (FGV)<\/p>\n","protected":false},"excerpt":{"rendered":"<p>Revista Piau\u00ed &#8211; A fome no Brasil atingiu o ponto mais alto da s\u00e9rie hist\u00f3rica em 2021. Pela primeira vez desde 2006, o Brasil passou a ter n\u00edveis de inseguran\u00e7a alimentar piores que a m\u00e9dia global; em 2021, 36% dos brasileiros passavam fome.\u00a0 Na compara\u00e7\u00e3o com outros pa\u00edses, os ricos brasileiros est\u00e3o no mesmo patamar&#8230;<a class=\"more-link\" href=\"http:\/\/blogdalucianaoliveira.com.br\/blog\/2022\/07\/19\/entre-os-ricos-e-tao-rara-quanto-na-suecia-entre-os-pobres-tao-comum-quanto-em-serra-leoa\/\">Continue a leitura <span class=\"meta-nav\">&raquo;<\/span><\/a><\/p>\n","protected":false},"author":1,"featured_media":0,"comment_status":"closed","ping_status":"open","sticky":false,"template":"","format":"standard","meta":{"_exactmetrics_skip_tracking":false,"_exactmetrics_sitenote_active":false,"_exactmetrics_sitenote_note":"","_exactmetrics_sitenote_category":0,"jetpack_post_was_ever_published":false,"_jetpack_newsletter_access":"","_jetpack_dont_email_post_to_subs":false,"_jetpack_newsletter_tier_id":0,"_jetpack_memberships_contains_paywalled_content":false,"_jetpack_memberships_contains_paid_content":false,"footnotes":"","jetpack_publicize_message":"","jetpack_publicize_feature_enabled":true,"jetpack_social_post_already_shared":true,"jetpack_social_options":{"image_generator_settings":{"template":"highway","enabled":false},"version":2}},"categories":[1],"tags":[],"class_list":["post-34028","post","type-post","status-publish","format-standard","hentry","category-notas"],"jetpack_publicize_connections":[],"jetpack_sharing_enabled":true,"jetpack_featured_media_url":"","jetpack_shortlink":"https:\/\/wp.me\/p7wKYW-8QQ","jetpack-related-posts":[],"_links":{"self":[{"href":"http:\/\/blogdalucianaoliveira.com.br\/blog\/wp-json\/wp\/v2\/posts\/34028","targetHints":{"allow":["GET"]}}],"collection":[{"href":"http:\/\/blogdalucianaoliveira.com.br\/blog\/wp-json\/wp\/v2\/posts"}],"about":[{"href":"http:\/\/blogdalucianaoliveira.com.br\/blog\/wp-json\/wp\/v2\/types\/post"}],"author":[{"embeddable":true,"href":"http:\/\/blogdalucianaoliveira.com.br\/blog\/wp-json\/wp\/v2\/users\/1"}],"replies":[{"embeddable":true,"href":"http:\/\/blogdalucianaoliveira.com.br\/blog\/wp-json\/wp\/v2\/comments?post=34028"}],"version-history":[{"count":1,"href":"http:\/\/blogdalucianaoliveira.com.br\/blog\/wp-json\/wp\/v2\/posts\/34028\/revisions"}],"predecessor-version":[{"id":34030,"href":"http:\/\/blogdalucianaoliveira.com.br\/blog\/wp-json\/wp\/v2\/posts\/34028\/revisions\/34030"}],"wp:attachment":[{"href":"http:\/\/blogdalucianaoliveira.com.br\/blog\/wp-json\/wp\/v2\/media?parent=34028"}],"wp:term":[{"taxonomy":"category","embeddable":true,"href":"http:\/\/blogdalucianaoliveira.com.br\/blog\/wp-json\/wp\/v2\/categories?post=34028"},{"taxonomy":"post_tag","embeddable":true,"href":"http:\/\/blogdalucianaoliveira.com.br\/blog\/wp-json\/wp\/v2\/tags?post=34028"}],"curies":[{"name":"wp","href":"https:\/\/api.w.org\/{rel}","templated":true}]}}