{"id":34031,"date":"2022-07-20T11:33:41","date_gmt":"2022-07-20T15:33:41","guid":{"rendered":"http:\/\/blogdalucianaoliveira.com.br\/blog\/?p=34031"},"modified":"2022-07-20T11:33:44","modified_gmt":"2022-07-20T15:33:44","slug":"e-a-volta-dos-que-nunca-foram-diz-pesquisador-sobre-militares-no-governo-bolsonaro","status":"publish","type":"post","link":"http:\/\/blogdalucianaoliveira.com.br\/blog\/2022\/07\/20\/e-a-volta-dos-que-nunca-foram-diz-pesquisador-sobre-militares-no-governo-bolsonaro\/","title":{"rendered":"\u201c\u00c9 a volta dos que nunca foram\u201d, diz pesquisador sobre militares no governo Bolsonaro"},"content":{"rendered":"\n<figure class=\"wp-block-image\"><img data-recalc-dims=\"1\" height=\"450\" width=\"600\" decoding=\"async\" src=\"https:\/\/i0.wp.com\/apublica.org\/wp-content\/uploads\/2022\/07\/capa-e-a-volta-dos-que-nunca-foram-diz-pesquisador-sobre-militares-no-governo-bolsonaro-800x600.jpg?resize=600%2C450&#038;ssl=1\" alt=\"\u00c9 a volta dos que nunca foram\u201d, diz pesquisador sobre militares no governo  Bolsonaro - Ag\u00eancia P\u00fablica\"\/><\/figure>\n\n\n\n<p><strong>A P\u00fablica, por Vasconcelo Quadros<\/strong> &#8211; Autor do livro rec\u00e9m-lan\u00e7ado Rep\u00fablica de seguran\u00e7a nacional \u2013 Militares e pol\u00edtica no Brasil (editora Express\u00e3o Popular), uma alentada pesquisa sobre a trajet\u00f3ria das For\u00e7as Armadas, o cientista pol\u00edtico Rodrigo Lentz, doutor pela Universidade de Bras\u00edlia (UnB), mestre pela Universidade Federal do Rio Grande do Sul (UFRGS) e advogado, sustenta que \u00e9 ingenuidade considerar que a presen\u00e7a dominante dos militares no governo Jair Bolsonaro marcou o retorno deles \u00e0 pol\u00edtica depois da ditadura. \u201c\u00c9 a volta dos que nunca foram\u201d, disse ele em entrevista \u00e0 Ag\u00eancia P\u00fablica. Segundo o professor,\u00a0ao longo dos \u00faltimos 37 anos os militares exerceram tutela permanente sobre a pol\u00edtica, at\u00e9 alcan\u00e7arem o topo do poder a partir de 2018, com a ocupa\u00e7\u00e3o de cargos que pertenciam aos civis, numa manobra que sustenta e define os rumos do atual governo.<\/p>\n\n\n\n<!--more-->\n\n\n\n<p>\u201cOs militares conquistaram um n\u00edvel de autonomia em rela\u00e7\u00e3o ao poder civil in\u00e9dito na Rep\u00fablica. Os civis aceitam essa reserva de dom\u00ednio militar e a supervis\u00e3o de tutela\u201d, afirmou Lentz.<\/p>\n\n\n\n<p>O pesquisador tamb\u00e9m critica o Tribunal Superior Eleitoral (TSE) por ter convidado as For\u00e7as Armadas a integrar a Comiss\u00e3o Externa de Transpar\u00eancia, destinada a discutir seguran\u00e7a nas elei\u00e7\u00f5es, iniciativa que facilitou os ataques infundados de Bolsonaro e da c\u00fapula militar \u00e0 urna eletr\u00f4nica. \u201cChamar as For\u00e7as Armadas para a comiss\u00e3o foi um desastre. Os militares sabem muito bem que os pol\u00edticos acham que v\u00e3o coopt\u00e1-los e eles aceitam essa apar\u00eancia, mas seguem o pr\u00f3prio programa e sua pr\u00f3pria agenda, enganando os pol\u00edticos. Historicamente isso sempre aconteceu\u201d, disse.&nbsp;<\/p>\n\n\n\n<p>O cientista pol\u00edtico sustenta que o bolsonarismo \u00e9 um derivado do militarismo, cuja presen\u00e7a na cena pol\u00edtica nacional se tornou t\u00e3o forte que teria resultado num t\u00e1cito pacto contra o impeachment do atual presidente em troca da volta do Centr\u00e3o ao poder.&nbsp;<\/p>\n\n\n\n<p>\u201cO Centr\u00e3o \u00e9 obra dos generais que se engajaram no projeto de governo do Bolsonaro\u201d, afirma. O grupo militar encastelado no Planalto, diz, tem o mesmo perfil ideol\u00f3gico conservador e fisiol\u00f3gico do estilo toma-l\u00e1-d\u00e1-c\u00e1 que forma a base do presidente no Congresso. \u201cO Centr\u00e3o civil \u00e9 produto do Centr\u00e3o militar\u201d, garantiu.&nbsp;<\/p>\n\n\n\n<p>A prolifera\u00e7\u00e3o de ca\u00e7adores, atiradores e colecionadores (CACs) ligados a Bolsonaro representa, para Lentz, a amea\u00e7a mais consistente de uma prov\u00e1vel onda de viol\u00eancia nas elei\u00e7\u00f5es deste ano caso o atual presidente, numa eventual derrota, n\u00e3o aceite o resultado das urnas. \u201cNum dos cen\u00e1rios prov\u00e1veis, os CACs podem desestabilizar o sistema pol\u00edtico\u201d, alerta.<\/p>\n\n\n\n<p>Veja a entrevista:<\/p>\n\n\n\n<figure class=\"wp-block-image\"><img data-recalc-dims=\"1\" decoding=\"async\" src=\"https:\/\/i0.wp.com\/apublica.org\/wp-content\/uploads\/2022\/07\/rodrigo-lentz-e-a-volta-dos-que-nunca-foram-diz-pesquisador-sobre-militares-no-governo-bolsonaro.jpg?w=600&#038;ssl=1\" alt=\"\"\/><figcaption>  Rodrigo Lentz, cientista pol\u00edtico e autor do livro \u201cRep\u00fablica da Seguran\u00e7a Nacional \u2013 Militares e pol\u00edtica no Brasil\u201d <\/figcaption><\/figure>\n\n\n\n<p><br>No seu livro, voc\u00ea afirma que, ao contr\u00e1rio da ideia que se tinha a partir do fim da ditadura, os militares nunca deixaram a pol\u00edtica. Como eles operam?<\/p>\n\n\n\n<p>A ilus\u00e3o democr\u00e1tica da Constitui\u00e7\u00e3o de 1988 foi imaginar que n\u00e3o enfrentando um passado autorit\u00e1rio, as estruturas autorit\u00e1rias, e sobretudo essa incompat\u00edvel autonomia da organiza\u00e7\u00e3o militar com o regime democr\u00e1tico, a gente conseguiria a estabilidade da democracia. E essa ignor\u00e2ncia, esse desconhecimento da academia, da imprensa e dos pr\u00f3prios pol\u00edticos, produziu o que n\u00f3s estamos vendo hoje. Digo que \u00e9 \u201ca volta dos que nunca foram\u201d porque trata-se de um processo hist\u00f3rico, que n\u00e3o \u00e9 linear, mas de disputa, de pactos e conflitos entre as elites pol\u00edticas que foram moldando o Estado brasileiro dentro da ideia e ideologia de seguran\u00e7a nacional, formando uma hegemonia interna de dom\u00ednio do Estado.&nbsp;<\/p>\n\n\n\n<p>O que na verdade mudou foi a participa\u00e7\u00e3o pol\u00edtica dos militares, que foi retomada a partir dos protestos de junho de 2013, mas eles continuaram nesses espa\u00e7os estrat\u00e9gicos exercendo a tutela. Havia essa cren\u00e7a na profissionaliza\u00e7\u00e3o dos militares e de que haviam abandonado o passado autorit\u00e1rio, o papel pol\u00edtico de tutela e incorporado essa miss\u00e3o democr\u00e1tica da defesa nacional. O Villas B\u00f4as [ex-comandante do Ex\u00e9rcito] at\u00e9 2018 era tratado como um general democrata, inclusive pelos caciques do PT.<\/p>\n\n\n\n<p>Mas desde 2017 havia ind\u00edcios de que os militares estavam participando em conspira\u00e7\u00e3o pol\u00edtica na disputa pelo poder no meio de uma crise pol\u00edtica. O grande estopim foi o discurso do Mour\u00e3o [vice-presidente Hamilton Mour\u00e3o], ainda como um general do Alto-Comando do Ex\u00e9rcito, na Loja Ma\u00e7\u00f4nica de Bras\u00edlia, com planejamento de a\u00e7\u00e3o pol\u00edtica da ESG [Escola Superior de Guerra], que \u00e9 com quem ele estudava. Ele dizia que o Judici\u00e1rio tinha que fazer a sua parte, que era resolver o que eles chamam de disfun\u00e7\u00f5es provocadas por comportamento de quem dirige o poder pol\u00edtico. Quando ele disse que \u201cn\u00f3s estamos com um planejamento muito bem-feito e estamos realizando aproxima\u00e7\u00f5es sucessivas\u201d, revelou a metodologia da tutela, que \u00e9 a da doutrina direcionada \u00e0 a\u00e7\u00e3o pol\u00edtica do Estado e da pol\u00edtica nacional como um todo.&nbsp;<\/p>\n\n\n\n<p>As ra\u00edzes da tutela s\u00e3o mais profundas?<\/p>\n\n\n\n<p>Na hist\u00f3ria republicana, enquanto burocracia militar, sempre estiveram aliados \u00e0s classes sociais participando da dire\u00e7\u00e3o pol\u00edtica e ideol\u00f3gica do Estado e da organiza\u00e7\u00e3o nacional, seja como coadjuvantes ou como protagonistas. Eram personalidade pol\u00edtica durante o Brasil Imp\u00e9rio e, na funda\u00e7\u00e3o da Rep\u00fablica, passaram a ser agentes pol\u00edticos, ganhando o status de institui\u00e7\u00e3o pol\u00edtica, ainda que n\u00e3o formal. A Constitui\u00e7\u00e3o republicana [1891] j\u00e1 reconhecia as For\u00e7as Armadas como institui\u00e7\u00f5es voltadas para a seguran\u00e7a interna dentro da ideia de lei e de ordem. Desde o in\u00edcio da Independ\u00eancia, as for\u00e7as, sobretudo a do Ex\u00e9rcito, estiveram voltadas contra os pr\u00f3prios brasileiros, como um mecanismo de seguran\u00e7a interna em revoltas populares, liberais, messi\u00e2nicas, nas quais o Ex\u00e9rcito cumpriu um papel. Canudos foi o primeiro evento republicano, mas as duas primeiras ditaduras, tanto a de Deodoro da Fonseca como a de Floriano Peixoto, promoveram uma s\u00e9rie de massacres contra a popula\u00e7\u00e3o brasileira \u2014 decapita\u00e7\u00f5es, com mulheres e crian\u00e7as sendo assassinadas. Nossos militares foram educados na Batalha de Guararapes [1648]. O s\u00edmbolo dos militares \u00e9 Guararapes, com negros escravizados, ind\u00edgenas dominados e os portugueses, os colonizadores, lutando contra o invasor holand\u00eas. Ent\u00e3o essa \u00e9 a concep\u00e7\u00e3o de nacionalidade do Ex\u00e9rcito hoje. Tudo isso \u00e9 uma constru\u00e7\u00e3o de mito, baseado em uma ideologia colonialista, do tipo \u201cn\u00f3s vamos defender a col\u00f4nia\u201d. A concep\u00e7\u00e3o de funda\u00e7\u00e3o de nacionalidade \u00e9 colonialista: o portugu\u00eas exerce o dom\u00ednio, e o negro escravizado e o ind\u00edgena dominado auxiliam esse dom\u00ednio.<\/p>\n\n\n\n<p>Pode exemplificar como esse dom\u00ednio se reflete no Brasil de hoje?<\/p>\n\n\n\n<p>Um exemplo muito claro \u00e9 o atual Gabinete de Seguran\u00e7a Institucional [GSI], que come\u00e7a em 1930 como Estado- Maior do Governo Provis\u00f3rio, em 1934 como Estado Maior do Governo, depois Casa Militar, Gabinete Militar e, finalmente, com a cria\u00e7\u00e3o do Minist\u00e9rio da Defesa, vira GSI, um aparelho de Estado dos militares dentro do Poder Executivo. Os militares conquistaram um n\u00edvel de autonomia em rela\u00e7\u00e3o ao poder civil in\u00e9dito na Rep\u00fablica e que nunca foi desmontado. Os civis aceitaram essa reserva de dom\u00ednio militar com supervis\u00e3o de tutela. Quando se especulou que poderia haver uma decis\u00e3o judicial de abrir o sigilo do presidente da Rep\u00fablica, que \u00e9 um capit\u00e3o do Ex\u00e9rcito, o general Augusto Heleno [chefe do GSI] soltou uma nota dizendo que se fizesse criaria uma estabilidade imprevis\u00edvel na Rep\u00fablica. Ele amea\u00e7ou. E veja que a tutela \u00e9 velada, \u00e9 camuflada. Era assim em 1985 e continua hoje. Todo general, quando questionado se o Ex\u00e9rcito vai ou n\u00e3o vai dar golpe, diz que o Ex\u00e9rcito \u00e9 uma institui\u00e7\u00e3o nacional permanente e de Estado. Ele est\u00e1 amea\u00e7ando o poder institucional e a soberania popular dizendo que o Ex\u00e9rcito \u00e9 a \u00fanica institui\u00e7\u00e3o nacional, e do povo.\u00a0<\/p>\n\n\n\n<figure class=\"wp-block-image\"><img data-recalc-dims=\"1\" decoding=\"async\" src=\"https:\/\/i0.wp.com\/apublica.org\/wp-content\/uploads\/2022\/07\/foto2-e-a-volta-dos-que-nunca-foram-diz-pesquisador-sobre-militares-no-governo-bolsonaro.jpg?w=600&#038;ssl=1\" alt=\"Cerim\u00f4nia comemorativa do Dia do Ex\u00e9rcito\"\/><figcaption> Antonio Cruz\/Ag\u00eancia Brasil<br> Para Lentz, militares exerceram tutela permanente sobre a pol\u00edtica brasileira at\u00e9 chegar ao poder em 2018 <\/figcaption><\/figure>\n\n\n\n<p>Qual a rela\u00e7\u00e3o da pol\u00edtica de seguran\u00e7a p\u00fablica com o regime militar? A op\u00e7\u00e3o de combate por confrontos que t\u00eam terminado em trag\u00e9dias \u00e9 heran\u00e7a da ditadura?<\/p>\n\n\n\n<p>Eu vejo que tem profunda rela\u00e7\u00e3o. \u00c9 uma l\u00f3gica moldada em 1957 pelo general Amaury Kruel, que era o chefe do Departamento de Pol\u00edcia do Distrito Federal no Rio de Janeiro. Com o processo de moderniza\u00e7\u00e3o e urbaniza\u00e7\u00e3o origin\u00e1rios na Revolu\u00e7\u00e3o de 1930, e o in\u00edcio da criminalidade urbana, ele define como uma pol\u00edtica p\u00fablica de seguran\u00e7a o exterm\u00ednio. Ele falava que \u201ca solu\u00e7\u00e3o \u00e9 ter que matar\u201d. E o que isso significa? \u00c9 importar a l\u00f3gica de guerra, que \u00e9 a de elimina\u00e7\u00e3o do inimigo, muito diferente da concep\u00e7\u00e3o de pol\u00edtica democr\u00e1tica de seguran\u00e7a p\u00fablica, que tem uma no\u00e7\u00e3o de preservar a vida. A l\u00f3gica da guerra naturaliza a morte. Desde 1985, os militares n\u00e3o sa\u00edram da rua. E \u00e9 muito interessante, que l\u00e1 em 1996, quando tem no governo do Rio de Janeiro um secret\u00e1rio de Seguran\u00e7a P\u00fablica, que era um general do Ex\u00e9rcito [Nilton Cerqueira], surgiu a \u201cgratifica\u00e7\u00e3o faroeste\u201d, premiando o policial que mais matasse. H\u00e1 aqui o que eu poderia chamar de exporta\u00e7\u00e3o da mentalidade militar da guerra para o conflito distributivo dentro da seguran\u00e7a interna, aplicada tamb\u00e9m na criminalidade comum. N\u00f3s temos hoje, bem claro, um terror de Estado nas periferias brasileiras. Estamos falando do Legislativo, do Judici\u00e1rio, do Poder Executivo e da institui\u00e7\u00e3o policial como um todo. Temos que recordar que o que legitima esse tipo de pr\u00e1tica \u00e9 o Judici\u00e1rio.<\/p>\n\n\n\n<p>Voc\u00ea se refere ao Judici\u00e1rio civil ou ao Judici\u00e1rio militar?<\/p>\n\n\n\n<p>Aos dois. O Judici\u00e1rio civil incorporou a l\u00f3gica de guerra. Ent\u00e3o voc\u00ea pode perguntar para um criminalista que atua nos tribunais ou no juizado de primeiro grau o que significa ordem p\u00fablica, que \u00e9 um dos grandes fundamentos para as a\u00e7\u00f5es cautelares, sobretudo de pris\u00e3o, e vai ver que ela reproduz a doutrina de seguran\u00e7a nacional.<\/p>\n\n\n\n<p>Isso explica a falta de controle civil sobre as a\u00e7\u00f5es da pol\u00edcia?<\/p>\n\n\n\n<p>Na concep\u00e7\u00e3o weberiana de Estado, a gente v\u00ea que o Estado \u00e9 aquela institui\u00e7\u00e3o burocr\u00e1tica, profissionalizada, especializada, que reivindica o monop\u00f3lio da viol\u00eancia leg\u00edtima. E a gente costuma ver as organiza\u00e7\u00f5es criminosas \u2014 PCC, Comando Vermelho e outras mais regionais \u2014 como se fossem uma institui\u00e7\u00e3o antissistema. As margens da atua\u00e7\u00e3o do Estado em seguran\u00e7a incluem essas organiza\u00e7\u00f5es criminais. Ou seja, tanto o tr\u00e1fico como o crime organizado fazem parte da manuten\u00e7\u00e3o da ordem a partir das armas, dentro de um determinado territ\u00f3rio e de uma determinada comunidade.&nbsp;<\/p>\n\n\n\n<p>Onde entram as mil\u00edcias nesse contexto?<\/p>\n\n\n\n<p>A minha hip\u00f3tese \u00e9 que as mil\u00edcias s\u00e3o um subproduto da nossa cultura militar. Como mencionei, \u00e9 a ideia do exterm\u00ednio como uma pol\u00edtica de seguran\u00e7a p\u00fablica, que veio de militares e do oficialato ocupando cargos de seguran\u00e7a p\u00fablica na hist\u00f3ria brasileira. Boa parte das mil\u00edcias cariocas s\u00e3o formadas por militares. Meu ponto de discord\u00e2ncia [de outros pesquisadores] \u00e9 considerar que a PM [Pol\u00edcia Militar] \u00e9 uma institui\u00e7\u00e3o militar e n\u00e3o policial.&nbsp;<\/p>\n\n\n\n<p>Pode explicar melhor?<\/p>\n\n\n\n<p>Eles exercem uma fun\u00e7\u00e3o de pol\u00edcia, mas a corpora\u00e7\u00e3o, o treinamento, a doutrina, a moral, a \u00e9tica, a ideologia \u00e9 toda militar. Os disciplinamentos s\u00e3o militares. Eles respondem a militares, s\u00e3o julgados por militares, t\u00eam patentes militares e usam a farda militar. Ent\u00e3o eles s\u00e3o militares. E criam um policiamento ostensivo, preventivo e capilarizado. Eles s\u00f3 perdem em capilaridade nacional para o SUS [Sistema \u00danico de Sa\u00fade]. Em todo o pa\u00eds h\u00e1 unidade b\u00e1sica de sa\u00fade e algum batalh\u00e3o da Pol\u00edcia Militar.<\/p>\n\n\n\n<p>\u00c9 a\u00ed que vislumbro as mil\u00edcias. Elas s\u00e3o formadas, em sua grande maioria, por militares estaduais. Na Rep\u00fablica Velha, essas pol\u00edcias militares exerceram, cada uma, um papel de centraliza\u00e7\u00e3o nas oligarquias regionais. Com a Revolu\u00e7\u00e3o de 1930 passaram por um processo de federaliza\u00e7\u00e3o durante o Estado Novo, completado pelo golpe de 1964, com subordina\u00e7\u00e3o ao Comando de Opera\u00e7\u00f5es Terrestres do Ex\u00e9rcito. \u00c9 s\u00f3 observar o legado autorit\u00e1rio: de 1964 a 1985 boa parte dos comandantes militares estaduais eram generais do Ex\u00e9rcito. At\u00e9 hoje um comandante da Pol\u00edcia Militar oriundo da carreira militar estadual, quando o governador indica, precisa da anu\u00eancia do general comandante militar. Est\u00e1 na lei.<\/p>\n\n\n\n<p>Quais as consequ\u00eancias desse atrelamento?<\/p>\n\n\n\n<p>A quest\u00e3o, ent\u00e3o, \u00e9 que o controle desses militares estaduais est\u00e1 na m\u00e3o dos generais. \u00c9 um risco. O poder civil n\u00e3o controla o poder armado do Estado.<\/p>\n\n\n\n<p>Que liga\u00e7\u00f5es t\u00eam as mil\u00edcias com a pol\u00edtica?<\/p>\n\n\n\n<p>Eu n\u00e3o vejo as mil\u00edcias como o bra\u00e7o armado de uma organiza\u00e7\u00e3o pol\u00edtica que vislumbre a aten\u00e7\u00e3o e o poder central. Por que eu digo isso? Na nossa pesquisa, a gente teve acesso, no ano passado, aos cargos de confian\u00e7a dentro da Presid\u00eancia da Rep\u00fablica, na Casa Civil, para tentar entender quem \u00e9 que estava ocupando o poder. Oitenta a 90% s\u00e3o oficiais do Ex\u00e9rcito. Ent\u00e3o n\u00e3o \u00e9 uma Rep\u00fablica das mil\u00edcias. Elas s\u00e3o mais um fen\u00f4meno econ\u00f4mico e de governo de territ\u00f3rio. E, claro, tem o fen\u00f4meno ideol\u00f3gico, o fen\u00f4meno de acesso \u00e0 pol\u00edtica local, mas eu n\u00e3o vejo na mil\u00edcia um bra\u00e7o armado do projeto pol\u00edtico nacional de na\u00e7\u00e3o. Os militares, sobretudo oficiais do Ex\u00e9rcito, ocupam esse espa\u00e7o.<\/p>\n\n\n\n<p>Que papel as mil\u00edcias teriam caso Bolsonaro opte por uma aventura autorit\u00e1ria?<\/p>\n\n\n\n<p>Acho que antes desses grupos a gente poderia falar dos CACs [ca\u00e7adores, atiradores, colecionadores], que surgiram de uma forma mete\u00f3rica no governo Bolsonaro. E pasmem: quem autoriza o armamento, sobretudo o armamento pesado, o fuzil? O Ex\u00e9rcito. Minha hip\u00f3tese \u00e9 que tem semelhan\u00e7a com o modelo venezuelano de mil\u00edcias, de rifles, armados, mas organizado tamb\u00e9m para garantir a seguran\u00e7a, a defesa nacional. Em certa medida esse modelo acaba sendo uma inspira\u00e7\u00e3o desses CACs e da prolifera\u00e7\u00e3o. H\u00e1 uma pol\u00edtica p\u00fablica de Estado centralizada e orientada a produzir c\u00e9lulas regionalizadas, capilarizadas, sobretudo em regi\u00f5es rurais, dentro da lei, para criar uma cultura n\u00e3o s\u00f3 da arma, mas tamb\u00e9m de sociabilidade, como faz a mil\u00edcia. Isso acaba abrindo a possibilidade para uma mobiliza\u00e7\u00e3o armada, desestabilizadora do sistema pol\u00edtico, do processo eleitoral, de forma, vamos chamar aqui, naturalizada. Os \u00faltimos dados mostram que o pa\u00eds tem mais de 600 mil CACs. Na formula\u00e7\u00e3o de cen\u00e1rios prov\u00e1veis, eu acredito que esses civis que fazem parte da cultura dos CACs, a exemplo da experi\u00eancia dos Estados Unidos na elei\u00e7\u00e3o passada, possam vir a produzir desestabiliza\u00e7\u00e3o do sistema pol\u00edtico. N\u00e3o vou dizer que eles v\u00e3o sair dando tiro, mas podem querer desestabilizar. Fora isso tem um outro elemento: a Pol\u00edcia Militar, que pode repetir o comportamento adotado de 2013 at\u00e9 o golpe de 2016, tratando de forma distinta manifestantes de direita e de esquerda. Eu cogitaria aqui que esse padr\u00e3o pode se repetir, inclusive com leni\u00eancia dos militares estaduais com atividades violentas desses grupos.<\/p>\n\n\n\n<p>Como Bolsonaro se coloca diante dos generais?<\/p>\n\n\n\n<p>Ele tem um carisma, \u00e9 autorit\u00e1rio e [tem] uma forma de comunica\u00e7\u00e3o um pouco diferente, por exemplo, do que a do Mour\u00e3o, mas \u00e9 um produto de tudo isso. Os militares consideram Bolsonaro como um l\u00edder carism\u00e1tico. Sustento com a maior tranquilidade que o bolsonarismo \u00e9 derivado da nossa cultura militar e das nossas For\u00e7as Armadas. O Projeto Brasil 2035 [elaborado por institutos militares como proje\u00e7\u00e3o de perman\u00eancia no poder] \u00e9 o suco concentrado do nosso militarismo. E vai al\u00e9m do bolsonarismo.\u00a0<\/p>\n\n\n\n<figure class=\"wp-block-image\"><img data-recalc-dims=\"1\" decoding=\"async\" src=\"https:\/\/i0.wp.com\/apublica.org\/wp-content\/uploads\/2022\/07\/foto1-e-a-volta-dos-que-nunca-foram-diz-pesquisador-sobre-militares-no-governo-bolsonaro.jpg?w=600&#038;ssl=1\" alt=\"Cerim\u00f4nia comemorativa do Dia do Ex\u00e9rcito, no Quartel-General do Ex\u00e9rcito, no Setor Militar Urbano, em Bras\u00edlia\"\/><figcaption> Antonio Cruz\/Ag\u00eancia Brasil<br> \u201cO bolsonarismo \u00e9 derivado da nossa cultura militar e das nossas For\u00e7as Armadas\u201d, diz<br> <\/figcaption><\/figure>\n\n\n\n<p> Voc\u00ea acha que os militares negociaram algum acordo para evitar um impeachment?<\/p>\n\n\n\n<p>Com certeza. Foi a entrada do Centr\u00e3o. O Centr\u00e3o \u00e9 obra dos militares.<\/p>\n\n\n\n<p>O Centr\u00e3o \u00e9 obra dos militares para ser usado como for\u00e7a pol\u00edtica para segurar o Bolsonaro?<\/p>\n\n\n\n<p>Claro. O Centr\u00e3o civil \u00e9 derivado do Centr\u00e3o militar. O comportamento dos militares republicanos sempre foi muito semelhante ao Centr\u00e3o civil origin\u00e1rio da Constituinte de 1988. L\u00e1 s\u00e3o os deputados civis que v\u00e3o defender na Constitui\u00e7\u00e3o uma concilia\u00e7\u00e3o com as pol\u00edticas sociais, um modelo mais liberal que come\u00e7ava a bater na porta da Am\u00e9rica Latina. \u00c9 uma composi\u00e7\u00e3o fisiol\u00f3gica. Quando o militar vai para a pol\u00edtica, sempre \u00e9 numa postura de concilia\u00e7\u00e3o com as elites pol\u00edticas e com as oligarquias, um toma-l\u00e1-d\u00e1-c\u00e1 na distribui\u00e7\u00e3o de cargos. O que a gente atribui ao comportamento dos civis, na verdade, \u00e9 o comportamento dos militares na pol\u00edtica. O militar se aposenta cedo, e com a forma\u00e7\u00e3o hist\u00f3rica que ele recebeu a partir de uma coes\u00e3o ideol\u00f3gica entre a burocracia militar e o poder econ\u00f4mico no Brasil, ele cria uma simbiose que s\u00f3 existe aqui, que \u00e9 essa jun\u00e7\u00e3o com empres\u00e1rios. O complexo empresarial e militar atuou na conquista do poder do Estado e depois no empenho da ditadura de 1964. Ent\u00e3o o que acontece? Hoje o militar da ativa pode ser s\u00f3cio de empresa. Como eles t\u00eam uma reserva de dom\u00ednio, que \u00e9 a da intelig\u00eancia e da defesa nacional, onde est\u00e1 o maior or\u00e7amento de investimento de todos os minist\u00e9rios, mant\u00eam uma prof\u00edcua rela\u00e7\u00e3o de neg\u00f3cios de defesa com uma s\u00e9rie de empresas de v\u00e1rios Estados nacionais. Os militares acabam participando desses neg\u00f3cios.<\/p>\n\n\n\n<p>Ent\u00e3o existe um Centr\u00e3o militar?<\/p>\n\n\n\n<p>Eu afirmaria categoricamente isso. O Weintraub [Abraham Weintraub, ex-ministro da Educa\u00e7\u00e3o de Bolsonaro] veio recentemente a p\u00fablico dizer que o Centr\u00e3o foi para o governo Bolsonaro levado pelo general Ramos [Luiz Eduardo Ramos, ministro-chefe da Secretaria de Governo] como forma de manter o governo. A entrada da direita tradicional no governo foi obra dos generais que se engajaram no projeto do governo Bolsonaro, entre os quais est\u00e3o Ramos, Heleno e Braga Neto.<\/p>\n\n\n\n<p>Nos ataques \u00e0 urna eletr\u00f4nica, Bolsonaro j\u00e1 disse que aqui pode acontecer algo pior que a invas\u00e3o do Capit\u00f3lio logo ap\u00f3s as elei\u00e7\u00f5es nos Estados Unidos. At\u00e9 que ponto \u00e9 apenas uma amea\u00e7a?<\/p>\n\n\n\n<p>H\u00e1 uma tend\u00eancia de usar a amea\u00e7a e o medo como forma de influenciar, pela coa\u00e7\u00e3o, o comportamento do opositor, que \u00e9 uma estrat\u00e9gia batida, como a do policial bom e o policial ruim: um amea\u00e7a, o outro amansa. \u00c9 o blefe. A quest\u00e3o \u00e9: quais as garantias de que isso n\u00e3o vai acontecer?<\/p>\n\n\n\n<p>Olhando o contexto, nenhuma.<\/p>\n\n\n\n<p>A organiza\u00e7\u00e3o pol\u00edtica, as institui\u00e7\u00f5es, a sociedade civil, os movimentos sociais precisam centrar nisso: quais s\u00e3o as garantias de que isso n\u00e3o vai acontecer? Se acontecer, quais as garantias de que a a\u00e7\u00e3o ser\u00e1 neutralizada sem afetar a elei\u00e7\u00e3o nem a posse? Acho que o primeiro passo \u00e9 uma incid\u00eancia estrat\u00e9gica na disciplina militar. O exemplo do Comando Militar do Nordeste [que puniu com pris\u00e3o um major bolsonarista da ativa que postava mensagens de propaganda pol\u00edtica pelas redes sociais] \u00e9 um \u00f3timo caminho para assegurar que militar da ativa, seja federal ou estadual, n\u00e3o pode se manifestar politicamente durante as elei\u00e7\u00f5es, como ordena a disciplina militar. Pode votar em Bolsonaro, mas n\u00e3o pode desvirtuar a finalidade da sua fun\u00e7\u00e3o p\u00fablica para fazer milit\u00e2ncia partid\u00e1ria e muito menos para desestabilizar o regime democr\u00e1tico.&nbsp;&nbsp;<\/p>\n\n\n\n<figure class=\"wp-block-image\"><img data-recalc-dims=\"1\" decoding=\"async\" src=\"https:\/\/i0.wp.com\/apublica.org\/wp-content\/uploads\/2022\/07\/foto3-e-a-volta-dos-que-nunca-foram-diz-pesquisador-sobre-militares-no-governo-bolsonaro.jpg?w=600&#038;ssl=1\" alt=\"Cerim\u00f4nia comemorativa do Dia do Ex\u00e9rcito, no Quartel-General do Ex\u00e9rcito, no Setor Militar Urbano, em Bras\u00edlia\"\/><figcaption> Antonio Cruz\/Ag\u00eancia Brasil<br> Segundo o cientista pol\u00edtico, os militares conquistaram um n\u00edvel de autonomia em rela\u00e7\u00e3o ao poder civil in\u00e9dito na Rep\u00fablica<br>  <\/figcaption><\/figure>\n\n\n\n<p>Militares da ativa entrariam numa aventura autorit\u00e1ria?<\/p>\n\n\n\n<p>Acho que eles n\u00e3o v\u00e3o liderar uma aventura autorit\u00e1ria. A minha percep\u00e7\u00e3o \u00e9 que, se surgir um grupo ou determinada for\u00e7a policial que n\u00e3o reconhe\u00e7a o resultado das elei\u00e7\u00f5es e proponha a desestabiliza\u00e7\u00e3o, oficiais- generais e o Alto-Comando do Ex\u00e9rcito que atuam politicamente v\u00e3o se postar como moderadores do conflito. V\u00e3o buscar uma posi\u00e7\u00e3o de meio-termo que preserve as conquistas de poder que eles tiveram como corpora\u00e7\u00e3o, como institui\u00e7\u00e3o, e como indiv\u00edduos. Em segundo plano, acho que tentariam reduzir o poder de um eventual ganhador que tenha uma ideologia contr\u00e1ria \u00e0 que eles defendem \u2014 aqui estou me referindo mais ou menos \u00e0 gesta\u00e7\u00e3o de um parlamentarismo ou semiparlamentarismo.<\/p>\n\n\n\n<p>O poder civil ainda tem medo dos militares?&nbsp;<\/p>\n\n\n\n<p>Tem medo porque h\u00e1 um trauma aberto, n\u00e3o resolvido. \u00c9 s\u00f3 analisar a import\u00e2ncia da mem\u00f3ria no comportamento do sistema pol\u00edtico de sociedades que passam por grandes traumas de viol\u00eancia. No momento em que essa sociedade n\u00e3o enfrenta essa viol\u00eancia, haver\u00e1 uma compuls\u00e3o pela repeti\u00e7\u00e3o. A responsabilidade \u00e9 do poder civil, que \u00e9 respons\u00e1vel pela burocracia militar.<\/p>\n\n\n\n<p>Voc\u00ea acha que uma eventual vit\u00f3ria de Lula ser\u00e1 assimilada naturalmente?&nbsp;<\/p>\n\n\n\n<p>Acho que vai depender das correla\u00e7\u00f5es de for\u00e7as da sociedade durante esse per\u00edodo que antecede a elei\u00e7\u00e3o e, eventualmente, a posse. Sinceramente, ainda tenho muito receio de uma fraude eleitoral dentro do TSE operada por militares.<\/p>\n\n\n\n<p>Por que acha isso?<\/p>\n\n\n\n<p>Qual \u00e9 a garantia de que o processo vai funcionar? Acho que n\u00f3s temos uma certa salvaguarda de que o Tribunal Superior Eleitoral preservou uma autonomia em rela\u00e7\u00e3o \u00e0 urna eletr\u00f4nica, se deu conta do equ\u00edvoco da pol\u00edtica laudat\u00f3ria operada pelo antigo presidente do TSE Luiz Roberto Barroso [que, em agosto de 2021, pediu ao ent\u00e3o ministro da Defesa Braga Netto a indica\u00e7\u00e3o de um integrante da alta c\u00fapula militar na Comiss\u00e3o Externa de Transpar\u00eancia]. Foi um erro infantil de uma elite judici\u00e1ria achar que esses militares seriam cooptados ou seriam facilmente trazidos pro lado do tribunal. Chamar as For\u00e7as Armadas para a comiss\u00e3o foi um desastre. Os militares sabem muito bem que os pol\u00edticos acham que v\u00e3o coopt\u00e1-los e eles aceitam essa apar\u00eancia, mas seguem o pr\u00f3prio programa, sua pr\u00f3pria agenda de pol\u00edtica, enganando os pol\u00edticos. Isso historicamente sempre aconteceu.<\/p>\n\n\n\n<p>O grupo gestor dominante no governo \u00e9 o militar?<\/p>\n\n\n\n<p>N\u00e3o tenho d\u00favida disso. \u00c9 s\u00f3 olhar quem ocupa os cargos pol\u00edticos. Vamos pegar o caso do Minist\u00e9rio de Minas e Energia. O Bento Albuquerque [ex-ministro], da Marinha, dirigiu toda a privatiza\u00e7\u00e3o da Eletrobr\u00e1s e dolariza\u00e7\u00e3o dos pre\u00e7os dos combust\u00edveis na Petrobras. Isso est\u00e1 gerando grande problema para a base de Bolsonaro, que nada ganha com os aumentos.<\/p>\n\n\n\n<p>Quem ganha com isso?<\/p>\n\n\n\n<p>Quem est\u00e1 ganhando s\u00e3o essas lideran\u00e7as militares que t\u00eam ocupado cargos estrat\u00e9gicos no Estado brasileiro nas atividades econ\u00f4micas e no poder pol\u00edtico. Tomam decis\u00f5es de grandes impactos econ\u00f4micos que favorecem determinados grupos. Fazer um raio-x disso \u00e9 o papel da academia. Gostaria muito que, assim como os pol\u00edticos, os integrantes do Alto-Comando militar e os de cada regi\u00e3o fossem obrigados a abrir suas declara\u00e7\u00f5es sobre Imposto de Renda e de evolu\u00e7\u00e3o patrimonial como qualquer burocrata no exerc\u00edcio do poder pol\u00edtico. Seria uma boa oportunidade para que o discurso de moralidade, de superioridade militar, passasse por um teste no mesmo padr\u00e3o de transpar\u00eancia e de moralidade que a gente cobra do pol\u00edtico civil. N\u00e3o cobrar transpar\u00eancia \u00e9 um dos efeitos da tutela militar.<\/p>\n","protected":false},"excerpt":{"rendered":"<p>A P\u00fablica, por Vasconcelo Quadros &#8211; Autor do livro rec\u00e9m-lan\u00e7ado Rep\u00fablica de seguran\u00e7a nacional \u2013 Militares e pol\u00edtica no Brasil (editora Express\u00e3o Popular), uma alentada pesquisa sobre a trajet\u00f3ria das For\u00e7as Armadas, o cientista pol\u00edtico Rodrigo Lentz, doutor pela Universidade de Bras\u00edlia (UnB), mestre pela Universidade Federal do Rio Grande do Sul (UFRGS) e advogado,&#8230;<a class=\"more-link\" href=\"http:\/\/blogdalucianaoliveira.com.br\/blog\/2022\/07\/20\/e-a-volta-dos-que-nunca-foram-diz-pesquisador-sobre-militares-no-governo-bolsonaro\/\">Continue a leitura <span class=\"meta-nav\">&raquo;<\/span><\/a><\/p>\n","protected":false},"author":1,"featured_media":0,"comment_status":"closed","ping_status":"open","sticky":false,"template":"","format":"standard","meta":{"_exactmetrics_skip_tracking":false,"_exactmetrics_sitenote_active":false,"_exactmetrics_sitenote_note":"","_exactmetrics_sitenote_category":0,"jetpack_post_was_ever_published":false,"_jetpack_newsletter_access":"","_jetpack_dont_email_post_to_subs":false,"_jetpack_newsletter_tier_id":0,"_jetpack_memberships_contains_paywalled_content":false,"_jetpack_memberships_contains_paid_content":false,"footnotes":"","jetpack_publicize_message":"","jetpack_publicize_feature_enabled":true,"jetpack_social_post_already_shared":true,"jetpack_social_options":{"image_generator_settings":{"template":"highway","enabled":false},"version":2}},"categories":[1],"tags":[],"class_list":["post-34031","post","type-post","status-publish","format-standard","hentry","category-notas"],"jetpack_publicize_connections":[],"jetpack_sharing_enabled":true,"jetpack_featured_media_url":"","jetpack_shortlink":"https:\/\/wp.me\/p7wKYW-8QT","jetpack-related-posts":[],"_links":{"self":[{"href":"http:\/\/blogdalucianaoliveira.com.br\/blog\/wp-json\/wp\/v2\/posts\/34031","targetHints":{"allow":["GET"]}}],"collection":[{"href":"http:\/\/blogdalucianaoliveira.com.br\/blog\/wp-json\/wp\/v2\/posts"}],"about":[{"href":"http:\/\/blogdalucianaoliveira.com.br\/blog\/wp-json\/wp\/v2\/types\/post"}],"author":[{"embeddable":true,"href":"http:\/\/blogdalucianaoliveira.com.br\/blog\/wp-json\/wp\/v2\/users\/1"}],"replies":[{"embeddable":true,"href":"http:\/\/blogdalucianaoliveira.com.br\/blog\/wp-json\/wp\/v2\/comments?post=34031"}],"version-history":[{"count":1,"href":"http:\/\/blogdalucianaoliveira.com.br\/blog\/wp-json\/wp\/v2\/posts\/34031\/revisions"}],"predecessor-version":[{"id":34033,"href":"http:\/\/blogdalucianaoliveira.com.br\/blog\/wp-json\/wp\/v2\/posts\/34031\/revisions\/34033"}],"wp:attachment":[{"href":"http:\/\/blogdalucianaoliveira.com.br\/blog\/wp-json\/wp\/v2\/media?parent=34031"}],"wp:term":[{"taxonomy":"category","embeddable":true,"href":"http:\/\/blogdalucianaoliveira.com.br\/blog\/wp-json\/wp\/v2\/categories?post=34031"},{"taxonomy":"post_tag","embeddable":true,"href":"http:\/\/blogdalucianaoliveira.com.br\/blog\/wp-json\/wp\/v2\/tags?post=34031"}],"curies":[{"name":"wp","href":"https:\/\/api.w.org\/{rel}","templated":true}]}}