{"id":34047,"date":"2022-08-01T09:41:38","date_gmt":"2022-08-01T13:41:38","guid":{"rendered":"http:\/\/blogdalucianaoliveira.com.br\/blog\/?p=34047"},"modified":"2022-08-01T09:41:44","modified_gmt":"2022-08-01T13:41:44","slug":"amazonia-tem-aumento-de-8-nos-incendios-em-julho-em-comparacao-ao-ano-passado-apontam-dados-do-inpe","status":"publish","type":"post","link":"http:\/\/blogdalucianaoliveira.com.br\/blog\/2022\/08\/01\/amazonia-tem-aumento-de-8-nos-incendios-em-julho-em-comparacao-ao-ano-passado-apontam-dados-do-inpe\/","title":{"rendered":"Amaz\u00f4nia tem aumento de 8% nos inc\u00eandios em julho em compara\u00e7\u00e3o ao ano passado, apontam dados do Inpe"},"content":{"rendered":"\n<figure class=\"wp-block-image size-large\"><img data-recalc-dims=\"1\" loading=\"lazy\" decoding=\"async\" width=\"600\" height=\"389\" data-attachment-id=\"34048\" data-permalink=\"http:\/\/blogdalucianaoliveira.com.br\/blog\/2022\/08\/01\/amazonia-tem-aumento-de-8-nos-incendios-em-julho-em-comparacao-ao-ano-passado-apontam-dados-do-inpe\/f5f1e765-890c-4f79-9df8-ff80f9e7f087\/\" data-orig-file=\"https:\/\/i0.wp.com\/blogdalucianaoliveira.com.br\/blog\/wp-content\/uploads\/2022\/08\/F5F1E765-890C-4F79-9DF8-FF80F9E7F087.jpeg?fit=1002%2C650\" data-orig-size=\"1002,650\" data-comments-opened=\"0\" data-image-meta=\"{&quot;aperture&quot;:&quot;0&quot;,&quot;credit&quot;:&quot;&quot;,&quot;camera&quot;:&quot;&quot;,&quot;caption&quot;:&quot;&quot;,&quot;created_timestamp&quot;:&quot;0&quot;,&quot;copyright&quot;:&quot;&quot;,&quot;focal_length&quot;:&quot;0&quot;,&quot;iso&quot;:&quot;0&quot;,&quot;shutter_speed&quot;:&quot;0&quot;,&quot;title&quot;:&quot;&quot;,&quot;orientation&quot;:&quot;0&quot;}\" data-image-title=\"F5F1E765-890C-4F79-9DF8-FF80F9E7F087\" data-image-description=\"\" data-image-caption=\"\" data-medium-file=\"https:\/\/i0.wp.com\/blogdalucianaoliveira.com.br\/blog\/wp-content\/uploads\/2022\/08\/F5F1E765-890C-4F79-9DF8-FF80F9E7F087.jpeg?fit=300%2C195\" data-large-file=\"https:\/\/i0.wp.com\/blogdalucianaoliveira.com.br\/blog\/wp-content\/uploads\/2022\/08\/F5F1E765-890C-4F79-9DF8-FF80F9E7F087.jpeg?fit=600%2C389\" src=\"https:\/\/i0.wp.com\/blogdalucianaoliveira.com.br\/blog\/wp-content\/uploads\/2022\/08\/F5F1E765-890C-4F79-9DF8-FF80F9E7F087.jpeg?resize=600%2C389\" alt=\"\" class=\"wp-image-34048\" srcset=\"https:\/\/i0.wp.com\/blogdalucianaoliveira.com.br\/blog\/wp-content\/uploads\/2022\/08\/F5F1E765-890C-4F79-9DF8-FF80F9E7F087.jpeg?w=1002 1002w, https:\/\/i0.wp.com\/blogdalucianaoliveira.com.br\/blog\/wp-content\/uploads\/2022\/08\/F5F1E765-890C-4F79-9DF8-FF80F9E7F087.jpeg?resize=300%2C195 300w, https:\/\/i0.wp.com\/blogdalucianaoliveira.com.br\/blog\/wp-content\/uploads\/2022\/08\/F5F1E765-890C-4F79-9DF8-FF80F9E7F087.jpeg?resize=768%2C498 768w, https:\/\/i0.wp.com\/blogdalucianaoliveira.com.br\/blog\/wp-content\/uploads\/2022\/08\/F5F1E765-890C-4F79-9DF8-FF80F9E7F087.jpeg?resize=462%2C300 462w\" sizes=\"auto, (max-width: 600px) 100vw, 600px\" \/><\/figure>\n\n\n\n<h4 class=\"wp-block-heading\">Foram 5.373 focos detectados, contra 4.977 vistos no mesmo per\u00edodo do ano passado.<\/h4>\n\n\n\n<!--more-->\n\n\n\n<p>Por g1<\/p>\n\n\n\n<p>A&nbsp;<a href=\"https:\/\/g1.globo.com\/natureza\/amazonia\/\">Amaz\u00f4nia&nbsp;<\/a>registrou&nbsp;<strong>5.373&nbsp;<\/strong>focos de inc\u00eandio em julho, apontam dados do Instituto Nacional de Pesquisa Espaciais (<a href=\"https:\/\/g1.globo.com\/tudo-sobre\/inpe\/\">Inpe<\/a>). O n\u00famero \u00e9 um aumento de 8% em rela\u00e7\u00e3o ao&nbsp;<a href=\"https:\/\/g1.globo.com\/natureza\/amazonia\/noticia\/2021\/08\/03\/amazonia-registra-quase-5-mil-focos-de-queimadas-em-julho-mesmo-com-decreto-que-proibe-o-uso-do-fogo-veja-imagens.ghtml\">mesmo per\u00edodo do ano passado, quando&nbsp;<strong>4.977&nbsp;<\/strong>pontos de fogo foram detectados<\/a>.&nbsp;<\/p>\n\n\n\n<p>Ao mesmo tempo, o n\u00famero de focos \u00e9<a href=\"https:\/\/g1.globo.com\/natureza\/amazonia\/noticia\/2020\/08\/02\/incendios-na-amazonia-aumentaram-28percent-em-julho-em-comparacao-ao-ano-passado-mostram-dados-do-inpe.ghtml\">21% menor do que o visto em julho de 2020<\/a>&nbsp;\u2013 quando a&nbsp;<a href=\"https:\/\/g1.globo.com\/natureza\/amazonia\/\">Amaz\u00f4nia&nbsp;<\/a>registrou 6.803 focos de calor. O recorde para o m\u00eas \u00e9 de 2005, quando foram detectados 19.364 pontos de inc\u00eandio.&nbsp;<\/p>\n\n\n\n<p>A temporada de inc\u00eandios na&nbsp;<a href=\"https:\/\/g1.globo.com\/natureza\/amazonia\/\">Amaz\u00f4nia&nbsp;<\/a>costuma ocorrer entre junho e outubro, mas<strong>&nbsp;as chamas s\u00e3o apenas parte do problema<\/strong>: no resto do ano, fazendeiros, garimpeiros e grileiros desmatam a floresta e se preparam para queim\u00e1-la. O primeiro semestre deste ano teve&nbsp;<a href=\"https:\/\/g1.globo.com\/meio-ambiente\/noticia\/2022\/07\/01\/amazonia-tem-1o-semestre-de-2021-com-maior-area-sob-alerta-de-desmate-em-7-anos.ghtml\">a maior \u00e1rea da Amaz\u00f4nia Legal sob alerta de desmate em 7 anos<\/a>.&nbsp;<\/p>\n\n\n\n<p>De 1\u00ba a 22 de julho, a floresta j\u00e1 tinha 1.186 km\u00b2 de \u00e1rea sob desmate, segundo monitoramento do sat\u00e9lite Deter-B, tamb\u00e9m ligado ao&nbsp;<a href=\"https:\/\/g1.globo.com\/tudo-sobre\/inpe\/\">Inpe<\/a>. O sat\u00e9lite produz sinais di\u00e1rios de altera\u00e7\u00e3o na cobertura florestal para \u00e1reas maiores que 3 hectares (0,03 km\u00b2), tanto para \u00e1reas totalmente desmatadas como para aquelas em processo de degrada\u00e7\u00e3o florestal (explora\u00e7\u00e3o de madeira, minera\u00e7\u00e3o, queimadas e outras).<\/p>\n","protected":false},"excerpt":{"rendered":"<p>Foram 5.373 focos detectados, contra 4.977 vistos no mesmo per\u00edodo do ano passado.<\/p>\n","protected":false},"author":1,"featured_media":0,"comment_status":"closed","ping_status":"open","sticky":false,"template":"","format":"standard","meta":{"_exactmetrics_skip_tracking":false,"_exactmetrics_sitenote_active":false,"_exactmetrics_sitenote_note":"","_exactmetrics_sitenote_category":0,"jetpack_post_was_ever_published":false,"_jetpack_newsletter_access":"","_jetpack_dont_email_post_to_subs":false,"_jetpack_newsletter_tier_id":0,"_jetpack_memberships_contains_paywalled_content":false,"_jetpack_memberships_contains_paid_content":false,"footnotes":"","jetpack_publicize_message":"","jetpack_publicize_feature_enabled":true,"jetpack_social_post_already_shared":true,"jetpack_social_options":{"image_generator_settings":{"template":"highway","enabled":false},"version":2}},"categories":[1],"tags":[],"class_list":["post-34047","post","type-post","status-publish","format-standard","hentry","category-notas"],"jetpack_publicize_connections":[],"jetpack_sharing_enabled":true,"jetpack_featured_media_url":"","jetpack_shortlink":"https:\/\/wp.me\/p7wKYW-8R9","jetpack-related-posts":[],"_links":{"self":[{"href":"http:\/\/blogdalucianaoliveira.com.br\/blog\/wp-json\/wp\/v2\/posts\/34047","targetHints":{"allow":["GET"]}}],"collection":[{"href":"http:\/\/blogdalucianaoliveira.com.br\/blog\/wp-json\/wp\/v2\/posts"}],"about":[{"href":"http:\/\/blogdalucianaoliveira.com.br\/blog\/wp-json\/wp\/v2\/types\/post"}],"author":[{"embeddable":true,"href":"http:\/\/blogdalucianaoliveira.com.br\/blog\/wp-json\/wp\/v2\/users\/1"}],"replies":[{"embeddable":true,"href":"http:\/\/blogdalucianaoliveira.com.br\/blog\/wp-json\/wp\/v2\/comments?post=34047"}],"version-history":[{"count":1,"href":"http:\/\/blogdalucianaoliveira.com.br\/blog\/wp-json\/wp\/v2\/posts\/34047\/revisions"}],"predecessor-version":[{"id":34049,"href":"http:\/\/blogdalucianaoliveira.com.br\/blog\/wp-json\/wp\/v2\/posts\/34047\/revisions\/34049"}],"wp:attachment":[{"href":"http:\/\/blogdalucianaoliveira.com.br\/blog\/wp-json\/wp\/v2\/media?parent=34047"}],"wp:term":[{"taxonomy":"category","embeddable":true,"href":"http:\/\/blogdalucianaoliveira.com.br\/blog\/wp-json\/wp\/v2\/categories?post=34047"},{"taxonomy":"post_tag","embeddable":true,"href":"http:\/\/blogdalucianaoliveira.com.br\/blog\/wp-json\/wp\/v2\/tags?post=34047"}],"curies":[{"name":"wp","href":"https:\/\/api.w.org\/{rel}","templated":true}]}}