{"id":34052,"date":"2022-08-01T13:02:42","date_gmt":"2022-08-01T17:02:42","guid":{"rendered":"http:\/\/blogdalucianaoliveira.com.br\/blog\/?p=34052"},"modified":"2022-08-01T13:02:45","modified_gmt":"2022-08-01T17:02:45","slug":"a-propaganda-e-a-alma-da-reeleicao","status":"publish","type":"post","link":"http:\/\/blogdalucianaoliveira.com.br\/blog\/2022\/08\/01\/a-propaganda-e-a-alma-da-reeleicao\/","title":{"rendered":"A PROPAGANDA \u00c9 A ALMA DA REELEI\u00c7\u00c3O"},"content":{"rendered":"\n<figure class=\"wp-block-image\"><img data-recalc-dims=\"1\" decoding=\"async\" src=\"https:\/\/i0.wp.com\/piaui.folha.uol.com.br\/wp-content\/uploads\/2022\/07\/Home-A-propaganda-e-a-alma-2-scaled.jpg?w=600&#038;ssl=1\" alt=\"\"\/><\/figure>\n\n\n\n<p><strong>Eduardo Chaves, Luigi Mazza e Renata Buono\u00a0<\/strong>| Revista Piau\u00ed  &#8211; <strong>O<\/strong> governo Bolsonaro aumentou em 17% os gastos com publicidade no primeiro semestre de 2022 na compara\u00e7\u00e3o com o mesmo per\u00edodo de 2021. Foram R$ 84,9 milh\u00f5es investidos em propaganda at\u00e9 aqui, segundo os dados da Secretaria Especial de Comunica\u00e7\u00e3o do Planalto (Secom). <br><\/p>\n\n\n\n<!--more-->\n\n\n\n<p>O aumento se concentrou especialmente nos an\u00fancios de televis\u00e3o. O valor pago em publicidade na tev\u00ea foi o maior para um primeiro semestre desde que Bolsonaro tomou posse. Alvo de ataques do presidente, a TV Globo tem recebido cada vez mais recursos, proporcionalmente. Neste ano, 25% das verbas de publicidade em tev\u00ea foram para a Globo (em 2019, eram 17%). A artilharia tamb\u00e9m tem sido pesada nas redes sociais. Nos primeiros seis meses do ano, o governo pagou R$ 4 milh\u00f5es em an\u00fancios no Facebook \u2013 valor que supera o dos anos de 2021 e 2020 inteiros. O\u00a0<em>=igualdades<\/em>\u00a0mostra como e onde Bolsonaro est\u00e1 fazendo propaganda no ano em que tenta a reelei\u00e7\u00e3o.<\/p>\n\n\n\n<figure class=\"wp-block-image\"><img data-recalc-dims=\"1\" decoding=\"async\" src=\"https:\/\/i0.wp.com\/piaui.folha.uol.com.br\/wp-content\/uploads\/2022\/07\/01.-A-propaganda-e%25CC%2581-a-alma-da-reeleic%25CC%25A7a%25CC%2583o.jpg?w=600&#038;ssl=1\" alt=\"\" class=\"wp-image-418857\"\/><\/figure>\n\n\n\n<p>De janeiro a junho de 2022, o governo Bolsonaro pagou R$ 47,9 milh\u00f5es para fazer publicidade na televis\u00e3o \u2013 maior verba para o primeiro semestre do ano desde o come\u00e7o do mandato. No mesmo per\u00edodo de 2019, o gasto com an\u00fancios televisivos foi de R$ 43,4 milh\u00f5es; em 2020, R$ 20,2 milh\u00f5es; no ano passado, foram R$ 36,9 milh\u00f5es.<\/p>\n\n\n\n<figure class=\"wp-block-image\"><img data-recalc-dims=\"1\" decoding=\"async\" src=\"https:\/\/i0.wp.com\/piaui.folha.uol.com.br\/wp-content\/uploads\/2022\/07\/02.-A-propaganda-e%25CC%2581-a-alma-da-reeleic%25CC%25A7a%25CC%2583o-VA.jpg?w=600&#038;ssl=1\" alt=\"\" class=\"wp-image-418869\"\/><\/figure>\n\n\n\n<p>Alvo de constantes ataques de Bolsonaro, a TV Globo recebeu em 2022 a maior fatia das verbas da Secom para publicidade em televis\u00e3o desde que o governo come\u00e7ou. De janeiro a junho, a Globo ficou com 25% do total que foi gasto para veicular propagandas na tev\u00ea \u2013 em n\u00fameros absolutos, R$ 12 milh\u00f5es dentre R$ 47,8 milh\u00f5es.<\/p>\n\n\n\n<figure class=\"wp-block-image\"><img data-recalc-dims=\"1\" decoding=\"async\" src=\"https:\/\/i0.wp.com\/piaui.folha.uol.com.br\/wp-content\/uploads\/2022\/07\/03.-A-propaganda-e%25CC%2581-a-alma-da-reeleic%25CC%25A7a%25CC%2583o.jpg?w=600&#038;ssl=1\" alt=\"\" class=\"wp-image-418855\"\/><\/figure>\n\n\n\n<p>De janeiro a junho de 2022, o governo Bolsonaro gastou R$ 84,9 milh\u00f5es com publicidade oficial. Isso \u00e9 metade do que outros governos gastaram em m\u00e9dia nos primeiros semestres de anos eleitorais. De janeiro a junho de 2018, Temer desembolsou R$ 142,1 milh\u00f5es, em valores corrigidos. J\u00e1 Dilma (2014) e Lula (2010) gastaram R$ 141,6 milh\u00f5es e R$ 207,3 milh\u00f5es no mesmo per\u00edodo, respectivamente, em valores corrigidos.<\/p>\n\n\n\n<figure class=\"wp-block-image\"><img data-recalc-dims=\"1\" decoding=\"async\" src=\"https:\/\/i0.wp.com\/piaui.folha.uol.com.br\/wp-content\/uploads\/2022\/07\/04.-A-propaganda-e%25CC%2581-a-alma-da-reeleic%25CC%25A7a%25CC%2583o.jpg?w=600&#038;ssl=1\" alt=\"\" class=\"wp-image-418854\"\/><\/figure>\n\n\n\n<p>Nos seis primeiros meses do ano, a Secom pagou ao Facebook R$ 4 milh\u00f5es para que a empresa veiculasse an\u00fancios do governo federal \u2013 mais do que em outros anos inteiros. Durante todo o ano de 2021, o governo gastou R$ 2,9 milh\u00f5es com an\u00fancios na plataforma; em 2020, foram R$ 3,7 milh\u00f5es. Em 2019, o valor foi o mesmo que no primeiro semestre de 2022: R$ 4 milh\u00f5es.<\/p>\n\n\n\n<figure class=\"wp-block-image\"><img data-recalc-dims=\"1\" decoding=\"async\" src=\"https:\/\/i0.wp.com\/piaui.folha.uol.com.br\/wp-content\/uploads\/2022\/07\/05.-A-propaganda-e%25CC%2581-a-alma-da-reeleic%25CC%25A7a%25CC%2583o.jpg?w=600&#038;ssl=1\" alt=\"\" class=\"wp-image-418853\"\/><\/figure>\n\n\n\n<p>O Partido Liberal (PL), ao qual est\u00e1 filiado Bolsonaro, tamb\u00e9m tem investido por conta pr\u00f3pria no Facebook. O partido havia pago, at\u00e9 o dia 28 de julho, R$ 802 mil em an\u00fancios na rede social. Neles, o presidente \u00e9 descrito como \u201co capit\u00e3o do povo\u201d. O valor \u00e9 seis vezes o que foi pago pelo Partido dos Trabalhadores (PT) em propagandas pr\u00f3-Lula. O PT havia pago R$ 131 mil em an\u00fancios no Facebook at\u00e9 o dia 28 de julho.<\/p>\n\n\n\n<figure class=\"wp-block-image\"><img data-recalc-dims=\"1\" decoding=\"async\" src=\"https:\/\/i0.wp.com\/piaui.folha.uol.com.br\/wp-content\/uploads\/2022\/07\/06.-A-propaganda-e%25CC%2581-a-alma-da-reeleic%25CC%25A7a%25CC%2583o.jpg?w=600&#038;ssl=1\" alt=\"\" class=\"wp-image-418852\"\/><\/figure>\n\n\n\n<p>A R\u00e1dio Jovem Pan triplicou as verbas de publicidade recebidas do governo federal durante o mandato de Bolsonaro. Em 2018, \u00faltimo ano de governo Temer, a Secom pagou R$ 840 mil, em valores corrigidos, para que as r\u00e1dios do grupo Jovem Pan veiculassem propagandas do governo. O valor disparou nos anos seguintes, chegando a R$ 2,5 milh\u00f5es em 2021.<\/p>\n\n\n\n<figure class=\"wp-block-image\"><img data-recalc-dims=\"1\" decoding=\"async\" src=\"https:\/\/i0.wp.com\/piaui.folha.uol.com.br\/wp-content\/uploads\/2022\/07\/07.-A-propaganda-e%25CC%2581-a-alma-da-reeleic%25CC%25A7a%25CC%2583o.jpg?w=600&#038;ssl=1\" alt=\"\" class=\"wp-image-418851\"\/><\/figure>\n\n\n\n<p>De janeiro a junho deste ano, o governo federal gastou R$ 3,7 milh\u00f5es em publicidade sobre a tecnologia 5G. O valor \u00e9 equivalente \u00e0 soma dos gastos com as campanhas de informa\u00e7\u00e3o sobre a Covid e sobre o combate a inc\u00eandios florestais \u2013 que, no mesmo per\u00edodo, custaram R$ 3,2 milh\u00f5es e R$ 790 mil, respectivamente.<\/p>\n\n\n\n<p><strong>Fontes:&nbsp;<\/strong>Secretaria Especial de Comunica\u00e7\u00e3o Social (Secom);<a href=\"https:\/\/adstransparency.google.com\/political?region=BR&amp;political=\">&nbsp;Biblioteca de An\u00fancios do Google<\/a>.<\/p>\n","protected":false},"excerpt":{"rendered":"<p>Eduardo Chaves, Luigi Mazza e Renata Buono\u00a0| Revista Piau\u00ed &#8211; O governo Bolsonaro aumentou em 17% os gastos com publicidade no primeiro semestre de 2022 na compara\u00e7\u00e3o com o mesmo per\u00edodo de 2021. Foram R$ 84,9 milh\u00f5es investidos em propaganda at\u00e9 aqui, segundo os dados da Secretaria Especial de Comunica\u00e7\u00e3o do Planalto (Secom).<\/p>\n","protected":false},"author":1,"featured_media":0,"comment_status":"closed","ping_status":"open","sticky":false,"template":"","format":"standard","meta":{"_exactmetrics_skip_tracking":false,"_exactmetrics_sitenote_active":false,"_exactmetrics_sitenote_note":"","_exactmetrics_sitenote_category":0,"jetpack_post_was_ever_published":false,"_jetpack_newsletter_access":"","_jetpack_dont_email_post_to_subs":false,"_jetpack_newsletter_tier_id":0,"_jetpack_memberships_contains_paywalled_content":false,"_jetpack_memberships_contains_paid_content":false,"footnotes":"","jetpack_publicize_message":"","jetpack_publicize_feature_enabled":true,"jetpack_social_post_already_shared":true,"jetpack_social_options":{"image_generator_settings":{"template":"highway","enabled":false},"version":2}},"categories":[1],"tags":[],"class_list":["post-34052","post","type-post","status-publish","format-standard","hentry","category-notas"],"jetpack_publicize_connections":[],"jetpack_sharing_enabled":true,"jetpack_featured_media_url":"","jetpack_shortlink":"https:\/\/wp.me\/p7wKYW-8Re","jetpack-related-posts":[],"_links":{"self":[{"href":"http:\/\/blogdalucianaoliveira.com.br\/blog\/wp-json\/wp\/v2\/posts\/34052","targetHints":{"allow":["GET"]}}],"collection":[{"href":"http:\/\/blogdalucianaoliveira.com.br\/blog\/wp-json\/wp\/v2\/posts"}],"about":[{"href":"http:\/\/blogdalucianaoliveira.com.br\/blog\/wp-json\/wp\/v2\/types\/post"}],"author":[{"embeddable":true,"href":"http:\/\/blogdalucianaoliveira.com.br\/blog\/wp-json\/wp\/v2\/users\/1"}],"replies":[{"embeddable":true,"href":"http:\/\/blogdalucianaoliveira.com.br\/blog\/wp-json\/wp\/v2\/comments?post=34052"}],"version-history":[{"count":1,"href":"http:\/\/blogdalucianaoliveira.com.br\/blog\/wp-json\/wp\/v2\/posts\/34052\/revisions"}],"predecessor-version":[{"id":34054,"href":"http:\/\/blogdalucianaoliveira.com.br\/blog\/wp-json\/wp\/v2\/posts\/34052\/revisions\/34054"}],"wp:attachment":[{"href":"http:\/\/blogdalucianaoliveira.com.br\/blog\/wp-json\/wp\/v2\/media?parent=34052"}],"wp:term":[{"taxonomy":"category","embeddable":true,"href":"http:\/\/blogdalucianaoliveira.com.br\/blog\/wp-json\/wp\/v2\/categories?post=34052"},{"taxonomy":"post_tag","embeddable":true,"href":"http:\/\/blogdalucianaoliveira.com.br\/blog\/wp-json\/wp\/v2\/tags?post=34052"}],"curies":[{"name":"wp","href":"https:\/\/api.w.org\/{rel}","templated":true}]}}