{"id":34055,"date":"2022-08-02T09:05:25","date_gmt":"2022-08-02T13:05:25","guid":{"rendered":"http:\/\/blogdalucianaoliveira.com.br\/blog\/?p=34055"},"modified":"2022-08-02T09:05:33","modified_gmt":"2022-08-02T13:05:33","slug":"movimentos-populares-lancam-campanha-nacional-para-frear-a-crescente-violencia-no-campo","status":"publish","type":"post","link":"http:\/\/blogdalucianaoliveira.com.br\/blog\/2022\/08\/02\/movimentos-populares-lancam-campanha-nacional-para-frear-a-crescente-violencia-no-campo\/","title":{"rendered":"Movimentos populares lan\u00e7am campanha nacional para frear a crescente viol\u00eancia no campo"},"content":{"rendered":"\n<figure class=\"wp-block-image size-large\"><img data-recalc-dims=\"1\" loading=\"lazy\" decoding=\"async\" width=\"600\" height=\"400\" data-attachment-id=\"34056\" data-permalink=\"http:\/\/blogdalucianaoliveira.com.br\/blog\/2022\/08\/02\/movimentos-populares-lancam-campanha-nacional-para-frear-a-crescente-violencia-no-campo\/8d6fb3b6-f509-4870-9cc4-69899867f6dd\/\" data-orig-file=\"https:\/\/i0.wp.com\/blogdalucianaoliveira.com.br\/blog\/wp-content\/uploads\/2022\/08\/8D6FB3B6-F509-4870-9CC4-69899867F6DD.jpeg?fit=700%2C467\" data-orig-size=\"700,467\" data-comments-opened=\"0\" data-image-meta=\"{&quot;aperture&quot;:&quot;0&quot;,&quot;credit&quot;:&quot;&quot;,&quot;camera&quot;:&quot;&quot;,&quot;caption&quot;:&quot;&quot;,&quot;created_timestamp&quot;:&quot;0&quot;,&quot;copyright&quot;:&quot;&quot;,&quot;focal_length&quot;:&quot;0&quot;,&quot;iso&quot;:&quot;0&quot;,&quot;shutter_speed&quot;:&quot;0&quot;,&quot;title&quot;:&quot;&quot;,&quot;orientation&quot;:&quot;0&quot;}\" data-image-title=\"8D6FB3B6-F509-4870-9CC4-69899867F6DD\" data-image-description=\"\" data-image-caption=\"\" data-medium-file=\"https:\/\/i0.wp.com\/blogdalucianaoliveira.com.br\/blog\/wp-content\/uploads\/2022\/08\/8D6FB3B6-F509-4870-9CC4-69899867F6DD.jpeg?fit=300%2C200\" data-large-file=\"https:\/\/i0.wp.com\/blogdalucianaoliveira.com.br\/blog\/wp-content\/uploads\/2022\/08\/8D6FB3B6-F509-4870-9CC4-69899867F6DD.jpeg?fit=600%2C400\" src=\"https:\/\/i0.wp.com\/blogdalucianaoliveira.com.br\/blog\/wp-content\/uploads\/2022\/08\/8D6FB3B6-F509-4870-9CC4-69899867F6DD.jpeg?resize=600%2C400\" alt=\"\" class=\"wp-image-34056\" srcset=\"https:\/\/i0.wp.com\/blogdalucianaoliveira.com.br\/blog\/wp-content\/uploads\/2022\/08\/8D6FB3B6-F509-4870-9CC4-69899867F6DD.jpeg?w=700 700w, https:\/\/i0.wp.com\/blogdalucianaoliveira.com.br\/blog\/wp-content\/uploads\/2022\/08\/8D6FB3B6-F509-4870-9CC4-69899867F6DD.jpeg?resize=300%2C200 300w, https:\/\/i0.wp.com\/blogdalucianaoliveira.com.br\/blog\/wp-content\/uploads\/2022\/08\/8D6FB3B6-F509-4870-9CC4-69899867F6DD.jpeg?resize=450%2C300 450w\" sizes=\"auto, (max-width: 600px) 100vw, 600px\" \/><\/figure>\n\n\n\n<h4 class=\"wp-block-heading\">Nos primeiros seis meses de 2022, o n\u00famero de pessoas assassinadas em conflitos por terra j\u00e1 superou o total de 2020<\/h4>\n\n\n\n<!--more-->\n\n\n\n<p>Gabriela Moncau &#8211; Brasil de Fato | S\u00e3o Paulo (SP)<\/p>\n\n\n\n<p>A viol\u00eancia no campo brasileiro n\u00e3o para de crescer. S\u00f3 nos \u00faltimos dois anos, segundo a Comiss\u00e3o Pastoral da Terra (CPT), assassinatos cresceram 75% e o&nbsp;<a href=\"https:\/\/www.brasildefato.com.br\/2022\/07\/28\/operacao-resgata-337-trabalhadores-de-condicoes-analogas-a-escravidao\" target=\"_blank\" rel=\"noreferrer noopener\">trabalho escravo<\/a>, 113%. Diante deste cen\u00e1rio, 33 organiza\u00e7\u00f5es e movimentos sociais lan\u00e7am, nesta ter\u00e7a-feira (2) \u00e0s 10h, a &#8220;Campanha contra a viol\u00eancia no campo: em defesa dos povos do campo, das \u00e1guas e das florestas&#8221;.<\/p>\n\n\n\n<p>O evento, em Bras\u00edlia (DF) e com transmiss\u00e3o online pelos canais do Conselho Nacional de Direitos Humanos (CNDH), \u00e9 uma iniciativa das&nbsp;<a href=\"https:\/\/www.cptnacional.org.br\/publicacoes\/noticias\/acoes-dos-movimentos\/6006-organizacoes-propoem-campanha-contra-violencia-no-campo\" target=\"_blank\" rel=\"noreferrer noopener\">organiza\u00e7\u00f5es signat\u00e1rias<\/a>&nbsp;da campanha. Entre elas, o Movimento dos Trabalhadores Rurais Sem Terra (MST), o Movimento dos Atingidos por Barragens (MAB), a Teia dos Povos, a C\u00e1ritas Brasileira, a Articula\u00e7\u00e3o Nacional de Quilombos (ANQ) e o Movimento Interestadual das Quebradeiras de Coco Baba\u00e7u.<\/p>\n\n\n\n<p>O levantamento da CPT evidencia que&nbsp;a maioria das 5,5 milh\u00f5es de pessoas afetadas pelos conflitos em \u00e1reas rurais est\u00e1 na regi\u00e3o da Amaz\u00f4nia Legal e pertence a comunidades ind\u00edgenas, quilombolas, ribeirinhas e camponesas. &#8220;A campanha nasce a partir do grito dessas comunidades&#8221;, sintetiza Carlos Lima, historiador e coordenador nacional da CPT.<\/p>\n\n\n\n<p><strong>::&nbsp;<\/strong><a href=\"https:\/\/www.brasildefato.com.br\/2022\/06\/14\/caso-bruno-e-phillips-escancara-o-perigo-de-defender-a-floresta-no-brasil-veja-casos-recentes\" target=\"_blank\" rel=\"noreferrer noopener\"><strong>Caso Bruno e Phillips escancara o perigo de defender a floresta no Brasil; veja casos recentes<\/strong><\/a><strong>&nbsp;::<\/strong><\/p>\n\n\n\n<p>A iniciativa tem por objetivo propor a\u00e7\u00f5es pol\u00edticas de prote\u00e7\u00e3o das comunidades e das florestas; dialogar e sensibilizar a opini\u00e3o p\u00fablica nacional e internacional a respeito da situa\u00e7\u00e3o; denunciar casos espec\u00edficos de viola\u00e7\u00f5es de direitos, assassinatos e amea\u00e7as; fortalecer iniciativas j\u00e1 existentes em defesa dos direitos humanos e desenvolver formas de acolher pessoas v\u00edtimas de viol\u00eancias.<\/p>\n\n\n\n<p>As 33 organiza\u00e7\u00f5es tamb\u00e9m divulgam uma carta compromisso contra a viol\u00eancia no campo, que ser\u00e1 disponibilizada para que candidatos que disputem as elei\u00e7\u00f5es deste ano possam aderir.<\/p>\n\n\n\n<p>&#8220;O Estado brasileiro \u00e9 protagonista desta viol\u00eancia&#8221;<\/p>\n\n\n\n<p>Entre os casos apresentados no lan\u00e7amento, est\u00e1 o dos&nbsp;<a href=\"https:\/\/www.brasildefato.com.br\/2022\/07\/15\/em-emboscada-mais-um-indigena-guarani-kaiowa-e-assassinado-em-amambai-ms\" target=\"_blank\" rel=\"noreferrer noopener\">Guarani e Kaiow\u00e1 no Mato Grosso do Sul, no munic\u00edpio de Amambai<\/a>. Desde que um grupo de ind\u00edgenas ocupou, em junho, uma fazenda localizada em territ\u00f3rio tradicional &#8211; o Tekoha Gwapo\u2019y Mi Tujury &#8211; eles j\u00e1 tiveram de enterrar dois dos seus, brutalmente assassinados.<\/p>\n\n\n\n<p>Vitor Fernandes foi morto em uma opera\u00e7\u00e3o policial, com helic\u00f3ptero, que feriu outras 15 pessoas, incluindo crian\u00e7as. O epis\u00f3dio, que aconteceu em 24 de junho, ficou conhecido como o&nbsp;<a href=\"https:\/\/www.brasildefato.com.br\/2022\/06\/25\/acao-da-pm-no-mato-grosso-do-sul-deixa-pelo-menos-um-indigena-morto-e-sete-feridos\" target=\"_blank\" rel=\"noreferrer noopener\">Massacre de Gwapo\u2019y<\/a>. Tr\u00eas semanas depois, no \u00faltimo dia 14 de julho, M\u00e1rcio Moura, outro ind\u00edgena que desempenhava um papel importante na retomada, foi&nbsp;<a href=\"https:\/\/www.brasildefato.com.br\/2022\/07\/15\/em-emboscada-mais-um-indigena-guarani-kaiowa-e-assassinado-em-amambai-ms\" target=\"_blank\" rel=\"noreferrer noopener\">morto em uma emboscada<\/a>.<\/p>\n\n\n\n<p>Para Carlos Lima, &#8220;o Estado brasileiro deixou de ser conivente para ser protagonista desta viol\u00eancia contra os povos e as florestas&#8221;.<\/p>\n\n\n\n<p>No ano passado, a CPT contabilizou 35 assassinatos por conflitos no campo, sendo 28 na Amaz\u00f4nia. J\u00e1 em 2022, at\u00e9 o m\u00eas de julho, 22 assassinatos j\u00e1 foram confirmados pelo setor de documenta\u00e7\u00e3o da CPT. Outros 10 est\u00e3o sendo checados.<\/p>\n\n\n\n<p><strong>::&nbsp;<\/strong><a href=\"https:\/\/www.brasildefato.com.br\/2022\/07\/25\/aqueles-que-abastecem-as-cidades-de-alimentos-vivem-ameaca-de-despejo-e-avanco-do-agronegocio\" target=\"_blank\" rel=\"noreferrer noopener\"><strong>Aqueles que abastecem as cidades de alimentos vivem amea\u00e7a de despejo e avan\u00e7o do agroneg\u00f3cio<\/strong><\/a><strong>&nbsp;::<\/strong><\/p>\n\n\n\n<p>&#8220;A viol\u00eancia existe porque o Estado brasileiro n\u00e3o assumiu a tarefa hist\u00f3rica de resolver a quest\u00e3o agr\u00e1ria do pa\u00eds&#8221;, avalia Lima. &#8220;E s\u00f3 se resolve realizando uma reforma agr\u00e1ria radical, popular, garantindo aos povos ind\u00edgenas e \u00e0s comunidades quilombolas e ribeirinhas os seus territ\u00f3rios&#8221;, aponta.<\/p>\n\n\n\n<p>Para o coordenador nacional da CPT, n\u00e3o h\u00e1 outro caminho: &#8220;\u00e9&nbsp;preciso mudar a estrutura agr\u00e1ria brasileira para que a gente possa, de fato, ter paz no campo&#8221;.<\/p>\n\n\n\n<p>Edi\u00e7\u00e3o: Nicolau Soares<\/p>\n","protected":false},"excerpt":{"rendered":"<p>Nos primeiros seis meses de 2022, o n\u00famero de pessoas assassinadas em conflitos por terra j\u00e1 superou o total de 2020<\/p>\n","protected":false},"author":1,"featured_media":0,"comment_status":"closed","ping_status":"open","sticky":false,"template":"","format":"standard","meta":{"_exactmetrics_skip_tracking":false,"_exactmetrics_sitenote_active":false,"_exactmetrics_sitenote_note":"","_exactmetrics_sitenote_category":0,"jetpack_post_was_ever_published":false,"_jetpack_newsletter_access":"","_jetpack_dont_email_post_to_subs":false,"_jetpack_newsletter_tier_id":0,"_jetpack_memberships_contains_paywalled_content":false,"_jetpack_memberships_contains_paid_content":false,"footnotes":"","jetpack_publicize_message":"","jetpack_publicize_feature_enabled":true,"jetpack_social_post_already_shared":true,"jetpack_social_options":{"image_generator_settings":{"template":"highway","enabled":false},"version":2}},"categories":[1],"tags":[776,775],"class_list":["post-34055","post","type-post","status-publish","format-standard","hentry","category-notas","tag-movimentos-populares","tag-violencia-no-campo"],"jetpack_publicize_connections":[],"jetpack_sharing_enabled":true,"jetpack_featured_media_url":"","jetpack_shortlink":"https:\/\/wp.me\/p7wKYW-8Rh","jetpack-related-posts":[],"_links":{"self":[{"href":"http:\/\/blogdalucianaoliveira.com.br\/blog\/wp-json\/wp\/v2\/posts\/34055","targetHints":{"allow":["GET"]}}],"collection":[{"href":"http:\/\/blogdalucianaoliveira.com.br\/blog\/wp-json\/wp\/v2\/posts"}],"about":[{"href":"http:\/\/blogdalucianaoliveira.com.br\/blog\/wp-json\/wp\/v2\/types\/post"}],"author":[{"embeddable":true,"href":"http:\/\/blogdalucianaoliveira.com.br\/blog\/wp-json\/wp\/v2\/users\/1"}],"replies":[{"embeddable":true,"href":"http:\/\/blogdalucianaoliveira.com.br\/blog\/wp-json\/wp\/v2\/comments?post=34055"}],"version-history":[{"count":1,"href":"http:\/\/blogdalucianaoliveira.com.br\/blog\/wp-json\/wp\/v2\/posts\/34055\/revisions"}],"predecessor-version":[{"id":34057,"href":"http:\/\/blogdalucianaoliveira.com.br\/blog\/wp-json\/wp\/v2\/posts\/34055\/revisions\/34057"}],"wp:attachment":[{"href":"http:\/\/blogdalucianaoliveira.com.br\/blog\/wp-json\/wp\/v2\/media?parent=34055"}],"wp:term":[{"taxonomy":"category","embeddable":true,"href":"http:\/\/blogdalucianaoliveira.com.br\/blog\/wp-json\/wp\/v2\/categories?post=34055"},{"taxonomy":"post_tag","embeddable":true,"href":"http:\/\/blogdalucianaoliveira.com.br\/blog\/wp-json\/wp\/v2\/tags?post=34055"}],"curies":[{"name":"wp","href":"https:\/\/api.w.org\/{rel}","templated":true}]}}