{"id":34058,"date":"2022-08-02T09:10:50","date_gmt":"2022-08-02T13:10:50","guid":{"rendered":"http:\/\/blogdalucianaoliveira.com.br\/blog\/?p=34058"},"modified":"2022-08-02T09:10:56","modified_gmt":"2022-08-02T13:10:56","slug":"mp-consegue-reverter-na-justica-extincao-do-parque-ilha-das-flores-e-a-reducao-da-reserva-limoeiro","status":"publish","type":"post","link":"http:\/\/blogdalucianaoliveira.com.br\/blog\/2022\/08\/02\/mp-consegue-reverter-na-justica-extincao-do-parque-ilha-das-flores-e-a-reducao-da-reserva-limoeiro\/","title":{"rendered":"MP consegue reverter na Justi\u00e7a extin\u00e7\u00e3o do Parque Ilha das Flores e a redu\u00e7\u00e3o da Reserva Limoeiro"},"content":{"rendered":"\n<figure class=\"wp-block-image size-large\"><img data-recalc-dims=\"1\" loading=\"lazy\" decoding=\"async\" width=\"600\" height=\"344\" data-attachment-id=\"34059\" data-permalink=\"http:\/\/blogdalucianaoliveira.com.br\/blog\/2022\/08\/02\/mp-consegue-reverter-na-justica-extincao-do-parque-ilha-das-flores-e-a-reducao-da-reserva-limoeiro\/468f3775-e2f7-4df9-9a61-34d60e42a700\/\" data-orig-file=\"https:\/\/i0.wp.com\/blogdalucianaoliveira.com.br\/blog\/wp-content\/uploads\/2022\/08\/468F3775-E2F7-4DF9-9A61-34D60E42A700.jpeg?fit=784%2C450\" data-orig-size=\"784,450\" data-comments-opened=\"0\" data-image-meta=\"{&quot;aperture&quot;:&quot;0&quot;,&quot;credit&quot;:&quot;&quot;,&quot;camera&quot;:&quot;&quot;,&quot;caption&quot;:&quot;&quot;,&quot;created_timestamp&quot;:&quot;0&quot;,&quot;copyright&quot;:&quot;&quot;,&quot;focal_length&quot;:&quot;0&quot;,&quot;iso&quot;:&quot;0&quot;,&quot;shutter_speed&quot;:&quot;0&quot;,&quot;title&quot;:&quot;&quot;,&quot;orientation&quot;:&quot;0&quot;}\" data-image-title=\"468F3775-E2F7-4DF9-9A61-34D60E42A700\" data-image-description=\"\" data-image-caption=\"\" data-medium-file=\"https:\/\/i0.wp.com\/blogdalucianaoliveira.com.br\/blog\/wp-content\/uploads\/2022\/08\/468F3775-E2F7-4DF9-9A61-34D60E42A700.jpeg?fit=300%2C172\" data-large-file=\"https:\/\/i0.wp.com\/blogdalucianaoliveira.com.br\/blog\/wp-content\/uploads\/2022\/08\/468F3775-E2F7-4DF9-9A61-34D60E42A700.jpeg?fit=600%2C344\" src=\"https:\/\/i0.wp.com\/blogdalucianaoliveira.com.br\/blog\/wp-content\/uploads\/2022\/08\/468F3775-E2F7-4DF9-9A61-34D60E42A700.jpeg?resize=600%2C344\" alt=\"\" class=\"wp-image-34059\" srcset=\"https:\/\/i0.wp.com\/blogdalucianaoliveira.com.br\/blog\/wp-content\/uploads\/2022\/08\/468F3775-E2F7-4DF9-9A61-34D60E42A700.jpeg?w=784 784w, https:\/\/i0.wp.com\/blogdalucianaoliveira.com.br\/blog\/wp-content\/uploads\/2022\/08\/468F3775-E2F7-4DF9-9A61-34D60E42A700.jpeg?resize=300%2C172 300w, https:\/\/i0.wp.com\/blogdalucianaoliveira.com.br\/blog\/wp-content\/uploads\/2022\/08\/468F3775-E2F7-4DF9-9A61-34D60E42A700.jpeg?resize=768%2C441 768w, https:\/\/i0.wp.com\/blogdalucianaoliveira.com.br\/blog\/wp-content\/uploads\/2022\/08\/468F3775-E2F7-4DF9-9A61-34D60E42A700.jpeg?resize=523%2C300 523w\" sizes=\"auto, (max-width: 600px) 100vw, 600px\" \/><\/figure>\n\n\n\n<p>O Minist\u00e9rio P\u00fablico de Rond\u00f4nia conseguiu reverter, no Poder Judici\u00e1rio, a extin\u00e7\u00e3o do Parque Ilha das Flores e a redu\u00e7\u00e3o da Reserva de Desenvolvimento Sustent\u00e1vel (RDS) Limoeiro, medidas que haviam sido institu\u00eddas, respectivamente, pelas Leis Complementares Estaduais n\u00ba 1.094 e n\u00ba 1.095, ambas de 30 de julho de 2021. As normas foram declaradas inconstitucionais, por unanimidade, pelo Tribunal Pleno, nesta segunda-feira (01\/8).<\/p>\n\n\n\n<!--more-->\n\n\n\n<p>A decis\u00e3o \u00e9 resultado de a\u00e7\u00e3o Direta de Inconstitucionalidade proposta pelo Procurador-Geral de Justi\u00e7a, Ivanildo de Oliveira, em agosto do ano passado.<\/p>\n\n\n\n<p>O Parque Estadual Ilha das Flores e a Reserva de Desenvolvimento Sustent\u00e1vel Limoeiro, localizados, respectivamente, nos Munic\u00edpios de Alta Floresta do Oeste e S\u00e3o Francisco do Guapor\u00e9, foram recriados pela Lei Complementar n\u00ba 1.089\/2021, na qual houve uma dr\u00e1stica redu\u00e7\u00e3o da Reserva Extrativista Jaci-Paran\u00e1 e do Parque de Estadual de Guajar\u00e1-Mirim. Por\u00e9m, poucos dias ap\u00f3s o in\u00edcio da vig\u00eancia da norma, a Assembleia Legislativa apresentou Projetos de Lei Complementar para extinguir e reduzir essas unidades de conserva\u00e7\u00e3o. As iniciativas n\u00e3o foram acompanhadas por estudos t\u00e9cnicos ou consulta p\u00fablica. Decorrido o prazo sem manifesta\u00e7\u00e3o do Governador do Estado, em 30 de julho, as leis foram promulgadas.<\/p>\n\n\n\n<p>Em sess\u00e3o do Tribunal Pleno, nesta segunda-feira, o Procurador-Geral de Justi\u00e7a argumentou a inconstitucionalidade das normas por viola\u00e7\u00e3o \u00e0s Constitui\u00e7\u00f5es Federal e Estadual. O Chefe do MP rondoniense pontuou a falta de estudos de impacto ambiental, exigidos pelo artigo 219 da carta estadual, na ado\u00e7\u00e3o da medida.<\/p>\n\n\n\n<p>\u201cNossa Constitui\u00e7\u00e3o diz ser dever poder p\u00fablico, atrav\u00e9s de organismos pr\u00f3prios e com colabora\u00e7\u00e3o da comunidade, exigir a realiza\u00e7\u00e3o de estudos de impacto que permitam definir prioridades e alternativas para execu\u00e7\u00e3o de projetos que possam causar danos ao meio ambiente\u201d, disse, sublinhando o descumprimento do dispositivo.<\/p>\n\n\n\n<p>Na ADI que questionou a extin\u00e7\u00e3o e redu\u00e7\u00e3o das \u00e1reas, o MP apontou a ocorr\u00eancia de viola\u00e7\u00e3o ao artigo 225 da Constitui\u00e7\u00e3o Federal, que prev\u00ea o direito ao meio ambiente ecologicamente equilibrado, sendo do Poder P\u00fablico e da coletividade, o dever de defend\u00ea-lo e preserv\u00e1-lo para as presentes e futuras gera\u00e7\u00f5es.<\/p>\n\n\n\n<p>O Minist\u00e9rio P\u00fablico tamb\u00e9m observou afronta ao princ\u00edpio da proibi\u00e7\u00e3o do retrocesso ambiental, que versa sobre a impossibilidade do legislador infraconstitucional estabelecer normas que reduzam a prote\u00e7\u00e3o ambiental fornecida por regramentos anteriores e violem os princ\u00edpios da preven\u00e7\u00e3o e da precau\u00e7\u00e3o. Destacou, ainda, ter havido transgress\u00e3o aos princ\u00edpios da ubiquidade e da equidade intergeracional, que traduzem a necessidade de se garantir prote\u00e7\u00e3o do meio ambiente em todas as atividades humanas e de preserva\u00e7\u00e3o para as gera\u00e7\u00f5es futuras.<\/p>\n\n\n\n<p>\u00c1reas \u2013 O Parque Ilha das Flores \u00e9 uma \u00e1rea de aproximadamente 89.789 hectares, criada com o objetivo b\u00e1sico de proteger a diversidade biol\u00f3gica, possibilitar a realiza\u00e7\u00e3o de pesquisas cient\u00edficas, o desenvolvimento de atividades de educa\u00e7\u00e3o ambiental, recrea\u00e7\u00e3o e o turismo. A regi\u00e3o guarda grande import\u00e2ncia para a conserva\u00e7\u00e3o da biodiversidade, principalmente por abranger tr\u00eas biomas distintos, com atributos ambientais de extrema relev\u00e2ncia do ponto de vista ecol\u00f3gico.<\/p>\n\n\n\n<p>J\u00e1 a Reserva de Desenvolvimento Sustent\u00e1vel Limoeiro tem o objetivo b\u00e1sico de preservar a natureza e, ao mesmo tempo, assegurar meios necess\u00e1rios para a reprodu\u00e7\u00e3o e a melhoria da qualidade de vida e explora\u00e7\u00e3o dos recursos naturais das popula\u00e7\u00f5es tradicionais. Tamb\u00e9m \u00e9 uma \u00e1rea cuja cria\u00e7\u00e3o foi precedida de estudos t\u00e9cnicos pelo \u00f3rg\u00e3o ambiental, os quais indicaram a grande import\u00e2ncia desse espa\u00e7o para a conserva\u00e7\u00e3o da biodiversidade, ante os atributos ambientais de extrema relev\u00e2ncia do ponto de vista ecol\u00f3gico.<\/p>\n\n\n\n<p>(Ger\u00eancia de Comunica\u00e7\u00e3o Integrada\/GCI \u2013 MPRO)<\/p>\n","protected":false},"excerpt":{"rendered":"<p>O Minist\u00e9rio P\u00fablico de Rond\u00f4nia conseguiu reverter, no Poder Judici\u00e1rio, a extin\u00e7\u00e3o do Parque Ilha das Flores e a redu\u00e7\u00e3o da Reserva de Desenvolvimento Sustent\u00e1vel (RDS) Limoeiro, medidas que haviam sido institu\u00eddas, respectivamente, pelas Leis Complementares Estaduais n\u00ba 1.094 e n\u00ba 1.095, ambas de 30 de julho de 2021. As normas foram declaradas inconstitucionais, por&#8230;<a class=\"more-link\" href=\"http:\/\/blogdalucianaoliveira.com.br\/blog\/2022\/08\/02\/mp-consegue-reverter-na-justica-extincao-do-parque-ilha-das-flores-e-a-reducao-da-reserva-limoeiro\/\">Continue a leitura <span class=\"meta-nav\">&raquo;<\/span><\/a><\/p>\n","protected":false},"author":1,"featured_media":0,"comment_status":"closed","ping_status":"open","sticky":false,"template":"","format":"standard","meta":{"_exactmetrics_skip_tracking":false,"_exactmetrics_sitenote_active":false,"_exactmetrics_sitenote_note":"","_exactmetrics_sitenote_category":0,"jetpack_post_was_ever_published":false,"_jetpack_newsletter_access":"","_jetpack_dont_email_post_to_subs":false,"_jetpack_newsletter_tier_id":0,"_jetpack_memberships_contains_paywalled_content":false,"_jetpack_memberships_contains_paid_content":false,"footnotes":"","jetpack_publicize_message":"","jetpack_publicize_feature_enabled":true,"jetpack_social_post_already_shared":true,"jetpack_social_options":{"image_generator_settings":{"template":"highway","enabled":false},"version":2}},"categories":[1],"tags":[],"class_list":["post-34058","post","type-post","status-publish","format-standard","hentry","category-notas"],"jetpack_publicize_connections":[],"jetpack_sharing_enabled":true,"jetpack_featured_media_url":"","jetpack_shortlink":"https:\/\/wp.me\/p7wKYW-8Rk","jetpack-related-posts":[],"_links":{"self":[{"href":"http:\/\/blogdalucianaoliveira.com.br\/blog\/wp-json\/wp\/v2\/posts\/34058","targetHints":{"allow":["GET"]}}],"collection":[{"href":"http:\/\/blogdalucianaoliveira.com.br\/blog\/wp-json\/wp\/v2\/posts"}],"about":[{"href":"http:\/\/blogdalucianaoliveira.com.br\/blog\/wp-json\/wp\/v2\/types\/post"}],"author":[{"embeddable":true,"href":"http:\/\/blogdalucianaoliveira.com.br\/blog\/wp-json\/wp\/v2\/users\/1"}],"replies":[{"embeddable":true,"href":"http:\/\/blogdalucianaoliveira.com.br\/blog\/wp-json\/wp\/v2\/comments?post=34058"}],"version-history":[{"count":1,"href":"http:\/\/blogdalucianaoliveira.com.br\/blog\/wp-json\/wp\/v2\/posts\/34058\/revisions"}],"predecessor-version":[{"id":34060,"href":"http:\/\/blogdalucianaoliveira.com.br\/blog\/wp-json\/wp\/v2\/posts\/34058\/revisions\/34060"}],"wp:attachment":[{"href":"http:\/\/blogdalucianaoliveira.com.br\/blog\/wp-json\/wp\/v2\/media?parent=34058"}],"wp:term":[{"taxonomy":"category","embeddable":true,"href":"http:\/\/blogdalucianaoliveira.com.br\/blog\/wp-json\/wp\/v2\/categories?post=34058"},{"taxonomy":"post_tag","embeddable":true,"href":"http:\/\/blogdalucianaoliveira.com.br\/blog\/wp-json\/wp\/v2\/tags?post=34058"}],"curies":[{"name":"wp","href":"https:\/\/api.w.org\/{rel}","templated":true}]}}