{"id":3406,"date":"2016-08-25T08:49:56","date_gmt":"2016-08-25T12:49:56","guid":{"rendered":"http:\/\/blogdalucianaoliveira.com.br\/blog\/?p=3406"},"modified":"2016-08-25T08:59:12","modified_gmt":"2016-08-25T12:59:12","slug":"o-ovo-e-do-melki-ou-do-japones","status":"publish","type":"post","link":"http:\/\/blogdalucianaoliveira.com.br\/blog\/2016\/08\/25\/o-ovo-e-do-melki-ou-do-japones\/","title":{"rendered":"O ovo \u00e9 do Melki ou do japon\u00eas?"},"content":{"rendered":"<p><img data-recalc-dims=\"1\" loading=\"lazy\" decoding=\"async\" data-attachment-id=\"3407\" data-permalink=\"http:\/\/blogdalucianaoliveira.com.br\/blog\/2016\/08\/25\/o-ovo-e-do-melki-ou-do-japones\/image-761\/\" data-orig-file=\"https:\/\/i0.wp.com\/blogdalucianaoliveira.com.br\/blog\/wp-content\/uploads\/2016\/08\/image-126.jpeg?fit=2048%2C1536\" data-orig-size=\"2048,1536\" data-comments-opened=\"0\" data-image-meta=\"{&quot;aperture&quot;:&quot;0&quot;,&quot;credit&quot;:&quot;&quot;,&quot;camera&quot;:&quot;&quot;,&quot;caption&quot;:&quot;&quot;,&quot;created_timestamp&quot;:&quot;0&quot;,&quot;copyright&quot;:&quot;&quot;,&quot;focal_length&quot;:&quot;0&quot;,&quot;iso&quot;:&quot;0&quot;,&quot;shutter_speed&quot;:&quot;0&quot;,&quot;title&quot;:&quot;&quot;,&quot;orientation&quot;:&quot;1&quot;}\" data-image-title=\"image\" data-image-description=\"\" data-image-caption=\"\" data-medium-file=\"https:\/\/i0.wp.com\/blogdalucianaoliveira.com.br\/blog\/wp-content\/uploads\/2016\/08\/image-126.jpeg?fit=300%2C225\" data-large-file=\"https:\/\/i0.wp.com\/blogdalucianaoliveira.com.br\/blog\/wp-content\/uploads\/2016\/08\/image-126.jpeg?fit=600%2C450\" src=\"https:\/\/i0.wp.com\/blogdalucianaoliveira.com.br\/blog\/wp-content\/uploads\/2016\/08\/image-126.jpeg?resize=600%2C450\" alt=\"image\" width=\"600\" height=\"450\" class=\"alignnone size-full wp-image-3407\" srcset=\"https:\/\/i0.wp.com\/blogdalucianaoliveira.com.br\/blog\/wp-content\/uploads\/2016\/08\/image-126.jpeg?w=2048 2048w, https:\/\/i0.wp.com\/blogdalucianaoliveira.com.br\/blog\/wp-content\/uploads\/2016\/08\/image-126.jpeg?resize=300%2C225 300w, https:\/\/i0.wp.com\/blogdalucianaoliveira.com.br\/blog\/wp-content\/uploads\/2016\/08\/image-126.jpeg?resize=768%2C576 768w, https:\/\/i0.wp.com\/blogdalucianaoliveira.com.br\/blog\/wp-content\/uploads\/2016\/08\/image-126.jpeg?resize=400%2C300 400w, https:\/\/i0.wp.com\/blogdalucianaoliveira.com.br\/blog\/wp-content\/uploads\/2016\/08\/image-126.jpeg?w=1200 1200w, https:\/\/i0.wp.com\/blogdalucianaoliveira.com.br\/blog\/wp-content\/uploads\/2016\/08\/image-126.jpeg?w=1800 1800w\" sizes=\"auto, (max-width: 600px) 100vw, 600px\" \/><\/p>\n<p>J\u00e1 come\u00e7a a descambar para o terreno da zueira uma coincid\u00eancia pol\u00edtico-empresarial em Vilhena: os dois principais personagens da campanha eleitoral deste ano (o empres\u00e1rio Eduardo Japon\u00eas, do PV, e o ex-prefeito Melki Donadon, do PTB) s\u00e3o donos de granjas na cidade. <!--more--><\/p>\n<p>O japa encara a \u201cpatroa\u201d de Melki, Rosani Donadon, que briga pelo Pal\u00e1cio dos Parecis, uma vez que o marid\u00e3o est\u00e1 barrado pela Ficha Limpa.<\/p>\n<p>J\u00e1 h\u00e1 boatos de que, desde a deflagra\u00e7\u00e3o da disputa, o que n\u00e3o falta \u00e9 \u201cmistura\u201d na mesa do eleitorado local. <\/p>\n<p>J\u00e1 no segmento da galhofa, a treta \u00e9 outra: dizem que, em Vilhena, os marqueteiros ser\u00e3o substitu\u00eddos por urologistas, profissionais com informa\u00e7\u00e3o para lidar melhor com pinto e ovo!<\/p>\n","protected":false},"excerpt":{"rendered":"<p>J\u00e1 come\u00e7a a descambar para o terreno da zueira uma coincid\u00eancia pol\u00edtico-empresarial em Vilhena: os dois principais personagens da campanha eleitoral deste ano (o empres\u00e1rio Eduardo Japon\u00eas, do PV, e o ex-prefeito Melki Donadon, do PTB) s\u00e3o donos de granjas na cidade.<\/p>\n","protected":false},"author":1,"featured_media":0,"comment_status":"closed","ping_status":"open","sticky":false,"template":"","format":"standard","meta":{"_exactmetrics_skip_tracking":false,"_exactmetrics_sitenote_active":false,"_exactmetrics_sitenote_note":"","_exactmetrics_sitenote_category":0,"jetpack_post_was_ever_published":false,"_jetpack_newsletter_access":"","_jetpack_dont_email_post_to_subs":false,"_jetpack_newsletter_tier_id":0,"_jetpack_memberships_contains_paywalled_content":false,"_jetpack_memberships_contains_paid_content":false,"footnotes":"","jetpack_publicize_message":"","jetpack_publicize_feature_enabled":true,"jetpack_social_post_already_shared":true,"jetpack_social_options":{"image_generator_settings":{"template":"highway","enabled":false},"version":2}},"categories":[1],"tags":[],"class_list":["post-3406","post","type-post","status-publish","format-standard","hentry","category-notas"],"jetpack_publicize_connections":[],"jetpack_sharing_enabled":true,"jetpack_featured_media_url":"","jetpack_shortlink":"https:\/\/wp.me\/p7wKYW-SW","jetpack-related-posts":[],"_links":{"self":[{"href":"http:\/\/blogdalucianaoliveira.com.br\/blog\/wp-json\/wp\/v2\/posts\/3406","targetHints":{"allow":["GET"]}}],"collection":[{"href":"http:\/\/blogdalucianaoliveira.com.br\/blog\/wp-json\/wp\/v2\/posts"}],"about":[{"href":"http:\/\/blogdalucianaoliveira.com.br\/blog\/wp-json\/wp\/v2\/types\/post"}],"author":[{"embeddable":true,"href":"http:\/\/blogdalucianaoliveira.com.br\/blog\/wp-json\/wp\/v2\/users\/1"}],"replies":[{"embeddable":true,"href":"http:\/\/blogdalucianaoliveira.com.br\/blog\/wp-json\/wp\/v2\/comments?post=3406"}],"version-history":[{"count":3,"href":"http:\/\/blogdalucianaoliveira.com.br\/blog\/wp-json\/wp\/v2\/posts\/3406\/revisions"}],"predecessor-version":[{"id":3410,"href":"http:\/\/blogdalucianaoliveira.com.br\/blog\/wp-json\/wp\/v2\/posts\/3406\/revisions\/3410"}],"wp:attachment":[{"href":"http:\/\/blogdalucianaoliveira.com.br\/blog\/wp-json\/wp\/v2\/media?parent=3406"}],"wp:term":[{"taxonomy":"category","embeddable":true,"href":"http:\/\/blogdalucianaoliveira.com.br\/blog\/wp-json\/wp\/v2\/categories?post=3406"},{"taxonomy":"post_tag","embeddable":true,"href":"http:\/\/blogdalucianaoliveira.com.br\/blog\/wp-json\/wp\/v2\/tags?post=3406"}],"curies":[{"name":"wp","href":"https:\/\/api.w.org\/{rel}","templated":true}]}}