{"id":34061,"date":"2022-08-03T17:42:01","date_gmt":"2022-08-03T21:42:01","guid":{"rendered":"http:\/\/blogdalucianaoliveira.com.br\/blog\/?p=34061"},"modified":"2022-08-03T17:42:06","modified_gmt":"2022-08-03T21:42:06","slug":"politicas-publicas-de-dar-inveja","status":"publish","type":"post","link":"http:\/\/blogdalucianaoliveira.com.br\/blog\/2022\/08\/03\/politicas-publicas-de-dar-inveja\/","title":{"rendered":"Pol\u00edticas P\u00fablicas de dar inveja"},"content":{"rendered":"\n<figure class=\"wp-block-image size-large\"><img loading=\"lazy\" decoding=\"async\" width=\"1280\" height=\"720\" data-attachment-id=\"34062\" data-permalink=\"http:\/\/blogdalucianaoliveira.com.br\/blog\/2022\/08\/03\/politicas-publicas-de-dar-inveja\/whatsapp-image-2022-08-03-at-14-33-25\/\" data-orig-file=\"https:\/\/i0.wp.com\/blogdalucianaoliveira.com.br\/blog\/wp-content\/uploads\/2022\/08\/WhatsApp-Image-2022-08-03-at-14.33.25.jpeg?fit=1280%2C720\" data-orig-size=\"1280,720\" data-comments-opened=\"0\" data-image-meta=\"{&quot;aperture&quot;:&quot;0&quot;,&quot;credit&quot;:&quot;&quot;,&quot;camera&quot;:&quot;&quot;,&quot;caption&quot;:&quot;&quot;,&quot;created_timestamp&quot;:&quot;0&quot;,&quot;copyright&quot;:&quot;&quot;,&quot;focal_length&quot;:&quot;0&quot;,&quot;iso&quot;:&quot;0&quot;,&quot;shutter_speed&quot;:&quot;0&quot;,&quot;title&quot;:&quot;&quot;,&quot;orientation&quot;:&quot;0&quot;}\" data-image-title=\"WhatsApp-Image-2022-08-03-at-14.33.25\" data-image-description=\"\" data-image-caption=\"\" data-medium-file=\"https:\/\/i0.wp.com\/blogdalucianaoliveira.com.br\/blog\/wp-content\/uploads\/2022\/08\/WhatsApp-Image-2022-08-03-at-14.33.25.jpeg?fit=300%2C169\" data-large-file=\"https:\/\/i0.wp.com\/blogdalucianaoliveira.com.br\/blog\/wp-content\/uploads\/2022\/08\/WhatsApp-Image-2022-08-03-at-14.33.25.jpeg?fit=600%2C338\" src=\"https:\/\/i2.wp.com\/blogdalucianaoliveira.com.br\/blog\/wp-content\/uploads\/2022\/08\/WhatsApp-Image-2022-08-03-at-14.33.25.jpeg?fit=600%2C338\" alt=\"\" class=\"wp-image-34062\" srcset=\"https:\/\/i0.wp.com\/blogdalucianaoliveira.com.br\/blog\/wp-content\/uploads\/2022\/08\/WhatsApp-Image-2022-08-03-at-14.33.25.jpeg?w=1280 1280w, https:\/\/i0.wp.com\/blogdalucianaoliveira.com.br\/blog\/wp-content\/uploads\/2022\/08\/WhatsApp-Image-2022-08-03-at-14.33.25.jpeg?resize=300%2C169 300w, https:\/\/i0.wp.com\/blogdalucianaoliveira.com.br\/blog\/wp-content\/uploads\/2022\/08\/WhatsApp-Image-2022-08-03-at-14.33.25.jpeg?resize=1024%2C576 1024w, https:\/\/i0.wp.com\/blogdalucianaoliveira.com.br\/blog\/wp-content\/uploads\/2022\/08\/WhatsApp-Image-2022-08-03-at-14.33.25.jpeg?resize=768%2C432 768w, https:\/\/i0.wp.com\/blogdalucianaoliveira.com.br\/blog\/wp-content\/uploads\/2022\/08\/WhatsApp-Image-2022-08-03-at-14.33.25.jpeg?resize=533%2C300 533w, https:\/\/i0.wp.com\/blogdalucianaoliveira.com.br\/blog\/wp-content\/uploads\/2022\/08\/WhatsApp-Image-2022-08-03-at-14.33.25.jpeg?w=1200 1200w\" sizes=\"auto, (max-width: 600px) 100vw, 600px\" \/><\/figure>\n\n\n\n<p> O munic\u00edpio de Maric\u00e1, no Rio de Janeiro, tem 46 quil\u00f4metros de praias, seis lagoas, canais, ilhas e rios, cachoeiras, trilhas, serras e uma valiosa hist\u00f3ria. <\/p>\n\n\n\n<p>Mas, al\u00e9m das belezas naturais, o que a torna \u00fanica s\u00e3o as pol\u00edticas p\u00fablicas que melhoraram a vida de cerca de 150 mil pessoas que vivem no local, como transporte gratuito e o programa Renda B\u00e1sica Cidadania.  <\/p>\n\n\n\n<p>ASSISTA:<\/p>\n\n\n\n<!--more-->\n\n\n\n<figure class=\"wp-block-embed-youtube wp-block-embed is-type-video is-provider-youtube wp-embed-aspect-16-9 wp-has-aspect-ratio\"><div class=\"wp-block-embed__wrapper\">\n<div class=\"jetpack-video-wrapper\"><iframe loading=\"lazy\" title=\"Maric\u00e1, a cidade inclusiva\" width=\"600\" height=\"338\" src=\"https:\/\/www.youtube.com\/embed\/sCqlo7-hfiw?feature=oembed\" frameborder=\"0\" allow=\"accelerometer; autoplay; clipboard-write; encrypted-media; gyroscope; picture-in-picture; web-share\" referrerpolicy=\"strict-origin-when-cross-origin\" allowfullscreen><\/iframe><\/div>\n<\/div><\/figure>\n","protected":false},"excerpt":{"rendered":"<p>O munic\u00edpio de Maric\u00e1, no Rio de Janeiro, tem 46 quil\u00f4metros de praias, seis lagoas, canais, ilhas e rios, cachoeiras, trilhas, serras e uma valiosa hist\u00f3ria. Mas, al\u00e9m das belezas naturais, o que a torna \u00fanica s\u00e3o as pol\u00edticas p\u00fablicas que melhoraram a vida de cerca de 150 mil pessoas que vivem no local, como&#8230;<a class=\"more-link\" href=\"http:\/\/blogdalucianaoliveira.com.br\/blog\/2022\/08\/03\/politicas-publicas-de-dar-inveja\/\">Continue a leitura <span class=\"meta-nav\">&raquo;<\/span><\/a><\/p>\n","protected":false},"author":1,"featured_media":0,"comment_status":"closed","ping_status":"open","sticky":false,"template":"","format":"standard","meta":{"_exactmetrics_skip_tracking":false,"_exactmetrics_sitenote_active":false,"_exactmetrics_sitenote_note":"","_exactmetrics_sitenote_category":0,"jetpack_post_was_ever_published":false,"_jetpack_newsletter_access":"","_jetpack_dont_email_post_to_subs":false,"_jetpack_newsletter_tier_id":0,"_jetpack_memberships_contains_paywalled_content":false,"_jetpack_memberships_contains_paid_content":false,"footnotes":"","jetpack_publicize_message":"","jetpack_publicize_feature_enabled":true,"jetpack_social_post_already_shared":true,"jetpack_social_options":{"image_generator_settings":{"template":"highway","enabled":false},"version":2}},"categories":[1],"tags":[779,777,780],"class_list":["post-34061","post","type-post","status-publish","format-standard","hentry","category-notas","tag-inclusao","tag-marica","tag-politicas-publicas"],"jetpack_publicize_connections":[],"jetpack_sharing_enabled":true,"jetpack_featured_media_url":"","jetpack_shortlink":"https:\/\/wp.me\/p7wKYW-8Rn","jetpack-related-posts":[],"_links":{"self":[{"href":"http:\/\/blogdalucianaoliveira.com.br\/blog\/wp-json\/wp\/v2\/posts\/34061","targetHints":{"allow":["GET"]}}],"collection":[{"href":"http:\/\/blogdalucianaoliveira.com.br\/blog\/wp-json\/wp\/v2\/posts"}],"about":[{"href":"http:\/\/blogdalucianaoliveira.com.br\/blog\/wp-json\/wp\/v2\/types\/post"}],"author":[{"embeddable":true,"href":"http:\/\/blogdalucianaoliveira.com.br\/blog\/wp-json\/wp\/v2\/users\/1"}],"replies":[{"embeddable":true,"href":"http:\/\/blogdalucianaoliveira.com.br\/blog\/wp-json\/wp\/v2\/comments?post=34061"}],"version-history":[{"count":1,"href":"http:\/\/blogdalucianaoliveira.com.br\/blog\/wp-json\/wp\/v2\/posts\/34061\/revisions"}],"predecessor-version":[{"id":34063,"href":"http:\/\/blogdalucianaoliveira.com.br\/blog\/wp-json\/wp\/v2\/posts\/34061\/revisions\/34063"}],"wp:attachment":[{"href":"http:\/\/blogdalucianaoliveira.com.br\/blog\/wp-json\/wp\/v2\/media?parent=34061"}],"wp:term":[{"taxonomy":"category","embeddable":true,"href":"http:\/\/blogdalucianaoliveira.com.br\/blog\/wp-json\/wp\/v2\/categories?post=34061"},{"taxonomy":"post_tag","embeddable":true,"href":"http:\/\/blogdalucianaoliveira.com.br\/blog\/wp-json\/wp\/v2\/tags?post=34061"}],"curies":[{"name":"wp","href":"https:\/\/api.w.org\/{rel}","templated":true}]}}