{"id":34069,"date":"2022-08-09T08:33:02","date_gmt":"2022-08-09T12:33:02","guid":{"rendered":"http:\/\/blogdalucianaoliveira.com.br\/blog\/?p=34069"},"modified":"2022-08-09T08:33:09","modified_gmt":"2022-08-09T12:33:09","slug":"estudo-aponta-que-amazonia-e-responsavel-por-25-das-chuvas-do-sul-e-sudeste","status":"publish","type":"post","link":"http:\/\/blogdalucianaoliveira.com.br\/blog\/2022\/08\/09\/estudo-aponta-que-amazonia-e-responsavel-por-25-das-chuvas-do-sul-e-sudeste\/","title":{"rendered":"Estudo aponta que Amaz\u00f4nia \u00e9 respons\u00e1vel por 25% das chuvas do Sul e Sudeste"},"content":{"rendered":"\n<figure class=\"wp-block-image size-large\"><img data-recalc-dims=\"1\" loading=\"lazy\" decoding=\"async\" width=\"300\" height=\"200\" data-attachment-id=\"34070\" data-permalink=\"http:\/\/blogdalucianaoliveira.com.br\/blog\/2022\/08\/09\/estudo-aponta-que-amazonia-e-responsavel-por-25-das-chuvas-do-sul-e-sudeste\/ad2038f0-f540-4d65-8444-0160a618840b\/\" data-orig-file=\"https:\/\/i0.wp.com\/blogdalucianaoliveira.com.br\/blog\/wp-content\/uploads\/2022\/08\/AD2038F0-F540-4D65-8444-0160A618840B.jpeg?fit=300%2C200\" data-orig-size=\"300,200\" data-comments-opened=\"0\" data-image-meta=\"{&quot;aperture&quot;:&quot;0&quot;,&quot;credit&quot;:&quot;&quot;,&quot;camera&quot;:&quot;&quot;,&quot;caption&quot;:&quot;&quot;,&quot;created_timestamp&quot;:&quot;0&quot;,&quot;copyright&quot;:&quot;&quot;,&quot;focal_length&quot;:&quot;0&quot;,&quot;iso&quot;:&quot;0&quot;,&quot;shutter_speed&quot;:&quot;0&quot;,&quot;title&quot;:&quot;&quot;,&quot;orientation&quot;:&quot;0&quot;}\" data-image-title=\"AD2038F0-F540-4D65-8444-0160A618840B\" data-image-description=\"\" data-image-caption=\"\" data-medium-file=\"https:\/\/i0.wp.com\/blogdalucianaoliveira.com.br\/blog\/wp-content\/uploads\/2022\/08\/AD2038F0-F540-4D65-8444-0160A618840B.jpeg?fit=300%2C200\" data-large-file=\"https:\/\/i0.wp.com\/blogdalucianaoliveira.com.br\/blog\/wp-content\/uploads\/2022\/08\/AD2038F0-F540-4D65-8444-0160A618840B.jpeg?fit=300%2C200\" src=\"https:\/\/i0.wp.com\/blogdalucianaoliveira.com.br\/blog\/wp-content\/uploads\/2022\/08\/AD2038F0-F540-4D65-8444-0160A618840B.jpeg?resize=300%2C200\" alt=\"\" class=\"wp-image-34070\"\/><\/figure>\n\n\n\n<p><strong>CNN Brasil &#8211; Um estudo in\u00e9dito apontou que um quarto<\/strong> das\u00a0<a rel=\"noreferrer noopener\" href=\"https:\/\/www.cnnbrasil.com.br\/tudo-sobre\/chuvas\/\" target=\"_blank\">chuvas<\/a>\u00a0das regi\u00f5es Sul e Sudeste do Brasil \u00e9 proveniente da\u00a0<a rel=\"noreferrer noopener\" href=\"https:\/\/www.cnnbrasil.com.br\/tudo-sobre\/amazonas\/\" target=\"_blank\">regi\u00e3o amaz\u00f4nica.<\/a><\/p>\n\n\n\n<!--more-->\n\n\n\n<p>Em entrevista \u00e0&nbsp;<strong>CNN R\u00e1dio<\/strong>, o professor do Instituto de F\u00edsica da USP Henrique Barbosa explicou que foi utilizada uma t\u00e1tica chamada \u201crede complexa\u201d para entender o que acontece na Amaz\u00f4nia.<\/p>\n\n\n\n<p>A pr\u00e1tica da f\u00edsica entende o mundo de diversas formas, como a compreens\u00e3o de como uma informa\u00e7\u00e3o \u00e9 transmitida pela rede de neur\u00f4nios do c\u00e9rebro, por exemplo.<\/p>\n\n\n\n<p>Ou ainda, segundo o especialista, como a rede el\u00e9trica transmite a pot\u00eancia de um ponto para outro.<\/p>\n\n\n\n<p>\u201cPassamos a pensar na floresta Amaz\u00f4nia e atmosfera como rede complexa, que transporta a \u00e1gua de um lugar para outro, para entender como a umidade que recebe do oceano e como alcan\u00e7a outras regi\u00f5es do Brasil.\u201d<\/p>\n\n\n\n<p>O professor destacou que o estudo mostrou que para cada \u00e1rvore da Amaz\u00f4nia que deve morrer devido aos efeitos humanos \u2013&nbsp;<a href=\"https:\/\/www.cnnbrasil.com.br\/tudo-sobre\/desmatamento\/\" target=\"_blank\" rel=\"noreferrer noopener\">como desmatamentos<\/a>&nbsp;e&nbsp;<a href=\"https:\/\/www.cnnbrasil.com.br\/tudo-sobre\/mudancas-climaticas\/\" target=\"_blank\" rel=\"noreferrer noopener\">efeitos clim\u00e1ticos<\/a>&nbsp;\u2013 mais uma vai morrer sem a a\u00e7\u00e3o do homem, como consequ\u00eancia da floresta removida.<\/p>\n\n\n\n<p>\u201cA reciclagem da umidade \u00e9 muito importante, boa parte das chuvas \u00e9 devolvida pela floresta de volta para a atmosfera, evapora ou \u00e9 transpirada de volta, \u00e9 uma contribui\u00e7\u00e3o importante.\u201d<\/p>\n\n\n\n<p><strong>Preserva\u00e7\u00e3o<\/strong><\/p>\n\n\n\n<p>Henrique Barbosa, no entanto, afirmou que o estudo n\u00e3o \u00e9 \u201cp\u00e1 de cal\u201d sobre o futuro da Amaz\u00f4nia, pelo contr\u00e1rio, porque ele aponta quais as regi\u00f5es da floresta que sofrem mais com a seca e a\u00e7\u00e3o do homem.<\/p>\n\n\n\n<p>\u201cO que a gente tem que fazer \u00e9 preservar a Amaz\u00f4nia, n\u00e3o s\u00f3 pelo patrim\u00f4nio, mas pelos servi\u00e7os ecossist\u00eamicos que ela presta, de exportar \u00e1gua para outras regi\u00f5es que dependem dela para a produ\u00e7\u00e3o agr\u00edcola.\u201d<\/p>\n\n\n\n<p>Segundo o professor, \u201cainda h\u00e1 tempo\u201d para reverter a situa\u00e7\u00e3o, mas \u00e9 necess\u00e1rio que se tome a\u00e7\u00e3o o quanto antes.<\/p>\n\n\n\n<p><em>*Com produ\u00e7\u00e3o de Camila Olivo<\/em><\/p>\n","protected":false},"excerpt":{"rendered":"<p>CNN Brasil &#8211; Um estudo in\u00e9dito apontou que um quarto das\u00a0chuvas\u00a0das regi\u00f5es Sul e Sudeste do Brasil \u00e9 proveniente da\u00a0regi\u00e3o amaz\u00f4nica.<\/p>\n","protected":false},"author":1,"featured_media":0,"comment_status":"closed","ping_status":"open","sticky":false,"template":"","format":"standard","meta":{"_exactmetrics_skip_tracking":false,"_exactmetrics_sitenote_active":false,"_exactmetrics_sitenote_note":"","_exactmetrics_sitenote_category":0,"jetpack_post_was_ever_published":false,"_jetpack_newsletter_access":"","_jetpack_dont_email_post_to_subs":false,"_jetpack_newsletter_tier_id":0,"_jetpack_memberships_contains_paywalled_content":false,"_jetpack_memberships_contains_paid_content":false,"footnotes":"","jetpack_publicize_message":"","jetpack_publicize_feature_enabled":true,"jetpack_social_post_already_shared":true,"jetpack_social_options":{"image_generator_settings":{"template":"highway","enabled":false},"version":2}},"categories":[1],"tags":[],"class_list":["post-34069","post","type-post","status-publish","format-standard","hentry","category-notas"],"jetpack_publicize_connections":[],"jetpack_sharing_enabled":true,"jetpack_featured_media_url":"","jetpack_shortlink":"https:\/\/wp.me\/p7wKYW-8Rv","jetpack-related-posts":[],"_links":{"self":[{"href":"http:\/\/blogdalucianaoliveira.com.br\/blog\/wp-json\/wp\/v2\/posts\/34069","targetHints":{"allow":["GET"]}}],"collection":[{"href":"http:\/\/blogdalucianaoliveira.com.br\/blog\/wp-json\/wp\/v2\/posts"}],"about":[{"href":"http:\/\/blogdalucianaoliveira.com.br\/blog\/wp-json\/wp\/v2\/types\/post"}],"author":[{"embeddable":true,"href":"http:\/\/blogdalucianaoliveira.com.br\/blog\/wp-json\/wp\/v2\/users\/1"}],"replies":[{"embeddable":true,"href":"http:\/\/blogdalucianaoliveira.com.br\/blog\/wp-json\/wp\/v2\/comments?post=34069"}],"version-history":[{"count":1,"href":"http:\/\/blogdalucianaoliveira.com.br\/blog\/wp-json\/wp\/v2\/posts\/34069\/revisions"}],"predecessor-version":[{"id":34071,"href":"http:\/\/blogdalucianaoliveira.com.br\/blog\/wp-json\/wp\/v2\/posts\/34069\/revisions\/34071"}],"wp:attachment":[{"href":"http:\/\/blogdalucianaoliveira.com.br\/blog\/wp-json\/wp\/v2\/media?parent=34069"}],"wp:term":[{"taxonomy":"category","embeddable":true,"href":"http:\/\/blogdalucianaoliveira.com.br\/blog\/wp-json\/wp\/v2\/categories?post=34069"},{"taxonomy":"post_tag","embeddable":true,"href":"http:\/\/blogdalucianaoliveira.com.br\/blog\/wp-json\/wp\/v2\/tags?post=34069"}],"curies":[{"name":"wp","href":"https:\/\/api.w.org\/{rel}","templated":true}]}}