{"id":34072,"date":"2022-08-11T16:00:34","date_gmt":"2022-08-11T20:00:34","guid":{"rendered":"http:\/\/blogdalucianaoliveira.com.br\/blog\/?p=34072"},"modified":"2022-08-11T16:00:39","modified_gmt":"2022-08-11T20:00:39","slug":"ato-pela-democracia-e-marco-contra-o-obscurantismo-retrogrado-de-um-ditador-travestido-de-politico-diz-ex-decano-do-stf","status":"publish","type":"post","link":"http:\/\/blogdalucianaoliveira.com.br\/blog\/2022\/08\/11\/ato-pela-democracia-e-marco-contra-o-obscurantismo-retrogrado-de-um-ditador-travestido-de-politico-diz-ex-decano-do-stf\/","title":{"rendered":"Ato pela democracia \u00e9 marco contra o &#8220;obscurantismo retr\u00f3grado de um ditador travestido de pol\u00edtico&#8221;, diz ex-decano do STF"},"content":{"rendered":"\n<figure class=\"wp-block-image size-large\"><img loading=\"lazy\" decoding=\"async\" width=\"1250\" height=\"600\" data-attachment-id=\"34073\" data-permalink=\"http:\/\/blogdalucianaoliveira.com.br\/blog\/2022\/08\/11\/ato-pela-democracia-e-marco-contra-o-obscurantismo-retrogrado-de-um-ditador-travestido-de-politico-diz-ex-decano-do-stf\/973788c9-6b09-4937-92c8-327386b0c068\/\" data-orig-file=\"https:\/\/i0.wp.com\/blogdalucianaoliveira.com.br\/blog\/wp-content\/uploads\/2022\/08\/973788C9-6B09-4937-92C8-327386B0C068.jpeg?fit=1250%2C600\" data-orig-size=\"1250,600\" data-comments-opened=\"0\" data-image-meta=\"{&quot;aperture&quot;:&quot;0&quot;,&quot;credit&quot;:&quot;&quot;,&quot;camera&quot;:&quot;&quot;,&quot;caption&quot;:&quot;&quot;,&quot;created_timestamp&quot;:&quot;0&quot;,&quot;copyright&quot;:&quot;&quot;,&quot;focal_length&quot;:&quot;0&quot;,&quot;iso&quot;:&quot;0&quot;,&quot;shutter_speed&quot;:&quot;0&quot;,&quot;title&quot;:&quot;&quot;,&quot;orientation&quot;:&quot;0&quot;}\" data-image-title=\"973788C9-6B09-4937-92C8-327386B0C068\" data-image-description=\"\" data-image-caption=\"\" data-medium-file=\"https:\/\/i0.wp.com\/blogdalucianaoliveira.com.br\/blog\/wp-content\/uploads\/2022\/08\/973788C9-6B09-4937-92C8-327386B0C068.jpeg?fit=300%2C144\" data-large-file=\"https:\/\/i0.wp.com\/blogdalucianaoliveira.com.br\/blog\/wp-content\/uploads\/2022\/08\/973788C9-6B09-4937-92C8-327386B0C068.jpeg?fit=600%2C288\" src=\"https:\/\/i1.wp.com\/blogdalucianaoliveira.com.br\/blog\/wp-content\/uploads\/2022\/08\/973788C9-6B09-4937-92C8-327386B0C068.jpeg?fit=600%2C288\" alt=\"\" class=\"wp-image-34073\" srcset=\"https:\/\/i0.wp.com\/blogdalucianaoliveira.com.br\/blog\/wp-content\/uploads\/2022\/08\/973788C9-6B09-4937-92C8-327386B0C068.jpeg?w=1250 1250w, https:\/\/i0.wp.com\/blogdalucianaoliveira.com.br\/blog\/wp-content\/uploads\/2022\/08\/973788C9-6B09-4937-92C8-327386B0C068.jpeg?resize=300%2C144 300w, https:\/\/i0.wp.com\/blogdalucianaoliveira.com.br\/blog\/wp-content\/uploads\/2022\/08\/973788C9-6B09-4937-92C8-327386B0C068.jpeg?resize=1024%2C492 1024w, https:\/\/i0.wp.com\/blogdalucianaoliveira.com.br\/blog\/wp-content\/uploads\/2022\/08\/973788C9-6B09-4937-92C8-327386B0C068.jpeg?resize=768%2C369 768w, https:\/\/i0.wp.com\/blogdalucianaoliveira.com.br\/blog\/wp-content\/uploads\/2022\/08\/973788C9-6B09-4937-92C8-327386B0C068.jpeg?resize=625%2C300 625w, https:\/\/i0.wp.com\/blogdalucianaoliveira.com.br\/blog\/wp-content\/uploads\/2022\/08\/973788C9-6B09-4937-92C8-327386B0C068.jpeg?w=1200 1200w\" sizes=\"auto, (max-width: 600px) 100vw, 600px\" \/><\/figure>\n\n\n\n<p><strong>247 &#8211;\u00a0<\/strong>O ex-decano do Supremo Tribunal Federal (STF) Celso de Mello afirmou em entrevista \u00e0 coluna da jornalista\u00a0<a href=\"https:\/\/oglobo.globo.com\/blogs\/malu-gaspar\/post\/2022\/08\/celso-de-mello-diz-que-ato-da-usp-marca-dia-de-luta-contra-obscurantismo-de-ditador-travestido-de-politico.ghtml\">Malu Gaspar<\/a>, de O Globo, \u00a0que o ato em defesa da democracia, realizado nesta quinta-feira (11), na Faculdade de Direito da USP (Universidade de S\u00e3o Paulo), representa um marco contra o \u201cobscurantismo retr\u00f3grado de um ditador travestido de pol\u00edtico\u201d e que Jair Bolsonaro possui uma \u00a0\u201cabsurda\u201d e \u201chorrenda\u201d vis\u00e3o de mundo.<\/p>\n\n\n\n<!--more-->\n\n\n\n<p>Na entrevista, o ex-ministro do STF tamb\u00e9m disse que Jair Bolsonaro (PL), que age como um \u201cmonarca absolutista\u201d, se torna o &#8220;o Sumo Sacerdote que desconhece tanto o valor e a primazia da vida, dos livros e da cultura em geral&#8221; ao afirmar que se o ex-presidente Luiz In\u00e1cio Lula da Silva (PT) for eleito no pleito de outubro ir\u00e1 transformar clubes de tiro em bibliotecas. \u00a0<\/p>\n","protected":false},"excerpt":{"rendered":"<p>247 &#8211;\u00a0O ex-decano do Supremo Tribunal Federal (STF) Celso de Mello afirmou em entrevista \u00e0 coluna da jornalista\u00a0Malu Gaspar, de O Globo, \u00a0que o ato em defesa da democracia, realizado nesta quinta-feira (11), na Faculdade de Direito da USP (Universidade de S\u00e3o Paulo), representa um marco contra o \u201cobscurantismo retr\u00f3grado de um ditador travestido de&#8230;<a class=\"more-link\" href=\"http:\/\/blogdalucianaoliveira.com.br\/blog\/2022\/08\/11\/ato-pela-democracia-e-marco-contra-o-obscurantismo-retrogrado-de-um-ditador-travestido-de-politico-diz-ex-decano-do-stf\/\">Continue a leitura <span class=\"meta-nav\">&raquo;<\/span><\/a><\/p>\n","protected":false},"author":1,"featured_media":0,"comment_status":"closed","ping_status":"open","sticky":false,"template":"","format":"standard","meta":{"_exactmetrics_skip_tracking":false,"_exactmetrics_sitenote_active":false,"_exactmetrics_sitenote_note":"","_exactmetrics_sitenote_category":0,"jetpack_post_was_ever_published":false,"_jetpack_newsletter_access":"","_jetpack_dont_email_post_to_subs":false,"_jetpack_newsletter_tier_id":0,"_jetpack_memberships_contains_paywalled_content":false,"_jetpack_memberships_contains_paid_content":false,"footnotes":"","jetpack_publicize_message":"","jetpack_publicize_feature_enabled":true,"jetpack_social_post_already_shared":true,"jetpack_social_options":{"image_generator_settings":{"template":"highway","enabled":false},"version":2}},"categories":[1],"tags":[],"class_list":["post-34072","post","type-post","status-publish","format-standard","hentry","category-notas"],"jetpack_publicize_connections":[],"jetpack_sharing_enabled":true,"jetpack_featured_media_url":"","jetpack_shortlink":"https:\/\/wp.me\/p7wKYW-8Ry","jetpack-related-posts":[],"_links":{"self":[{"href":"http:\/\/blogdalucianaoliveira.com.br\/blog\/wp-json\/wp\/v2\/posts\/34072","targetHints":{"allow":["GET"]}}],"collection":[{"href":"http:\/\/blogdalucianaoliveira.com.br\/blog\/wp-json\/wp\/v2\/posts"}],"about":[{"href":"http:\/\/blogdalucianaoliveira.com.br\/blog\/wp-json\/wp\/v2\/types\/post"}],"author":[{"embeddable":true,"href":"http:\/\/blogdalucianaoliveira.com.br\/blog\/wp-json\/wp\/v2\/users\/1"}],"replies":[{"embeddable":true,"href":"http:\/\/blogdalucianaoliveira.com.br\/blog\/wp-json\/wp\/v2\/comments?post=34072"}],"version-history":[{"count":1,"href":"http:\/\/blogdalucianaoliveira.com.br\/blog\/wp-json\/wp\/v2\/posts\/34072\/revisions"}],"predecessor-version":[{"id":34074,"href":"http:\/\/blogdalucianaoliveira.com.br\/blog\/wp-json\/wp\/v2\/posts\/34072\/revisions\/34074"}],"wp:attachment":[{"href":"http:\/\/blogdalucianaoliveira.com.br\/blog\/wp-json\/wp\/v2\/media?parent=34072"}],"wp:term":[{"taxonomy":"category","embeddable":true,"href":"http:\/\/blogdalucianaoliveira.com.br\/blog\/wp-json\/wp\/v2\/categories?post=34072"},{"taxonomy":"post_tag","embeddable":true,"href":"http:\/\/blogdalucianaoliveira.com.br\/blog\/wp-json\/wp\/v2\/tags?post=34072"}],"curies":[{"name":"wp","href":"https:\/\/api.w.org\/{rel}","templated":true}]}}