{"id":34084,"date":"2022-08-12T10:31:38","date_gmt":"2022-08-12T14:31:38","guid":{"rendered":"http:\/\/blogdalucianaoliveira.com.br\/blog\/?p=34084"},"modified":"2022-08-12T10:31:41","modified_gmt":"2022-08-12T14:31:41","slug":"emergencia-climatica-pode-reforcar-a-desigualdade-global-na-producao-no-campo","status":"publish","type":"post","link":"http:\/\/blogdalucianaoliveira.com.br\/blog\/2022\/08\/12\/emergencia-climatica-pode-reforcar-a-desigualdade-global-na-producao-no-campo\/","title":{"rendered":"Emerg\u00eancia clim\u00e1tica pode refor\u00e7ar a desigualdade global na produ\u00e7\u00e3o no campo"},"content":{"rendered":"\n<figure class=\"wp-block-image size-large\"><img data-recalc-dims=\"1\" loading=\"lazy\" decoding=\"async\" width=\"600\" height=\"349\" data-attachment-id=\"34085\" data-permalink=\"http:\/\/blogdalucianaoliveira.com.br\/blog\/2022\/08\/12\/emergencia-climatica-pode-reforcar-a-desigualdade-global-na-producao-no-campo\/82f5a37b-dcaa-4de4-b3e9-1ea2b24715a4\/\" data-orig-file=\"https:\/\/i0.wp.com\/blogdalucianaoliveira.com.br\/blog\/wp-content\/uploads\/2022\/08\/82F5A37B-DCAA-4DE4-B3E9-1EA2B24715A4.jpeg?fit=730%2C425\" data-orig-size=\"730,425\" data-comments-opened=\"0\" data-image-meta=\"{&quot;aperture&quot;:&quot;0&quot;,&quot;credit&quot;:&quot;&quot;,&quot;camera&quot;:&quot;&quot;,&quot;caption&quot;:&quot;&quot;,&quot;created_timestamp&quot;:&quot;0&quot;,&quot;copyright&quot;:&quot;&quot;,&quot;focal_length&quot;:&quot;0&quot;,&quot;iso&quot;:&quot;0&quot;,&quot;shutter_speed&quot;:&quot;0&quot;,&quot;title&quot;:&quot;&quot;,&quot;orientation&quot;:&quot;0&quot;}\" data-image-title=\"82F5A37B-DCAA-4DE4-B3E9-1EA2B24715A4\" data-image-description=\"\" data-image-caption=\"\" data-medium-file=\"https:\/\/i0.wp.com\/blogdalucianaoliveira.com.br\/blog\/wp-content\/uploads\/2022\/08\/82F5A37B-DCAA-4DE4-B3E9-1EA2B24715A4.jpeg?fit=300%2C175\" data-large-file=\"https:\/\/i0.wp.com\/blogdalucianaoliveira.com.br\/blog\/wp-content\/uploads\/2022\/08\/82F5A37B-DCAA-4DE4-B3E9-1EA2B24715A4.jpeg?fit=600%2C349\" src=\"https:\/\/i0.wp.com\/blogdalucianaoliveira.com.br\/blog\/wp-content\/uploads\/2022\/08\/82F5A37B-DCAA-4DE4-B3E9-1EA2B24715A4.jpeg?resize=600%2C349\" alt=\"\" class=\"wp-image-34085\" srcset=\"https:\/\/i0.wp.com\/blogdalucianaoliveira.com.br\/blog\/wp-content\/uploads\/2022\/08\/82F5A37B-DCAA-4DE4-B3E9-1EA2B24715A4.jpeg?w=730 730w, https:\/\/i0.wp.com\/blogdalucianaoliveira.com.br\/blog\/wp-content\/uploads\/2022\/08\/82F5A37B-DCAA-4DE4-B3E9-1EA2B24715A4.jpeg?resize=300%2C175 300w, https:\/\/i0.wp.com\/blogdalucianaoliveira.com.br\/blog\/wp-content\/uploads\/2022\/08\/82F5A37B-DCAA-4DE4-B3E9-1EA2B24715A4.jpeg?resize=515%2C300 515w\" sizes=\"auto, (max-width: 600px) 100vw, 600px\" \/><\/figure>\n\n\n\n<h4 class=\"wp-block-heading\">Mudan\u00e7as de temperaturas e em regimes de chuva afetar\u00e1 mais exportadores de alimentos; fome deve ser tema da elei\u00e7\u00e3o&nbsp;<\/h4>\n\n\n\n<!--more-->\n\n\n\n<p>Thales Schmidt\u00a0&#8211; Brasil de Fato | S\u00e3o Paulo<\/p>\n\n\n\n<p>A emerg\u00eancia clim\u00e1tica n\u00e3o \u00e9 igual para todos, muito menos para todos os pa\u00edses. Algumas manifesta\u00e7\u00f5es dos riscos que podem se apresentar com a mudan\u00e7a de clima ligaram o alerta para a necessidade de atitudes que temos que tomar. No fim de julho, um calor sem precedentes que assolou&nbsp;<a href=\"https:\/\/www.brasildefato.com.br\/2022\/07\/21\/calor-sem-precedentes-em-europa-eua-e-china-mostra-aumento-de-efeitos-da-mudanca-climatica\" target=\"_blank\" rel=\"noreferrer noopener\">Europa, EUA e China<\/a>. No Brasil, o Mapbiomas alertava que o&nbsp;Rio S\u00e3o Francisco havia perdido 50% da&nbsp;<a href=\"https:\/\/www.brasildefato.com.br\/2022\/07\/14\/rio-sao-francisco-ja-perdeu-50-da-superficie-de-agua-natural-alerta-mapbiomas\" target=\"_blank\" rel=\"noreferrer noopener\">superf\u00edcie de \u00e1gua natural<\/a>.&nbsp;<\/p>\n\n\n\n<p>No in\u00edcio&nbsp;<a href=\"https:\/\/www.brasildefato.com.br\/2022\/04\/05\/novo-relatorio-do-ipcc-destaca-que-mundo-teria-aumento-de-3-2-c-com-politicas-climaticas-atuais\" target=\"_blank\" rel=\"noreferrer noopener\">de abril deste ano<\/a>, o Painel Intergovernamental sobre Mudan\u00e7a Clim\u00e1tica (IPCC) alertava que, diante de um&nbsp;<br>levantamento de mais de 18 mil publica\u00e7\u00f5es cient\u00edficas, a conclus\u00e3o era que com as pol\u00edticas clim\u00e1ticas firmadas por governos at\u00e9 2020, o planeta atingiria um aquecimento de 3,2\u00baC, mais que o dobro do limite acordado de 1,5\u00baC at\u00e9 o final do s\u00e9culo.&nbsp;<\/p>\n\n\n\n<p>Um dado central em rela\u00e7\u00e3o \u00e0s pol\u00edticas de clima \u00e9 considerar que as na\u00e7\u00f5es que produzem e exportam a maior parte dos alimentos do mundo ser\u00e3o as mais afetadas pela perda de produtividade trazidas pelas&nbsp;mudan\u00e7as clim\u00e1ticas. \u00c9&nbsp;isso que afirmou&nbsp;pesquisa&nbsp;publicada no&nbsp;<a href=\"https:\/\/www.sciencedirect.com\/science\/article\/pii\/S0095069621000450#!\" target=\"_blank\" rel=\"noreferrer noopener\">Journal of Environmental Economics and Management<\/a>.&nbsp;<\/p>\n\n\n\n<p><a href=\"https:\/\/www.brasildefato.com.br\/2021\/08\/11\/brasil-com-fome-pandemia-e-desmonte-do-estado-agravam-drama-dos-trabalhadores\" target=\"_blank\" rel=\"noreferrer noopener\">::&nbsp;Brasil com fome: pandemia e desmonte do Estado agravam drama dos trabalhadores ::<\/a><\/p>\n\n\n\n<p>O levantamento feito em 2021 dividiu o globo em mais de 1.100 c\u00e9lulas diferentes e aplicou sobre elas 21 modelos poss\u00edveis de mudan\u00e7as na temperatura e nos regimes de chuvas. Foi ent\u00e3o poss\u00edvel tra\u00e7ar previs\u00f5es sobre as colheitas de milho, arroz, trigo e soja, que juntos representam 75% das calorias consumidas pela popula\u00e7\u00e3o global, em 2050 e no final do s\u00e9culo.<\/p>\n\n\n\n<p>A pesquisa afirma que os &#8220;efeitos adversos&#8221; de perda de produtividade no campo at\u00e9 o final do s\u00e9culo, estimados entre 11% e 25%, ser\u00e3o mais sentidos nas Am\u00e9ricas e, em menor grau, na \u00c1frica. Enquanto isso, &#8220;a \u00c1sia e especialmente a Europa experimentam comparativamente poucos impactos significativos.&#8221;<\/p>\n\n\n\n<p>Com secas, temperaturas mais elevadas e eventos clim\u00e1ticos extremos, a produtividade da soja pode cair at\u00e9 57% at\u00e9 o final do s\u00e9culo, diz o levantamento.<\/p>\n\n\n\n<p>Esse tipo de previs\u00e3o j\u00e1 existia para a agricultura dos Estados Unidos, mas dados in\u00e9ditos permitiram fazer a pesquisa em n\u00edvel global, explica Enrica De Cian, professora da Universidade de Veneza, na It\u00e1lia, e uma das autoras da pesquisa.<\/p>\n\n\n\n<p>&#8220;O que conclu\u00edmos \u00e9 que a capacidade de adapta\u00e7\u00e3o para mitigar os impactos da mudan\u00e7a clim\u00e1tica \u00e9, na verdade, bastante limitada. \u00c9 bastante limitado tamb\u00e9m, na verdade,&nbsp;n\u00e3o apenas em mercados emergentes em que voc\u00ea poderia pensar que a capacidade de se adaptar \u00e9 de alguma forma menor, mas tamb\u00e9m em pa\u00edses desenvolvidos, como os EUA&#8221;, diz De Cian ao&nbsp;<strong>Brasil de Fato<\/strong>.<\/p>\n\n\n\n<p>A pesquisadora destaca que produtores de alimentos podem compensar a queda no volume das safras com um aumento nos pre\u00e7os, mas a popula\u00e7\u00e3o pobre ser\u00e1 a mais afetada pelo cen\u00e1rio: &#8220;\u00c9 bem claro que os mais pobres seriam os menos capazes de pagar pre\u00e7os mais altos por comida, ent\u00e3o eles teriam uma perda em termos de suas necessidades b\u00e1sicas e na capacidade de alcan\u00e7ar suas demandas nutritivas&#8221;.<\/p>\n\n\n\n<p>Qual campo queremos no Brasil?<\/p>\n\n\n\n<p>O Brasil, como um pa\u00eds produtor de alimentos, entra no grupo de pa\u00edses que seriam afetados pelas mudan\u00e7as clim\u00e1ticas. E isso se somaria a outras quest\u00f5es de desigualdade estrutural que atingem o campo brasileiro.&nbsp;<\/p>\n\n\n\n<p>B\u00e1rbara Loureiro, do Setor de Produ\u00e7\u00e3o do Movimento Sem Terra (MST), destaca que o modelo de agroneg\u00f3cio exportador que domina hoje o Brasil representa um &#8220;ciclo de destrui\u00e7\u00e3o&#8221; e que n\u00e3o representa o interesse da maior parte da popula\u00e7\u00e3o.<\/p>\n\n\n\n<p><a href=\"https:\/\/www.brasildefato.com.br\/minuto-a-minuto\/especial-fome-no-brasil\" target=\"_blank\" rel=\"noreferrer noopener\">::&nbsp;Especial | Fome no Brasil ::<\/a><\/p>\n\n\n\n<p>&#8220;Quando a gente fala do agroneg\u00f3cio, a gente precisa lembrar que ele \u00e9 sempre sin\u00f4nimo de expans\u00e3o territorial e concentra\u00e7\u00e3o fundi\u00e1ria&#8221;, diz Loureiro ao&nbsp;<strong>Brasil de Fato<\/strong>.<\/p>\n\n\n\n<p>A integrante do MST tamb\u00e9m destaca que os efeitos nefastos de um campo que consegue produzir cada vez menos alimentos n\u00e3o ser\u00e3o sentidos por todos de maneira uniforme, mas afetar\u00e3o principalmente pobres, negros e&nbsp;<a href=\"https:\/\/www.brasildefato.com.br\/2022\/07\/02\/a-fome-nao-voltou-sempre-esteve-entre-nos-mas-agora-grita-pela-boca-das-mulheres\" target=\"_blank\" rel=\"noreferrer noopener\">mulheres<\/a>.<\/p>\n\n\n\n<p>O&nbsp;<a href=\"https:\/\/www.brasildefato.com.br\/2022\/07\/19\/agronegocio-foi-responsavel-por-97-do-desmatamento-no-brasil-em-2021\" target=\"_blank\" rel=\"noreferrer noopener\">Relat\u00f3rio Anual do Desmatamento<\/a>, feito pelo Mapbiomas, indica que o agroneg\u00f3cio foi o principal respons\u00e1vel pelo desmatamento ilegal no Brasil. Na compara\u00e7\u00e3o entre 2020 e 2021, a perda de cobertura vegetal no pa\u00eds cresceu 20% e registrou alta em todos os biomas.<\/p>\n\n\n\n<p>Com as elei\u00e7\u00f5es presidenciais, a integrante do MST diz que o pa\u00eds pode ter uma chance de implantar um &#8220;paradigma ecol\u00f3gico soberano&#8221; que respeite as popula\u00e7\u00f5es ind\u00edgenas e quilombolas.<\/p>\n\n\n\n<p>\u201cO meio ambiente n\u00e3o \u00e9 inimigo da economia e do desenvolvimento, como foi definido&nbsp;com o slogan do \u2018passar a boiada\u2019 do governo Bolsonaro. Mas \u00e9 determinante para n\u00f3s pensar um projeto popular para o Brasil, na perspectiva de construir, pensar esse tema ambiental a partir de uma perspectiva popular\u201d, diz Loureiro.<\/p>\n\n\n\n<p>Edi\u00e7\u00e3o: Arturo Hartmann<\/p>\n\n\n\n<p><\/p>\n","protected":false},"excerpt":{"rendered":"<p>Mudan\u00e7as de temperaturas e em regimes de chuva afetar\u00e1 mais exportadores de alimentos; fome deve ser tema da elei\u00e7\u00e3o&nbsp;<\/p>\n","protected":false},"author":1,"featured_media":0,"comment_status":"closed","ping_status":"open","sticky":false,"template":"","format":"standard","meta":{"_exactmetrics_skip_tracking":false,"_exactmetrics_sitenote_active":false,"_exactmetrics_sitenote_note":"","_exactmetrics_sitenote_category":0,"jetpack_post_was_ever_published":false,"_jetpack_newsletter_access":"","_jetpack_dont_email_post_to_subs":false,"_jetpack_newsletter_tier_id":0,"_jetpack_memberships_contains_paywalled_content":false,"_jetpack_memberships_contains_paid_content":false,"footnotes":"","jetpack_publicize_message":"","jetpack_publicize_feature_enabled":true,"jetpack_social_post_already_shared":true,"jetpack_social_options":{"image_generator_settings":{"template":"highway","enabled":false},"version":2}},"categories":[1],"tags":[],"class_list":["post-34084","post","type-post","status-publish","format-standard","hentry","category-notas"],"jetpack_publicize_connections":[],"jetpack_sharing_enabled":true,"jetpack_featured_media_url":"","jetpack_shortlink":"https:\/\/wp.me\/p7wKYW-8RK","jetpack-related-posts":[],"_links":{"self":[{"href":"http:\/\/blogdalucianaoliveira.com.br\/blog\/wp-json\/wp\/v2\/posts\/34084","targetHints":{"allow":["GET"]}}],"collection":[{"href":"http:\/\/blogdalucianaoliveira.com.br\/blog\/wp-json\/wp\/v2\/posts"}],"about":[{"href":"http:\/\/blogdalucianaoliveira.com.br\/blog\/wp-json\/wp\/v2\/types\/post"}],"author":[{"embeddable":true,"href":"http:\/\/blogdalucianaoliveira.com.br\/blog\/wp-json\/wp\/v2\/users\/1"}],"replies":[{"embeddable":true,"href":"http:\/\/blogdalucianaoliveira.com.br\/blog\/wp-json\/wp\/v2\/comments?post=34084"}],"version-history":[{"count":1,"href":"http:\/\/blogdalucianaoliveira.com.br\/blog\/wp-json\/wp\/v2\/posts\/34084\/revisions"}],"predecessor-version":[{"id":34086,"href":"http:\/\/blogdalucianaoliveira.com.br\/blog\/wp-json\/wp\/v2\/posts\/34084\/revisions\/34086"}],"wp:attachment":[{"href":"http:\/\/blogdalucianaoliveira.com.br\/blog\/wp-json\/wp\/v2\/media?parent=34084"}],"wp:term":[{"taxonomy":"category","embeddable":true,"href":"http:\/\/blogdalucianaoliveira.com.br\/blog\/wp-json\/wp\/v2\/categories?post=34084"},{"taxonomy":"post_tag","embeddable":true,"href":"http:\/\/blogdalucianaoliveira.com.br\/blog\/wp-json\/wp\/v2\/tags?post=34084"}],"curies":[{"name":"wp","href":"https:\/\/api.w.org\/{rel}","templated":true}]}}