{"id":34090,"date":"2022-08-12T20:51:15","date_gmt":"2022-08-13T00:51:15","guid":{"rendered":"http:\/\/blogdalucianaoliveira.com.br\/blog\/?p=34090"},"modified":"2022-08-12T20:51:17","modified_gmt":"2022-08-13T00:51:17","slug":"amazonia-tem-mais-um-ano-de-devastacao-historica-sob-o-governo-bolsonaro","status":"publish","type":"post","link":"http:\/\/blogdalucianaoliveira.com.br\/blog\/2022\/08\/12\/amazonia-tem-mais-um-ano-de-devastacao-historica-sob-o-governo-bolsonaro\/","title":{"rendered":"Amaz\u00f4nia tem mais um ano de devasta\u00e7\u00e3o hist\u00f3rica sob o governo Bolsonaro"},"content":{"rendered":"\n<figure class=\"wp-block-image size-large\"><img data-recalc-dims=\"1\" loading=\"lazy\" decoding=\"async\" width=\"600\" height=\"400\" data-attachment-id=\"34091\" data-permalink=\"http:\/\/blogdalucianaoliveira.com.br\/blog\/2022\/08\/12\/amazonia-tem-mais-um-ano-de-devastacao-historica-sob-o-governo-bolsonaro\/95af87df-0fa4-4239-acb1-f70fe4a9f6e5\/\" data-orig-file=\"https:\/\/i0.wp.com\/blogdalucianaoliveira.com.br\/blog\/wp-content\/uploads\/2022\/08\/95AF87DF-0FA4-4239-ACB1-F70FE4A9F6E5.jpeg?fit=800%2C533\" data-orig-size=\"800,533\" data-comments-opened=\"0\" data-image-meta=\"{&quot;aperture&quot;:&quot;0&quot;,&quot;credit&quot;:&quot;&quot;,&quot;camera&quot;:&quot;&quot;,&quot;caption&quot;:&quot;&quot;,&quot;created_timestamp&quot;:&quot;0&quot;,&quot;copyright&quot;:&quot;&quot;,&quot;focal_length&quot;:&quot;0&quot;,&quot;iso&quot;:&quot;0&quot;,&quot;shutter_speed&quot;:&quot;0&quot;,&quot;title&quot;:&quot;&quot;,&quot;orientation&quot;:&quot;0&quot;}\" data-image-title=\"95AF87DF-0FA4-4239-ACB1-F70FE4A9F6E5\" data-image-description=\"\" data-image-caption=\"\" data-medium-file=\"https:\/\/i0.wp.com\/blogdalucianaoliveira.com.br\/blog\/wp-content\/uploads\/2022\/08\/95AF87DF-0FA4-4239-ACB1-F70FE4A9F6E5.jpeg?fit=300%2C200\" data-large-file=\"https:\/\/i0.wp.com\/blogdalucianaoliveira.com.br\/blog\/wp-content\/uploads\/2022\/08\/95AF87DF-0FA4-4239-ACB1-F70FE4A9F6E5.jpeg?fit=600%2C400\" src=\"https:\/\/i0.wp.com\/blogdalucianaoliveira.com.br\/blog\/wp-content\/uploads\/2022\/08\/95AF87DF-0FA4-4239-ACB1-F70FE4A9F6E5.jpeg?resize=600%2C400\" alt=\"\" class=\"wp-image-34091\" srcset=\"https:\/\/i0.wp.com\/blogdalucianaoliveira.com.br\/blog\/wp-content\/uploads\/2022\/08\/95AF87DF-0FA4-4239-ACB1-F70FE4A9F6E5.jpeg?w=800 800w, https:\/\/i0.wp.com\/blogdalucianaoliveira.com.br\/blog\/wp-content\/uploads\/2022\/08\/95AF87DF-0FA4-4239-ACB1-F70FE4A9F6E5.jpeg?resize=300%2C200 300w, https:\/\/i0.wp.com\/blogdalucianaoliveira.com.br\/blog\/wp-content\/uploads\/2022\/08\/95AF87DF-0FA4-4239-ACB1-F70FE4A9F6E5.jpeg?resize=768%2C512 768w, https:\/\/i0.wp.com\/blogdalucianaoliveira.com.br\/blog\/wp-content\/uploads\/2022\/08\/95AF87DF-0FA4-4239-ACB1-F70FE4A9F6E5.jpeg?resize=450%2C300 450w\" sizes=\"auto, (max-width: 600px) 100vw, 600px\" \/><\/figure>\n\n\n\n<h4 class=\"wp-block-heading\">Taxa de desmatamento entre 2021 e 2022 est\u00e1 entre as mais altas j\u00e1 registradas<\/h4>\n\n\n\n<!--more-->\n\n\n\n<p>Nara Lacerda &#8211; Brasil de Fato | S\u00e3o Paulo<\/p>\n\n\n\n<p>Dados do&nbsp;<a href=\"https:\/\/www.brasildefato.com.br\/2021\/03\/01\/apos-desmontar-inpe-bolsonaro-faz-propaganda-com-satelite-iniciado-no-governo-lula\" target=\"_blank\" rel=\"noreferrer noopener\">Instituto Nacional de Pesquisas Espaciais (Inpe)<\/a>&nbsp;divulgados nesta sexta-feira (12) mostram que mais de 8,5 mil quil\u00f4metros quadrados foram destru\u00eddos na floresta amaz\u00f4nica entre agosto do ano passado e julho deste ano.<\/p>\n\n\n\n<p>Todos os recordes de desmatamento registrados at\u00e9 agora, ocorreram durante a gest\u00e3o de Jair Bolsonaro (PL) na presid\u00eancia da rep\u00fablica. A \u00e1rea devastada de 2021 pra c\u00e1 \u00e9 a terceira maior j\u00e1 registrada, s\u00f3 fica atr\u00e1s do que foi observado entre 2019 e 2020 e 2020 e 2021.<\/p>\n\n\n\n<p>Somente no m\u00eas de julho foram 1.487 km2 desmatados. O&nbsp;<a href=\"https:\/\/www.oc.eco.br\/\" target=\"_blank\" rel=\"noreferrer noopener\">Observat\u00f3rio do Clima<\/a>&nbsp;(OC) aponta que o resultado mostra um \u201cempate t\u00e9cnico\u201d na compara\u00e7\u00e3o com o mesmo m\u00eas do ano passado, ou seja: a situa\u00e7\u00e3o segue grav\u00edssima. A \u00e1rea de destrui\u00e7\u00e3o da floresta em um m\u00eas equivale praticamente ao tamanho da cidade de S\u00e3o Paulo. &nbsp;<\/p>\n\n\n\n<p>A entidade alerta ainda que os dados divulgados apontam para o quarto ano seguido com taxa oficial de desmatamento superior a 10.000 km2. A previs\u00e3o catastr\u00f3fica deve se confirmar no fim do ano.<\/p>\n\n\n\n<p><a href=\"https:\/\/www.brasildefato.com.br\/2022\/07\/19\/agronegocio-foi-responsavel-por-97-do-desmatamento-no-brasil-em-2021\">:: Agroneg\u00f3cio foi respons\u00e1vel por 97% do desmatamento no Brasil em 2021 ::<\/a><\/p>\n\n\n\n<p>\u201cJair Bolsonaro j\u00e1 \u00e9 hoje o \u00fanico presidente, desde o in\u00edcio do monitoramento por sat\u00e9lite da floresta (em 1988), a ver o desmatamento crescer por tr\u00eas anos seguidos de seu mandato\u201d, afirma informe divulgado pelo&nbsp;<a href=\"https:\/\/www.brasildefato.com.br\/2022\/06\/09\/observatorio-do-clima-se-une-a-agu-em-acoes-que-cobram-r-247-milhoes-de-desmatadores\" target=\"_blank\" rel=\"noreferrer noopener\">Observat\u00f3rio do Clima<\/a>.<\/p>\n\n\n\n<p>O secret\u00e1rio executivo do OC, Marcio Astrini, diz que os n\u00fameros s\u00e3o parte de uma t\u00e1tica de destrui\u00e7\u00e3o colocada em pr\u00e1tica pelo governo federal.<\/p>\n\n\n\n<p>\u201c\u00c9 mais um n\u00famero que estarrece, mas n\u00e3o surpreende: o desmatamento fora de controle na Amaz\u00f4nia resulta de uma estrat\u00e9gia meticulosa e muito bem implementada de Bolsonaro e seus generais para desmontar a governan\u00e7a socioambiental no Brasil.\u201d&nbsp;<\/p>\n\n\n\n<p>Pavimenta\u00e7\u00e3o perigosa<\/p>\n\n\n\n<p>O Observat\u00f3rio do Clima aponta ainda o asfaltamento da rodovia BR-319 como outro ponto de preocupa\u00e7\u00e3o. A estrada corta o maior bloco de florestas intactas da Amaz\u00f4nia e, no governo de Bolsonaro, a obra passou a avan\u00e7ar em tempo recorde.&nbsp;<\/p>\n\n\n\n<p>H\u00e1 tr\u00eas semanas, foi concedida a licen\u00e7a pr\u00e9via para pavimenta\u00e7\u00e3o do trecho ambientalmente mais sens\u00edvel do projeto. Ainda de acordo com a an\u00e1lise do OC, a expectativa do empreendimento est\u00e1 diretamente ligada \u00e0 explos\u00e3o do desmatamento.<\/p>\n\n\n\n<figure><iframe loading=\"lazy\" allowfullscreen=\"\" height=\"315\" src=\"https:\/\/www.youtube.com\/embed\/FJhwAhgrSko\" width=\"560\"><\/iframe><\/figure>\n\n\n\n<p>Astrini destaca que a divulga\u00e7\u00e3o das informa\u00e7\u00f5es lembra ao Brasil mais um risco que o pa\u00eds corre com a presen\u00e7a de Bolsonaro no poder.<\/p>\n\n\n\n<p>\u201cA divulga\u00e7\u00e3o dos dados do Deter um dia depois da festa c\u00edvica da leitura das&nbsp;<a href=\"https:\/\/www.brasildefato.com.br\/2022\/08\/11\/leitura-da-carta-pela-democracia-demonstrou-unidade-contra-ataques-de-bolsonaro-a-instituicoes\" target=\"_blank\" rel=\"noreferrer noopener\">cartas pela democracia<\/a>&nbsp;nos lembra do risco que a floresta e o pa\u00eds correm caso Bolsonaro triunfe em seu plano de romper a ordem institucional no Brasil. Qualquer solu\u00e7\u00e3o para a floresta come\u00e7a em outubro, nas urnas, com a derrota do mandat\u00e1rio que deu ao crime o controle sobre metade do territ\u00f3rio do Brasil\u201d, finaliza.<\/p>\n\n\n\n<p>Edi\u00e7\u00e3o: Felipe Mendes<\/p>\n","protected":false},"excerpt":{"rendered":"<p>Taxa de desmatamento entre 2021 e 2022 est\u00e1 entre as mais altas j\u00e1 registradas<\/p>\n","protected":false},"author":1,"featured_media":0,"comment_status":"closed","ping_status":"open","sticky":false,"template":"","format":"standard","meta":{"_exactmetrics_skip_tracking":false,"_exactmetrics_sitenote_active":false,"_exactmetrics_sitenote_note":"","_exactmetrics_sitenote_category":0,"jetpack_post_was_ever_published":false,"_jetpack_newsletter_access":"","_jetpack_dont_email_post_to_subs":false,"_jetpack_newsletter_tier_id":0,"_jetpack_memberships_contains_paywalled_content":false,"_jetpack_memberships_contains_paid_content":false,"footnotes":"","jetpack_publicize_message":"","jetpack_publicize_feature_enabled":true,"jetpack_social_post_already_shared":true,"jetpack_social_options":{"image_generator_settings":{"template":"highway","enabled":false},"version":2}},"categories":[1],"tags":[252,53,387],"class_list":["post-34090","post","type-post","status-publish","format-standard","hentry","category-notas","tag-amazonia","tag-bolsonaro","tag-desmatamento"],"jetpack_publicize_connections":[],"jetpack_sharing_enabled":true,"jetpack_featured_media_url":"","jetpack_shortlink":"https:\/\/wp.me\/p7wKYW-8RQ","jetpack-related-posts":[],"_links":{"self":[{"href":"http:\/\/blogdalucianaoliveira.com.br\/blog\/wp-json\/wp\/v2\/posts\/34090","targetHints":{"allow":["GET"]}}],"collection":[{"href":"http:\/\/blogdalucianaoliveira.com.br\/blog\/wp-json\/wp\/v2\/posts"}],"about":[{"href":"http:\/\/blogdalucianaoliveira.com.br\/blog\/wp-json\/wp\/v2\/types\/post"}],"author":[{"embeddable":true,"href":"http:\/\/blogdalucianaoliveira.com.br\/blog\/wp-json\/wp\/v2\/users\/1"}],"replies":[{"embeddable":true,"href":"http:\/\/blogdalucianaoliveira.com.br\/blog\/wp-json\/wp\/v2\/comments?post=34090"}],"version-history":[{"count":1,"href":"http:\/\/blogdalucianaoliveira.com.br\/blog\/wp-json\/wp\/v2\/posts\/34090\/revisions"}],"predecessor-version":[{"id":34092,"href":"http:\/\/blogdalucianaoliveira.com.br\/blog\/wp-json\/wp\/v2\/posts\/34090\/revisions\/34092"}],"wp:attachment":[{"href":"http:\/\/blogdalucianaoliveira.com.br\/blog\/wp-json\/wp\/v2\/media?parent=34090"}],"wp:term":[{"taxonomy":"category","embeddable":true,"href":"http:\/\/blogdalucianaoliveira.com.br\/blog\/wp-json\/wp\/v2\/categories?post=34090"},{"taxonomy":"post_tag","embeddable":true,"href":"http:\/\/blogdalucianaoliveira.com.br\/blog\/wp-json\/wp\/v2\/tags?post=34090"}],"curies":[{"name":"wp","href":"https:\/\/api.w.org\/{rel}","templated":true}]}}