{"id":34093,"date":"2022-08-15T19:08:37","date_gmt":"2022-08-15T23:08:37","guid":{"rendered":"http:\/\/blogdalucianaoliveira.com.br\/blog\/?p=34093"},"modified":"2022-08-15T19:08:42","modified_gmt":"2022-08-15T23:08:42","slug":"arquidiocese-de-porto-velho-apresenta-tema-do-28o-grito-dos-excluidos-e-excluidas","status":"publish","type":"post","link":"http:\/\/blogdalucianaoliveira.com.br\/blog\/2022\/08\/15\/arquidiocese-de-porto-velho-apresenta-tema-do-28o-grito-dos-excluidos-e-excluidas\/","title":{"rendered":"Arquidiocese de Porto Velho apresenta tema do 28\u00ba Grito dos Exclu\u00eddos e Exclu\u00eddas"},"content":{"rendered":"\n<figure class=\"wp-block-image size-large\"><img loading=\"lazy\" decoding=\"async\" width=\"2560\" height=\"1920\" data-attachment-id=\"34094\" data-permalink=\"http:\/\/blogdalucianaoliveira.com.br\/blog\/2022\/08\/15\/arquidiocese-de-porto-velho-apresenta-tema-do-28o-grito-dos-excluidos-e-excluidas\/63eb1513-4721-4c49-a254-04dd4a99df92\/\" data-orig-file=\"https:\/\/i0.wp.com\/blogdalucianaoliveira.com.br\/blog\/wp-content\/uploads\/2022\/08\/63EB1513-4721-4C49-A254-04DD4A99DF92-scaled.jpeg?fit=2560%2C1920\" data-orig-size=\"2560,1920\" data-comments-opened=\"0\" data-image-meta=\"{&quot;aperture&quot;:&quot;0&quot;,&quot;credit&quot;:&quot;&quot;,&quot;camera&quot;:&quot;&quot;,&quot;caption&quot;:&quot;&quot;,&quot;created_timestamp&quot;:&quot;0&quot;,&quot;copyright&quot;:&quot;&quot;,&quot;focal_length&quot;:&quot;0&quot;,&quot;iso&quot;:&quot;0&quot;,&quot;shutter_speed&quot;:&quot;0&quot;,&quot;title&quot;:&quot;&quot;,&quot;orientation&quot;:&quot;1&quot;}\" data-image-title=\"63EB1513-4721-4C49-A254-04DD4A99DF92\" data-image-description=\"\" data-image-caption=\"\" data-medium-file=\"https:\/\/i0.wp.com\/blogdalucianaoliveira.com.br\/blog\/wp-content\/uploads\/2022\/08\/63EB1513-4721-4C49-A254-04DD4A99DF92-scaled.jpeg?fit=300%2C225\" data-large-file=\"https:\/\/i0.wp.com\/blogdalucianaoliveira.com.br\/blog\/wp-content\/uploads\/2022\/08\/63EB1513-4721-4C49-A254-04DD4A99DF92-scaled.jpeg?fit=600%2C450\" src=\"https:\/\/i0.wp.com\/blogdalucianaoliveira.com.br\/blog\/wp-content\/uploads\/2022\/08\/63EB1513-4721-4C49-A254-04DD4A99DF92-scaled.jpeg?fit=600%2C450\" alt=\"\" class=\"wp-image-34094\" srcset=\"https:\/\/i0.wp.com\/blogdalucianaoliveira.com.br\/blog\/wp-content\/uploads\/2022\/08\/63EB1513-4721-4C49-A254-04DD4A99DF92-scaled.jpeg?w=2560 2560w, https:\/\/i0.wp.com\/blogdalucianaoliveira.com.br\/blog\/wp-content\/uploads\/2022\/08\/63EB1513-4721-4C49-A254-04DD4A99DF92-scaled.jpeg?resize=300%2C225 300w, https:\/\/i0.wp.com\/blogdalucianaoliveira.com.br\/blog\/wp-content\/uploads\/2022\/08\/63EB1513-4721-4C49-A254-04DD4A99DF92-scaled.jpeg?resize=1024%2C768 1024w, https:\/\/i0.wp.com\/blogdalucianaoliveira.com.br\/blog\/wp-content\/uploads\/2022\/08\/63EB1513-4721-4C49-A254-04DD4A99DF92-scaled.jpeg?resize=768%2C576 768w, https:\/\/i0.wp.com\/blogdalucianaoliveira.com.br\/blog\/wp-content\/uploads\/2022\/08\/63EB1513-4721-4C49-A254-04DD4A99DF92-scaled.jpeg?resize=1536%2C1152 1536w, https:\/\/i0.wp.com\/blogdalucianaoliveira.com.br\/blog\/wp-content\/uploads\/2022\/08\/63EB1513-4721-4C49-A254-04DD4A99DF92-scaled.jpeg?resize=2048%2C1536 2048w, https:\/\/i0.wp.com\/blogdalucianaoliveira.com.br\/blog\/wp-content\/uploads\/2022\/08\/63EB1513-4721-4C49-A254-04DD4A99DF92-scaled.jpeg?resize=400%2C300 400w, https:\/\/i0.wp.com\/blogdalucianaoliveira.com.br\/blog\/wp-content\/uploads\/2022\/08\/63EB1513-4721-4C49-A254-04DD4A99DF92-scaled.jpeg?w=1200 1200w, https:\/\/i0.wp.com\/blogdalucianaoliveira.com.br\/blog\/wp-content\/uploads\/2022\/08\/63EB1513-4721-4C49-A254-04DD4A99DF92-scaled.jpeg?w=1800 1800w\" sizes=\"auto, (max-width: 600px) 100vw, 600px\" \/><\/figure>\n\n\n\n<p>\u201cQue o Grito nos ajude a despertar. N\u00e3o podemos ficar deitados em ber\u00e7o espl\u00eandido com tanta coisa ruim acontecendo no nosso pa\u00eds e no nosso estado\u201d, disse de Dom Roque Paloschi, Arcebispo de Porto Velho, em coletiva \u00e0 imprensa seguida de Semin\u00e1rio.&nbsp;<\/p>\n\n\n\n<!--more-->\n\n\n\n<p>O 28\u00ba Grito dos Exclu\u00eddos e Exclu\u00eddas traz esse ano uma pergunta para provocar reflex\u00e3o e a\u00e7\u00e3o.<\/p>\n\n\n\n<p>Brasil: 200 anos de (in)depend\u00eancia pra quem?&nbsp;<\/p>\n\n\n\n<p>Vida em primeiro lugar!&nbsp;<\/p>\n\n\n\n<p>Esse \u00e9 o grito que ecoa no pa\u00eds que voltou ao mapa da fome, v\u00ea crescente destrui\u00e7\u00e3o ambiental e viol\u00eancia contra os povos origin\u00e1rios.<\/p>\n\n\n\n<p>Participaram do ato de lan\u00e7amento do tema v\u00e1rios representantes de movimentos populares e sindicais, da Defensoria P\u00fablica e da Seccional da OAB em Rond\u00f4nia.<\/p>\n\n\n\n<figure class=\"wp-block-image size-large\"><img loading=\"lazy\" decoding=\"async\" width=\"2560\" height=\"1920\" data-attachment-id=\"34095\" data-permalink=\"http:\/\/blogdalucianaoliveira.com.br\/blog\/2022\/08\/15\/arquidiocese-de-porto-velho-apresenta-tema-do-28o-grito-dos-excluidos-e-excluidas\/57159fd3-09a2-4840-887c-a939e207cdc4\/\" data-orig-file=\"https:\/\/i0.wp.com\/blogdalucianaoliveira.com.br\/blog\/wp-content\/uploads\/2022\/08\/57159FD3-09A2-4840-887C-A939E207CDC4-scaled.jpeg?fit=2560%2C1920\" data-orig-size=\"2560,1920\" data-comments-opened=\"0\" data-image-meta=\"{&quot;aperture&quot;:&quot;0&quot;,&quot;credit&quot;:&quot;&quot;,&quot;camera&quot;:&quot;&quot;,&quot;caption&quot;:&quot;&quot;,&quot;created_timestamp&quot;:&quot;0&quot;,&quot;copyright&quot;:&quot;&quot;,&quot;focal_length&quot;:&quot;0&quot;,&quot;iso&quot;:&quot;0&quot;,&quot;shutter_speed&quot;:&quot;0&quot;,&quot;title&quot;:&quot;&quot;,&quot;orientation&quot;:&quot;1&quot;}\" data-image-title=\"57159FD3-09A2-4840-887C-A939E207CDC4\" data-image-description=\"\" data-image-caption=\"\" data-medium-file=\"https:\/\/i0.wp.com\/blogdalucianaoliveira.com.br\/blog\/wp-content\/uploads\/2022\/08\/57159FD3-09A2-4840-887C-A939E207CDC4-scaled.jpeg?fit=300%2C225\" data-large-file=\"https:\/\/i0.wp.com\/blogdalucianaoliveira.com.br\/blog\/wp-content\/uploads\/2022\/08\/57159FD3-09A2-4840-887C-A939E207CDC4-scaled.jpeg?fit=600%2C450\" src=\"https:\/\/i2.wp.com\/blogdalucianaoliveira.com.br\/blog\/wp-content\/uploads\/2022\/08\/57159FD3-09A2-4840-887C-A939E207CDC4-scaled.jpeg?fit=600%2C450\" alt=\"\" class=\"wp-image-34095\" srcset=\"https:\/\/i0.wp.com\/blogdalucianaoliveira.com.br\/blog\/wp-content\/uploads\/2022\/08\/57159FD3-09A2-4840-887C-A939E207CDC4-scaled.jpeg?w=2560 2560w, https:\/\/i0.wp.com\/blogdalucianaoliveira.com.br\/blog\/wp-content\/uploads\/2022\/08\/57159FD3-09A2-4840-887C-A939E207CDC4-scaled.jpeg?resize=300%2C225 300w, https:\/\/i0.wp.com\/blogdalucianaoliveira.com.br\/blog\/wp-content\/uploads\/2022\/08\/57159FD3-09A2-4840-887C-A939E207CDC4-scaled.jpeg?resize=1024%2C768 1024w, https:\/\/i0.wp.com\/blogdalucianaoliveira.com.br\/blog\/wp-content\/uploads\/2022\/08\/57159FD3-09A2-4840-887C-A939E207CDC4-scaled.jpeg?resize=768%2C576 768w, https:\/\/i0.wp.com\/blogdalucianaoliveira.com.br\/blog\/wp-content\/uploads\/2022\/08\/57159FD3-09A2-4840-887C-A939E207CDC4-scaled.jpeg?resize=1536%2C1152 1536w, https:\/\/i0.wp.com\/blogdalucianaoliveira.com.br\/blog\/wp-content\/uploads\/2022\/08\/57159FD3-09A2-4840-887C-A939E207CDC4-scaled.jpeg?resize=2048%2C1536 2048w, https:\/\/i0.wp.com\/blogdalucianaoliveira.com.br\/blog\/wp-content\/uploads\/2022\/08\/57159FD3-09A2-4840-887C-A939E207CDC4-scaled.jpeg?resize=400%2C300 400w, https:\/\/i0.wp.com\/blogdalucianaoliveira.com.br\/blog\/wp-content\/uploads\/2022\/08\/57159FD3-09A2-4840-887C-A939E207CDC4-scaled.jpeg?w=1200 1200w, https:\/\/i0.wp.com\/blogdalucianaoliveira.com.br\/blog\/wp-content\/uploads\/2022\/08\/57159FD3-09A2-4840-887C-A939E207CDC4-scaled.jpeg?w=1800 1800w\" sizes=\"auto, (max-width: 600px) 100vw, 600px\" \/><\/figure>\n\n\n\n<p>At\u00e9 a manifesta\u00e7\u00e3o popular que acontece tradicionalmente no dia 7 de setembro,\u00a0ser\u00e3o realizadas v\u00e1rias atividades preparat\u00f3rias.\u00a0<\/p>\n\n\n\n<p>O Grito \u00e9 uma a\u00e7\u00e3o de organiza\u00e7\u00e3o de luta e de den\u00fancia na marcha no dia c\u00edvico.\u00a0<br><\/p>\n\n\n\n<figure class=\"wp-block-image size-large\"><img data-recalc-dims=\"1\" loading=\"lazy\" decoding=\"async\" width=\"478\" height=\"478\" data-attachment-id=\"34096\" data-permalink=\"http:\/\/blogdalucianaoliveira.com.br\/blog\/2022\/08\/15\/arquidiocese-de-porto-velho-apresenta-tema-do-28o-grito-dos-excluidos-e-excluidas\/e6366a72-4fb9-47ff-8546-a256540447e0\/\" data-orig-file=\"https:\/\/i0.wp.com\/blogdalucianaoliveira.com.br\/blog\/wp-content\/uploads\/2022\/08\/E6366A72-4FB9-47FF-8546-A256540447E0.jpeg?fit=478%2C478\" data-orig-size=\"478,478\" data-comments-opened=\"0\" data-image-meta=\"{&quot;aperture&quot;:&quot;0&quot;,&quot;credit&quot;:&quot;&quot;,&quot;camera&quot;:&quot;&quot;,&quot;caption&quot;:&quot;&quot;,&quot;created_timestamp&quot;:&quot;0&quot;,&quot;copyright&quot;:&quot;&quot;,&quot;focal_length&quot;:&quot;0&quot;,&quot;iso&quot;:&quot;0&quot;,&quot;shutter_speed&quot;:&quot;0&quot;,&quot;title&quot;:&quot;&quot;,&quot;orientation&quot;:&quot;1&quot;}\" data-image-title=\"E6366A72-4FB9-47FF-8546-A256540447E0\" data-image-description=\"\" data-image-caption=\"\" data-medium-file=\"https:\/\/i0.wp.com\/blogdalucianaoliveira.com.br\/blog\/wp-content\/uploads\/2022\/08\/E6366A72-4FB9-47FF-8546-A256540447E0.jpeg?fit=300%2C300\" data-large-file=\"https:\/\/i0.wp.com\/blogdalucianaoliveira.com.br\/blog\/wp-content\/uploads\/2022\/08\/E6366A72-4FB9-47FF-8546-A256540447E0.jpeg?fit=478%2C478\" src=\"https:\/\/i0.wp.com\/blogdalucianaoliveira.com.br\/blog\/wp-content\/uploads\/2022\/08\/E6366A72-4FB9-47FF-8546-A256540447E0.jpeg?resize=478%2C478\" alt=\"\" class=\"wp-image-34096\" srcset=\"https:\/\/i0.wp.com\/blogdalucianaoliveira.com.br\/blog\/wp-content\/uploads\/2022\/08\/E6366A72-4FB9-47FF-8546-A256540447E0.jpeg?w=478 478w, https:\/\/i0.wp.com\/blogdalucianaoliveira.com.br\/blog\/wp-content\/uploads\/2022\/08\/E6366A72-4FB9-47FF-8546-A256540447E0.jpeg?resize=300%2C300 300w, https:\/\/i0.wp.com\/blogdalucianaoliveira.com.br\/blog\/wp-content\/uploads\/2022\/08\/E6366A72-4FB9-47FF-8546-A256540447E0.jpeg?resize=150%2C150 150w\" sizes=\"auto, (max-width: 478px) 100vw, 478px\" \/><\/figure>\n\n\n\n<p>Rond\u00f4nia, atingiu a pior marca hist\u00f3rica desde 2012, com 23% da popula\u00e7\u00e3o em situa\u00e7\u00e3o de pobreza, segundo dados Oppen Social \/ Instituto Mobilidade e Desenvolvimento Social.<\/p>\n\n\n\n<p>Em comparativo com estados da Amaz\u00f4nia Legal, Rond\u00f4nia teve a pior varia\u00e7\u00e3o, com aumento da pobreza, ficando atr\u00e1s do Par\u00e1 e Tocantins;<\/p>\n\n\n\n<p>Em termos nacionais, a piora da pobreza em Rond\u00f4nia \u00e9 quase o dobro da m\u00e9dia nacional.<\/p>\n\n\n\n<p>Apenas nos cinco primeiros meses de 2022, a Amaz\u00f4nia perdeu mais de 2 mil campos de futebol por dia de mata nativa, a maior devasta\u00e7\u00e3o dos \u00faltimos 15 anos para o per\u00edodo.&nbsp;<\/p>\n\n\n\n<p>Rond\u00f4nia ficou em quarto, com 178 km\u00b2 (12%).<\/p>\n\n\n\n<p>Nos estados da Amaz\u00f4nia, Rond\u00f4nia foi tem maior n\u00famero de assassinatos em decorr\u00eancia de conflitos no campo em 2021.&nbsp;<\/p>\n\n\n\n<p>Dos 35 assassinatos registrados em todos pa\u00eds, 11 ocorreram aqui.<\/p>\n\n\n\n<p>\u201cN\u00f3s estamos vendo os dados que s\u00e3o cristalinos. Desta viol\u00eancia que vai devastando com a vida dos pequenos e mais do que isso, se blinda toda uma situa\u00e7\u00e3o para favorecer a ocupa\u00e7\u00e3o, o esbulho possess\u00f3rio e tomada de territ\u00f3rios origin\u00e1rios em nome do \u2018progresso\u2019. Que progresso \u00e9 esse destr\u00f3i os biomas, envenena a terra a \u00e1gua e o ar para concentrar riquezas nas m\u00e3os de poucos?, disse o Arcebispo.<br><\/p>\n","protected":false},"excerpt":{"rendered":"<p>\u201cQue o Grito nos ajude a despertar. N\u00e3o podemos ficar deitados em ber\u00e7o espl\u00eandido com tanta coisa ruim acontecendo no nosso pa\u00eds e no nosso estado\u201d, disse de Dom Roque Paloschi, Arcebispo de Porto Velho, em coletiva \u00e0 imprensa seguida de Semin\u00e1rio.&nbsp;<\/p>\n","protected":false},"author":1,"featured_media":0,"comment_status":"closed","ping_status":"open","sticky":false,"template":"","format":"standard","meta":{"_exactmetrics_skip_tracking":false,"_exactmetrics_sitenote_active":false,"_exactmetrics_sitenote_note":"","_exactmetrics_sitenote_category":0,"jetpack_post_was_ever_published":false,"_jetpack_newsletter_access":"","_jetpack_dont_email_post_to_subs":false,"_jetpack_newsletter_tier_id":0,"_jetpack_memberships_contains_paywalled_content":false,"_jetpack_memberships_contains_paid_content":false,"footnotes":"","jetpack_publicize_message":"","jetpack_publicize_feature_enabled":true,"jetpack_social_post_already_shared":true,"jetpack_social_options":{"image_generator_settings":{"template":"highway","enabled":false},"version":2}},"categories":[1],"tags":[197,784,291],"class_list":["post-34093","post","type-post","status-publish","format-standard","hentry","category-notas","tag-7-de-setembro","tag-arquidiocese-de-porto-velho","tag-grito-dos-excluidos"],"jetpack_publicize_connections":[],"jetpack_sharing_enabled":true,"jetpack_featured_media_url":"","jetpack_shortlink":"https:\/\/wp.me\/p7wKYW-8RT","jetpack-related-posts":[],"_links":{"self":[{"href":"http:\/\/blogdalucianaoliveira.com.br\/blog\/wp-json\/wp\/v2\/posts\/34093","targetHints":{"allow":["GET"]}}],"collection":[{"href":"http:\/\/blogdalucianaoliveira.com.br\/blog\/wp-json\/wp\/v2\/posts"}],"about":[{"href":"http:\/\/blogdalucianaoliveira.com.br\/blog\/wp-json\/wp\/v2\/types\/post"}],"author":[{"embeddable":true,"href":"http:\/\/blogdalucianaoliveira.com.br\/blog\/wp-json\/wp\/v2\/users\/1"}],"replies":[{"embeddable":true,"href":"http:\/\/blogdalucianaoliveira.com.br\/blog\/wp-json\/wp\/v2\/comments?post=34093"}],"version-history":[{"count":1,"href":"http:\/\/blogdalucianaoliveira.com.br\/blog\/wp-json\/wp\/v2\/posts\/34093\/revisions"}],"predecessor-version":[{"id":34097,"href":"http:\/\/blogdalucianaoliveira.com.br\/blog\/wp-json\/wp\/v2\/posts\/34093\/revisions\/34097"}],"wp:attachment":[{"href":"http:\/\/blogdalucianaoliveira.com.br\/blog\/wp-json\/wp\/v2\/media?parent=34093"}],"wp:term":[{"taxonomy":"category","embeddable":true,"href":"http:\/\/blogdalucianaoliveira.com.br\/blog\/wp-json\/wp\/v2\/categories?post=34093"},{"taxonomy":"post_tag","embeddable":true,"href":"http:\/\/blogdalucianaoliveira.com.br\/blog\/wp-json\/wp\/v2\/tags?post=34093"}],"curies":[{"name":"wp","href":"https:\/\/api.w.org\/{rel}","templated":true}]}}