{"id":34098,"date":"2022-08-17T10:22:23","date_gmt":"2022-08-17T14:22:23","guid":{"rendered":"http:\/\/blogdalucianaoliveira.com.br\/blog\/?p=34098"},"modified":"2022-08-17T10:22:27","modified_gmt":"2022-08-17T14:22:27","slug":"filme-o-territorio-estreia-em-nova-york-como-protesto-indigena-e-contra-reeleicao-de-jair-bolsonaro","status":"publish","type":"post","link":"http:\/\/blogdalucianaoliveira.com.br\/blog\/2022\/08\/17\/filme-o-territorio-estreia-em-nova-york-como-protesto-indigena-e-contra-reeleicao-de-jair-bolsonaro\/","title":{"rendered":"Filme \u2018O Territ\u00f3rio\u2019 estreia em Nova York como protesto ind\u00edgena e contra reelei\u00e7\u00e3o de Jair Bolsonaro"},"content":{"rendered":"\n<figure class=\"wp-block-image size-large\"><img data-recalc-dims=\"1\" loading=\"lazy\" decoding=\"async\" width=\"600\" height=\"633\" data-attachment-id=\"34099\" data-permalink=\"http:\/\/blogdalucianaoliveira.com.br\/blog\/2022\/08\/17\/filme-o-territorio-estreia-em-nova-york-como-protesto-indigena-e-contra-reeleicao-de-jair-bolsonaro\/thumbnail-3\/\" data-orig-file=\"https:\/\/i0.wp.com\/blogdalucianaoliveira.com.br\/blog\/wp-content\/uploads\/2022\/08\/thumbnail.jpg?fit=607%2C640\" data-orig-size=\"607,640\" data-comments-opened=\"0\" data-image-meta=\"{&quot;aperture&quot;:&quot;0&quot;,&quot;credit&quot;:&quot;&quot;,&quot;camera&quot;:&quot;&quot;,&quot;caption&quot;:&quot;&quot;,&quot;created_timestamp&quot;:&quot;0&quot;,&quot;copyright&quot;:&quot;&quot;,&quot;focal_length&quot;:&quot;0&quot;,&quot;iso&quot;:&quot;0&quot;,&quot;shutter_speed&quot;:&quot;0&quot;,&quot;title&quot;:&quot;&quot;,&quot;orientation&quot;:&quot;0&quot;}\" data-image-title=\"thumbnail\" data-image-description=\"\" data-image-caption=\"\" data-medium-file=\"https:\/\/i0.wp.com\/blogdalucianaoliveira.com.br\/blog\/wp-content\/uploads\/2022\/08\/thumbnail.jpg?fit=285%2C300\" data-large-file=\"https:\/\/i0.wp.com\/blogdalucianaoliveira.com.br\/blog\/wp-content\/uploads\/2022\/08\/thumbnail.jpg?fit=600%2C633\" src=\"https:\/\/i0.wp.com\/blogdalucianaoliveira.com.br\/blog\/wp-content\/uploads\/2022\/08\/thumbnail.jpg?resize=600%2C633\" alt=\"\" class=\"wp-image-34099\" srcset=\"https:\/\/i0.wp.com\/blogdalucianaoliveira.com.br\/blog\/wp-content\/uploads\/2022\/08\/thumbnail.jpg?w=607 607w, https:\/\/i0.wp.com\/blogdalucianaoliveira.com.br\/blog\/wp-content\/uploads\/2022\/08\/thumbnail.jpg?resize=285%2C300 285w\" sizes=\"auto, (max-width: 600px) 100vw, 600px\" \/><\/figure>\n\n\n\n<p><em><strong>As imagens feitas pelos ind\u00edgenas transportam quem v\u00ea o filma \u00e0 realidade de destrui\u00e7\u00e3o e viol\u00eancia contra os povos da floresta no per\u00edodo de governo Bolsonaro e devem impactar no per\u00edodo eleitoral<\/strong><\/em><\/p>\n\n\n\n<p>Foi de gra\u00e7a e ao ar livre no\nCentral Park, a exibi\u00e7\u00e3o do document\u00e1rio \u201cO Territ\u00f3rio\u201d que conta a luta do\npovo ind\u00edgena Uru Eu Wau Wau para proteger seu territ\u00f3rio de invas\u00f5es e\ndestrui\u00e7\u00e3o ambiental.<\/p>\n\n\n\n<!--more-->\n\n\n\n<p>Vencedor de mais de dez\npr\u00eamios internacionais e com 95% de aprova\u00e7\u00e3o no Rotten Tomatoes, o filme do diretor\nAlex Pritz \u00e9 coproduzido por Gabriel Uchida e ind\u00edgenas e tem a ativista Txai\nSuru\u00ed como produtora executiva.<\/p>\n\n\n\n<p>Neidinha Suru\u00ed e Bitate Uru Eu\nWau Wau s\u00e3o protagonistas do filme e na estreia falaram \u00e0 imprensa sobre como\npreviram que as amea\u00e7as aos povos ind\u00edgenas aumentariam coma elei\u00e7\u00e3o de Jair\nBolsonaro.<\/p>\n\n\n\n<p>A sensa\u00e7\u00e3o de desespero pelos discursos\ne pol\u00edticas do presidente contra o meio ambiente e povos origin\u00e1rios foi\nretratada no filme ainda na elei\u00e7\u00e3o de 2018.<\/p>\n\n\n\n<p>\u201cEu tinha certeza que ele eleito ia tirar os direitos dos povos ind\u00edgenas, ia aumentar o desmatamento na Amaz\u00f4nia, ia aumentar a inseguran\u00e7a dos ativistas e tudo se confirmou\u201d, disse Neidinha Suru\u00ed em Nova York.<\/p>\n\n\n\n<figure class=\"wp-block-embed-youtube wp-block-embed is-type-video is-provider-youtube wp-embed-aspect-16-9 wp-has-aspect-ratio\"><div class=\"wp-block-embed__wrapper\">\n<div class=\"jetpack-video-wrapper\"><iframe loading=\"lazy\" title=\"Document\u00e1rio O Territ\u00f3rio estreia em Nova York como protesto a Bolsonaro\" width=\"600\" height=\"338\" src=\"https:\/\/www.youtube.com\/embed\/8DEG2EerOYE?feature=oembed\" frameborder=\"0\" allow=\"accelerometer; autoplay; clipboard-write; encrypted-media; gyroscope; picture-in-picture; web-share\" referrerpolicy=\"strict-origin-when-cross-origin\" allowfullscreen><\/iframe><\/div>\n<\/div><\/figure>\n\n\n\n<p>O Territ\u00f3rio chegar\u00e1 \u00e0s telas\nde cinema do Brasil no dia 08 de setembro e far\u00e1 parte da mostra M\u00eas Amaz\u00f4nia\nno CineSesc.<\/p>\n\n\n\n<p>As imagens feitas pelos ind\u00edgenas\ntransportam quem v\u00ea o filma \u00e0 realidade de destrui\u00e7\u00e3o e viol\u00eancia contra os povos\nda floresta no per\u00edodo de governo Bolsonaro e devem impactar no per\u00edodo eleitoral.<\/p>\n\n\n\n<p>\u201cQuem em 2022 a gente consiga\nmudar. Mudar para um Brasil melhor, onde o compromisso com a floresta Amaz\u00f4nica,\no compromisso com o direito do cidad\u00e3o e cidad\u00e3 brasileira se concretize. E com\na defesa dos povos ind\u00edgenas. Eu tenho essa esperan\u00e7a. Eu acredito muito que o\nBrasil vai mudar e o filme O Territ\u00f3rio vai ajudar nessa mudan\u00e7a\u201d, concluiu\nNeidinha.<\/p>\n","protected":false},"excerpt":{"rendered":"<p>As imagens feitas pelos ind\u00edgenas transportam quem v\u00ea o filma \u00e0 realidade de destrui\u00e7\u00e3o e viol\u00eancia contra os povos da floresta no per\u00edodo de governo Bolsonaro e devem impactar no per\u00edodo eleitoral Foi de gra\u00e7a e ao ar livre no Central Park, a exibi\u00e7\u00e3o do document\u00e1rio \u201cO Territ\u00f3rio\u201d que conta a luta do povo ind\u00edgena&#8230;<a class=\"more-link\" href=\"http:\/\/blogdalucianaoliveira.com.br\/blog\/2022\/08\/17\/filme-o-territorio-estreia-em-nova-york-como-protesto-indigena-e-contra-reeleicao-de-jair-bolsonaro\/\">Continue a leitura <span class=\"meta-nav\">&raquo;<\/span><\/a><\/p>\n","protected":false},"author":1,"featured_media":0,"comment_status":"closed","ping_status":"open","sticky":false,"template":"","format":"standard","meta":{"_exactmetrics_skip_tracking":false,"_exactmetrics_sitenote_active":false,"_exactmetrics_sitenote_note":"","_exactmetrics_sitenote_category":0,"jetpack_post_was_ever_published":false,"_jetpack_newsletter_access":"","_jetpack_dont_email_post_to_subs":false,"_jetpack_newsletter_tier_id":0,"_jetpack_memberships_contains_paywalled_content":false,"_jetpack_memberships_contains_paid_content":false,"footnotes":"","jetpack_publicize_message":"","jetpack_publicize_feature_enabled":true,"jetpack_social_post_already_shared":true,"jetpack_social_options":{"image_generator_settings":{"template":"highway","enabled":false},"version":2}},"categories":[1],"tags":[53,686,781,749,7,628],"class_list":["post-34098","post","type-post","status-publish","format-standard","hentry","category-notas","tag-bolsonaro","tag-neidinha-surui","tag-o-territorio","tag-povos-indigenas","tag-rondonia","tag-txai-surui"],"jetpack_publicize_connections":[],"jetpack_sharing_enabled":true,"jetpack_featured_media_url":"","jetpack_shortlink":"https:\/\/wp.me\/p7wKYW-8RY","jetpack-related-posts":[],"_links":{"self":[{"href":"http:\/\/blogdalucianaoliveira.com.br\/blog\/wp-json\/wp\/v2\/posts\/34098","targetHints":{"allow":["GET"]}}],"collection":[{"href":"http:\/\/blogdalucianaoliveira.com.br\/blog\/wp-json\/wp\/v2\/posts"}],"about":[{"href":"http:\/\/blogdalucianaoliveira.com.br\/blog\/wp-json\/wp\/v2\/types\/post"}],"author":[{"embeddable":true,"href":"http:\/\/blogdalucianaoliveira.com.br\/blog\/wp-json\/wp\/v2\/users\/1"}],"replies":[{"embeddable":true,"href":"http:\/\/blogdalucianaoliveira.com.br\/blog\/wp-json\/wp\/v2\/comments?post=34098"}],"version-history":[{"count":1,"href":"http:\/\/blogdalucianaoliveira.com.br\/blog\/wp-json\/wp\/v2\/posts\/34098\/revisions"}],"predecessor-version":[{"id":34100,"href":"http:\/\/blogdalucianaoliveira.com.br\/blog\/wp-json\/wp\/v2\/posts\/34098\/revisions\/34100"}],"wp:attachment":[{"href":"http:\/\/blogdalucianaoliveira.com.br\/blog\/wp-json\/wp\/v2\/media?parent=34098"}],"wp:term":[{"taxonomy":"category","embeddable":true,"href":"http:\/\/blogdalucianaoliveira.com.br\/blog\/wp-json\/wp\/v2\/categories?post=34098"},{"taxonomy":"post_tag","embeddable":true,"href":"http:\/\/blogdalucianaoliveira.com.br\/blog\/wp-json\/wp\/v2\/tags?post=34098"}],"curies":[{"name":"wp","href":"https:\/\/api.w.org\/{rel}","templated":true}]}}