{"id":34102,"date":"2022-08-19T09:32:50","date_gmt":"2022-08-19T13:32:50","guid":{"rendered":"http:\/\/blogdalucianaoliveira.com.br\/blog\/?p=34102"},"modified":"2022-08-19T09:32:57","modified_gmt":"2022-08-19T13:32:57","slug":"povo-karipuna-denuncia-incendio-criminoso-provocado-por-madeireiros-e-grileiros-em-seu-territorio","status":"publish","type":"post","link":"http:\/\/blogdalucianaoliveira.com.br\/blog\/2022\/08\/19\/povo-karipuna-denuncia-incendio-criminoso-provocado-por-madeireiros-e-grileiros-em-seu-territorio\/","title":{"rendered":"Povo Karipuna denuncia inc\u00eandio criminoso provocado por madeireiros e grileiros em seu territ\u00f3rio"},"content":{"rendered":"\n<figure class=\"wp-block-image size-large\"><img loading=\"lazy\" decoding=\"async\" width=\"1182\" height=\"788\" data-attachment-id=\"34103\" data-permalink=\"http:\/\/blogdalucianaoliveira.com.br\/blog\/2022\/08\/19\/povo-karipuna-denuncia-incendio-criminoso-provocado-por-madeireiros-e-grileiros-em-seu-territorio\/88f14eda-309b-4506-b945-32070c3f2d15\/\" data-orig-file=\"https:\/\/i0.wp.com\/blogdalucianaoliveira.com.br\/blog\/wp-content\/uploads\/2022\/08\/88F14EDA-309B-4506-B945-32070C3F2D15.png?fit=1182%2C788\" data-orig-size=\"1182,788\" data-comments-opened=\"0\" data-image-meta=\"{&quot;aperture&quot;:&quot;0&quot;,&quot;credit&quot;:&quot;&quot;,&quot;camera&quot;:&quot;&quot;,&quot;caption&quot;:&quot;&quot;,&quot;created_timestamp&quot;:&quot;0&quot;,&quot;copyright&quot;:&quot;&quot;,&quot;focal_length&quot;:&quot;0&quot;,&quot;iso&quot;:&quot;0&quot;,&quot;shutter_speed&quot;:&quot;0&quot;,&quot;title&quot;:&quot;&quot;,&quot;orientation&quot;:&quot;0&quot;}\" data-image-title=\"88F14EDA-309B-4506-B945-32070C3F2D15\" data-image-description=\"\" data-image-caption=\"\" data-medium-file=\"https:\/\/i0.wp.com\/blogdalucianaoliveira.com.br\/blog\/wp-content\/uploads\/2022\/08\/88F14EDA-309B-4506-B945-32070C3F2D15.png?fit=300%2C200\" data-large-file=\"https:\/\/i0.wp.com\/blogdalucianaoliveira.com.br\/blog\/wp-content\/uploads\/2022\/08\/88F14EDA-309B-4506-B945-32070C3F2D15.png?fit=600%2C400\" src=\"https:\/\/i2.wp.com\/blogdalucianaoliveira.com.br\/blog\/wp-content\/uploads\/2022\/08\/88F14EDA-309B-4506-B945-32070C3F2D15.png?fit=600%2C400\" alt=\"\" class=\"wp-image-34103\" srcset=\"https:\/\/i0.wp.com\/blogdalucianaoliveira.com.br\/blog\/wp-content\/uploads\/2022\/08\/88F14EDA-309B-4506-B945-32070C3F2D15.png?w=1182 1182w, https:\/\/i0.wp.com\/blogdalucianaoliveira.com.br\/blog\/wp-content\/uploads\/2022\/08\/88F14EDA-309B-4506-B945-32070C3F2D15.png?resize=300%2C200 300w, https:\/\/i0.wp.com\/blogdalucianaoliveira.com.br\/blog\/wp-content\/uploads\/2022\/08\/88F14EDA-309B-4506-B945-32070C3F2D15.png?resize=1024%2C683 1024w, https:\/\/i0.wp.com\/blogdalucianaoliveira.com.br\/blog\/wp-content\/uploads\/2022\/08\/88F14EDA-309B-4506-B945-32070C3F2D15.png?resize=768%2C512 768w, https:\/\/i0.wp.com\/blogdalucianaoliveira.com.br\/blog\/wp-content\/uploads\/2022\/08\/88F14EDA-309B-4506-B945-32070C3F2D15.png?resize=450%2C300 450w\" sizes=\"auto, (max-width: 600px) 100vw, 600px\" \/><\/figure>\n\n\n\n<h4 class=\"wp-block-heading\">InfoAmazonia e equipe do Greenpeace sobrevoaram territ\u00f3rio em chamas que \u00e9 alvo de invas\u00e3o de madeireiros e grileiros. Lideran\u00e7as pedem aos \u00f3rg\u00e3os do governo urg\u00eancia no combate ao inc\u00eandio.<\/h4>\n\n\n\n<!--more-->\n\n\n\n<p>Por F\u00e1bio Bispo &#8211; A floresta na Terra Ind\u00edgena Karipuna, em Rond\u00f4nia, est\u00e1 sendo consumida pelo fogo de queimada ilegal provocada por invasores. O InfoAmazonia flagrou focos de inc\u00eandio no territ\u00f3rio ind\u00edgena nesta quinta-feira, 18, durante sobrevoo com a equipe de monitoramento do Greenpeace.\u00a0<\/p>\n\n\n\n<p>O inc\u00eandio \u00e9 recente e ainda n\u00e3o foi detectado pelos sistemas que monitoram focos de calor na Amaz\u00f4nia, o que tamb\u00e9m impossibilita precisar o tamanho da \u00e1rea em destrui\u00e7\u00e3o.<\/p>\n\n\n\n<figure><iframe loading=\"lazy\" width=\"1200\" height=\"900\" src=\"https:\/\/www.youtube.com\/embed\/OL69OHSFXsE?feature=oembed\" allowfullscreen=\"\"><\/iframe><\/figure>\n\n\n\n<p>Segundo os ind\u00edgenas, o inc\u00eandio come\u00e7ou na ter\u00e7a-feira, dia 16, e desde ent\u00e3o o fogo se alastra pela floresta \u00e0s margens do rio Formoso e em diversos pontos da terra ind\u00edgena. At\u00e9 o momento, n\u00e3o h\u00e1 presen\u00e7a de qualquer \u00f3rg\u00e3o para conter o fogo&nbsp; e deter o avan\u00e7o das chamas denunciadas pelos Karipuna como uma a\u00e7\u00e3o criminosa.&nbsp;<\/p>\n\n\n\n<p>\u201cN\u00f3s fomos ao local, vimos a fuma\u00e7a subindo na floresta e encontramos novas derrubadas e picadas abertas pelos invasores. N\u00e3o est\u00e1 acontecendo s\u00f3 em um ponto do territ\u00f3rio, mas em v\u00e1rias regi\u00f5es da terra ind\u00edgena\u201d, relatou a lideran\u00e7a Adriano Karipuna.<\/p>\n\n\n\n<blockquote class=\"wp-block-quote is-layout-flow wp-block-quote-is-layout-flow\"><p>N\u00e3o est\u00e1 acontecendo s\u00f3 em um ponto do territ\u00f3rio, mas em v\u00e1rias regi\u00f5es da terra ind\u00edgena<\/p><cite>Adriano Karipuna, lideran\u00e7a<\/cite><\/blockquote>\n\n\n\n<p>Localizada nos munic\u00edpios de Nova Mamor\u00e9 e Porto Velho, a TI Karipuna \u00e9 o 8\u00ba territ\u00f3rio mais desmatado nos \u00faltimos tr\u00eas anos, segundo dados do Instituto Nacional de Pesquisas Espaciais(INPE). A viola\u00e7\u00e3o dos direitos do povo Karipuna tem sido constantemente denunciada \u00e0s autoridades brasileiras e em \u00f3rg\u00e3os internacionais, como na&nbsp;<a href=\"https:\/\/www.greenpeace.org\/brasil\/blog\/cacique-karipuna-reivindica-a-onu-punicao-de-empresas-que-violam-terras-indigenas\/\" target=\"_blank\" rel=\"noreferrer noopener\">ONU<\/a><a href=\"https:\/\/www.greenpeace.org\/brasil\/blog\/cacique-karipuna-reivindica-a-onu-punicao-de-empresas-que-violam-terras-indigenas\/\">&nbsp;<\/a>e no&nbsp;<a href=\"https:\/\/www.greenpeace.org\/brasil\/blog\/no-vaticano-indigenas-denunciam-violacoes-de-direitos-e-invasoes-de-terras\/\" target=\"_blank\" rel=\"noreferrer noopener\">Vaticano<\/a>. A press\u00e3o chegou a motivar uma s\u00e9rie de opera\u00e7\u00f5es da Pol\u00edcia Federal e do Ibama. Mas os crimes continuam.<\/p>\n\n\n\n<p>\u201cN\u00e3o foi por falta de aviso, desde 2018 os Karipuna denunciam o avan\u00e7o da grilagem e do desmatamento no pouco que sobrou do seu territ\u00f3rio original. Mesmo percorrendo todas as inst\u00e2ncias do Estado brasileiro, os Karipuna seguem ref\u00e9ns do crime organizado, e pedindo socorro ao mundo, haja vista a incapacidade do Estado brasileiro de por fim ao avan\u00e7o do crime ambiental organizado na Amaz\u00f4nia\u201d, disse Danicley de Aguiar, porta voz da campanha Amaz\u00f4nia do Greenpeace Brasil.<\/p>\n\n\n\n<p>Mais de 4,8 mil hectares do territ\u00f3rio j\u00e1 foram desmatados para o roubo de madeira. Mas s\u00e3o os dados de degrada\u00e7\u00e3o (n\u00e3o divulgados pelo governo brasileiro desde 2014) que mostram a tr\u00e1gica dimens\u00e3o da destrui\u00e7\u00e3o do territ\u00f3rio Karipuna. Somando, as \u00e1reas de&nbsp; desmatamento e degrada\u00e7\u00e3o, monitorada pelo Greenpeace, a \u00e1rea de floresta degradada e desmatada passa de 10 mil hectares.&nbsp;&nbsp;<\/p>\n\n\n\n<p>Em 2021, o governador de Rond\u00f4nia, Marcos Rocha (Uni\u00e3o Brasil), sancionou uma lei que reduziu os limites da Reserva Extrativista Jaci-Paran\u00e1 e do Parque Estadual Guajar\u00e1 Mirim, \u00e1reas tradicionais de uso dos povos ind\u00edgenas e que serviam tamb\u00e9m de prote\u00e7\u00e3o ao territ\u00f3rio, permitindo o avan\u00e7o de fazendas de gado nessas \u00e1reas.&nbsp;<\/p>\n\n\n\n<p>Em 22 de novembro, a lei foi declarada inconstitucional pelo Tribunal de Justi\u00e7a de Rond\u00f4nia (TJ-RO), mas o estrago e o incentivo a grileiros e desmatadores estava feito. Estimativas do pr\u00f3prio governo de Rond\u00f4nia apontam que as \u00e1reas protegidas do entorno da terra ind\u00edgena Karipuna abrigam mais de 150 mil cabe\u00e7as de gado. E mesmo ilegal, todo esse rebanho \u00e9 vacinado e acompanhado pelos \u00f3rg\u00e3os sanit\u00e1rios do estado, enquanto os ind\u00edgenas denunciam completo abandono.&nbsp;<\/p>\n\n\n\n<blockquote class=\"wp-block-quote is-layout-flow wp-block-quote-is-layout-flow\"><p>Estimativas do pr\u00f3prio governo de Rond\u00f4nia apontam que as \u00e1reas protegidas do entorno da terra ind\u00edgena Karipuna abrigam mais de 150 mil cabe\u00e7as de gado<\/p><\/blockquote>\n\n\n\n<p>\u201cJ\u00e1 pedimos in\u00fameras vezes provid\u00eancias para prote\u00e7\u00e3o do territ\u00f3rio e da nossa integridade f\u00edsica. Mas at\u00e9 o presente momento n\u00e3o foi tomada nenhuma provid\u00eancia\u201d, reclama Adriano, que alerta para&nbsp; as amea\u00e7as contra o&nbsp; seu povo.<\/p>\n\n\n\n<figure class=\"wp-block-image\"><img data-recalc-dims=\"1\" decoding=\"async\" src=\"https:\/\/i0.wp.com\/infoamazonia.org\/wp-content\/uploads\/2022\/08\/Captura-de-Tela-2022-08-19-a%25CC%2580s-08.59.16.png?w=600&#038;ssl=1\" alt=\"\"\/><\/figure>\n\n\n\n<p>Adriano Karipuna denunciou crimes na ONU e \u00e0s autoridades brasileiras, mas ainda aguarda a\u00e7\u00e3o eficiente para cessar invas\u00f5es e amea\u00e7as.&nbsp;<\/p>\n\n\n\n<p>O contato for\u00e7ado dos Karipunas com n\u00e3o-ind\u00edgenas na d\u00e9cada de 1970 quase os dizimou nessa regi\u00e3o da Amaz\u00f4nia, onde foram reduzidos a um grupo de oito pessoas na d\u00e9cada de 1990.<\/p>\n\n\n\n<p>Adriano Karipuna conta que as amea\u00e7as de morte por madeireiros constantes j\u00e1 chegaram a encurralar o povo num raio de um quil\u00f4metro da aldeia, o que acabou revertido ap\u00f3s opera\u00e7\u00f5es da PF que retirou invasores da \u00e1rea. Desde ent\u00e3o, pr\u00f3prios Karipunas fazem a seguran\u00e7a e o monitoramento da \u00e1rea, documentando e denunciando as invas\u00f5es na esperan\u00e7a de a\u00e7\u00f5es mais en\u00e9rgicas do estado brasileiro.&nbsp;<\/p>\n\n\n\n<p>O&nbsp;<strong>InfoAmazonia&nbsp;<\/strong>tentou contato com a Funai e Ibama, mas at\u00e9 o fechamento desta reportagem os \u00f3rg\u00e3o n\u00e3o retornaram os pedidos sobre uma a\u00e7\u00e3o concreta no territ\u00f3rio Karipuna.<\/p>\n\n\n\n<figure class=\"wp-block-image\"><img data-recalc-dims=\"1\" decoding=\"async\" src=\"https:\/\/i0.wp.com\/infoamazonia.org\/wp-content\/uploads\/2022\/08\/WhatsApp-Image-2022-08-19-at-09.07.37.jpeg?w=600&#038;ssl=1\" alt=\"\"\/><\/figure>\n\n\n\n<p>Mapa mostra pontos sobrevoados pela reportagem onde ocorrem os focos de inc\u00eandio.&nbsp;<\/p>\n\n\n\n<p><\/p>\n","protected":false},"excerpt":{"rendered":"<p>InfoAmazonia e equipe do Greenpeace sobrevoaram territ\u00f3rio em chamas que \u00e9 alvo de invas\u00e3o de madeireiros e grileiros. Lideran\u00e7as pedem aos \u00f3rg\u00e3os do governo urg\u00eancia no combate ao inc\u00eandio.<\/p>\n","protected":false},"author":1,"featured_media":0,"comment_status":"closed","ping_status":"open","sticky":false,"template":"","format":"standard","meta":{"_exactmetrics_skip_tracking":false,"_exactmetrics_sitenote_active":false,"_exactmetrics_sitenote_note":"","_exactmetrics_sitenote_category":0,"jetpack_post_was_ever_published":false,"_jetpack_newsletter_access":"","_jetpack_dont_email_post_to_subs":false,"_jetpack_newsletter_tier_id":0,"_jetpack_memberships_contains_paywalled_content":false,"_jetpack_memberships_contains_paid_content":false,"footnotes":"","jetpack_publicize_message":"","jetpack_publicize_feature_enabled":true,"jetpack_social_post_already_shared":true,"jetpack_social_options":{"image_generator_settings":{"template":"highway","enabled":false},"version":2}},"categories":[1],"tags":[583,7],"class_list":["post-34102","post","type-post","status-publish","format-standard","hentry","category-notas","tag-karipuna","tag-rondonia"],"jetpack_publicize_connections":[],"jetpack_sharing_enabled":true,"jetpack_featured_media_url":"","jetpack_shortlink":"https:\/\/wp.me\/p7wKYW-8S2","jetpack-related-posts":[],"_links":{"self":[{"href":"http:\/\/blogdalucianaoliveira.com.br\/blog\/wp-json\/wp\/v2\/posts\/34102","targetHints":{"allow":["GET"]}}],"collection":[{"href":"http:\/\/blogdalucianaoliveira.com.br\/blog\/wp-json\/wp\/v2\/posts"}],"about":[{"href":"http:\/\/blogdalucianaoliveira.com.br\/blog\/wp-json\/wp\/v2\/types\/post"}],"author":[{"embeddable":true,"href":"http:\/\/blogdalucianaoliveira.com.br\/blog\/wp-json\/wp\/v2\/users\/1"}],"replies":[{"embeddable":true,"href":"http:\/\/blogdalucianaoliveira.com.br\/blog\/wp-json\/wp\/v2\/comments?post=34102"}],"version-history":[{"count":1,"href":"http:\/\/blogdalucianaoliveira.com.br\/blog\/wp-json\/wp\/v2\/posts\/34102\/revisions"}],"predecessor-version":[{"id":34104,"href":"http:\/\/blogdalucianaoliveira.com.br\/blog\/wp-json\/wp\/v2\/posts\/34102\/revisions\/34104"}],"wp:attachment":[{"href":"http:\/\/blogdalucianaoliveira.com.br\/blog\/wp-json\/wp\/v2\/media?parent=34102"}],"wp:term":[{"taxonomy":"category","embeddable":true,"href":"http:\/\/blogdalucianaoliveira.com.br\/blog\/wp-json\/wp\/v2\/categories?post=34102"},{"taxonomy":"post_tag","embeddable":true,"href":"http:\/\/blogdalucianaoliveira.com.br\/blog\/wp-json\/wp\/v2\/tags?post=34102"}],"curies":[{"name":"wp","href":"https:\/\/api.w.org\/{rel}","templated":true}]}}