{"id":34105,"date":"2022-08-25T16:41:58","date_gmt":"2022-08-25T20:41:58","guid":{"rendered":"http:\/\/blogdalucianaoliveira.com.br\/blog\/?p=34105"},"modified":"2022-08-25T16:42:02","modified_gmt":"2022-08-25T20:42:02","slug":"no-brasil-247-4","status":"publish","type":"post","link":"http:\/\/blogdalucianaoliveira.com.br\/blog\/2022\/08\/25\/no-brasil-247-4\/","title":{"rendered":"No Brasil 247"},"content":{"rendered":"\n<figure class=\"wp-block-image size-large\"><img loading=\"lazy\" decoding=\"async\" width=\"1280\" height=\"720\" data-attachment-id=\"34106\" data-permalink=\"http:\/\/blogdalucianaoliveira.com.br\/blog\/2022\/08\/25\/no-brasil-247-4\/3251bf40-8d11-451e-bf95-f5a97e28ab62\/\" data-orig-file=\"https:\/\/i0.wp.com\/blogdalucianaoliveira.com.br\/blog\/wp-content\/uploads\/2022\/08\/3251BF40-8D11-451E-BF95-F5A97E28AB62.jpeg?fit=1280%2C720\" data-orig-size=\"1280,720\" data-comments-opened=\"0\" data-image-meta=\"{&quot;aperture&quot;:&quot;0&quot;,&quot;credit&quot;:&quot;&quot;,&quot;camera&quot;:&quot;&quot;,&quot;caption&quot;:&quot;&quot;,&quot;created_timestamp&quot;:&quot;0&quot;,&quot;copyright&quot;:&quot;&quot;,&quot;focal_length&quot;:&quot;0&quot;,&quot;iso&quot;:&quot;0&quot;,&quot;shutter_speed&quot;:&quot;0&quot;,&quot;title&quot;:&quot;&quot;,&quot;orientation&quot;:&quot;0&quot;}\" data-image-title=\"3251BF40-8D11-451E-BF95-F5A97E28AB62\" data-image-description=\"\" data-image-caption=\"\" data-medium-file=\"https:\/\/i0.wp.com\/blogdalucianaoliveira.com.br\/blog\/wp-content\/uploads\/2022\/08\/3251BF40-8D11-451E-BF95-F5A97E28AB62.jpeg?fit=300%2C169\" data-large-file=\"https:\/\/i0.wp.com\/blogdalucianaoliveira.com.br\/blog\/wp-content\/uploads\/2022\/08\/3251BF40-8D11-451E-BF95-F5A97E28AB62.jpeg?fit=600%2C338\" src=\"https:\/\/i2.wp.com\/blogdalucianaoliveira.com.br\/blog\/wp-content\/uploads\/2022\/08\/3251BF40-8D11-451E-BF95-F5A97E28AB62.jpeg?fit=600%2C338\" alt=\"\" class=\"wp-image-34106\" srcset=\"https:\/\/i0.wp.com\/blogdalucianaoliveira.com.br\/blog\/wp-content\/uploads\/2022\/08\/3251BF40-8D11-451E-BF95-F5A97E28AB62.jpeg?w=1280 1280w, https:\/\/i0.wp.com\/blogdalucianaoliveira.com.br\/blog\/wp-content\/uploads\/2022\/08\/3251BF40-8D11-451E-BF95-F5A97E28AB62.jpeg?resize=300%2C169 300w, https:\/\/i0.wp.com\/blogdalucianaoliveira.com.br\/blog\/wp-content\/uploads\/2022\/08\/3251BF40-8D11-451E-BF95-F5A97E28AB62.jpeg?resize=1024%2C576 1024w, https:\/\/i0.wp.com\/blogdalucianaoliveira.com.br\/blog\/wp-content\/uploads\/2022\/08\/3251BF40-8D11-451E-BF95-F5A97E28AB62.jpeg?resize=768%2C432 768w, https:\/\/i0.wp.com\/blogdalucianaoliveira.com.br\/blog\/wp-content\/uploads\/2022\/08\/3251BF40-8D11-451E-BF95-F5A97E28AB62.jpeg?resize=533%2C300 533w, https:\/\/i0.wp.com\/blogdalucianaoliveira.com.br\/blog\/wp-content\/uploads\/2022\/08\/3251BF40-8D11-451E-BF95-F5A97E28AB62.jpeg?w=1200 1200w\" sizes=\"auto, (max-width: 600px) 100vw, 600px\" \/><\/figure>\n\n\n\n<p>De Porto Velho, Rond\u00f4nia, Amaz\u00f4nia brasileira, vamos embarcar numa hist\u00f3ria que completou 110 anos. <br> Imagine uma obra na Amaz\u00f4nia que atraiu trabalhadores de mais de 40 nacionalidades. <br> Que deixou oficialmente mais de 1500 mortos. <br> E que deu lucro s\u00f3 nos dois primeiros anos de atividade. <br> Vamos contar um pouco da hist\u00f3ria da lend\u00e1ria Estrada de Ferro Madeira Mamor\u00e9, tamb\u00e9m conhecida como ferrovia do diabo.<\/p>\n\n\n\n<!--more-->\n\n\n\n<p>veja a reportagem:<\/p>\n\n\n\n<figure class=\"wp-block-embed-youtube wp-block-embed is-type-video is-provider-youtube wp-embed-aspect-16-9 wp-has-aspect-ratio\"><div class=\"wp-block-embed__wrapper\">\n<div class=\"jetpack-video-wrapper\"><iframe loading=\"lazy\" title=\"Os 110 anos da lend\u00e1ria estrada de ferro Madeira-Mamor\u00e9\" width=\"600\" height=\"338\" src=\"https:\/\/www.youtube.com\/embed\/SuUdiw4Jbcs?feature=oembed\" frameborder=\"0\" allow=\"accelerometer; autoplay; clipboard-write; encrypted-media; gyroscope; picture-in-picture; web-share\" referrerpolicy=\"strict-origin-when-cross-origin\" allowfullscreen><\/iframe><\/div>\n<\/div><\/figure>\n","protected":false},"excerpt":{"rendered":"<p>De Porto Velho, Rond\u00f4nia, Amaz\u00f4nia brasileira, vamos embarcar numa hist\u00f3ria que completou 110 anos. Imagine uma obra na Amaz\u00f4nia que atraiu trabalhadores de mais de 40 nacionalidades. Que deixou oficialmente mais de 1500 mortos. E que deu lucro s\u00f3 nos dois primeiros anos de atividade. Vamos contar um pouco da hist\u00f3ria da lend\u00e1ria Estrada de&#8230;<a class=\"more-link\" href=\"http:\/\/blogdalucianaoliveira.com.br\/blog\/2022\/08\/25\/no-brasil-247-4\/\">Continue a leitura <span class=\"meta-nav\">&raquo;<\/span><\/a><\/p>\n","protected":false},"author":1,"featured_media":0,"comment_status":"closed","ping_status":"open","sticky":false,"template":"","format":"standard","meta":{"_exactmetrics_skip_tracking":false,"_exactmetrics_sitenote_active":false,"_exactmetrics_sitenote_note":"","_exactmetrics_sitenote_category":0,"jetpack_post_was_ever_published":false,"_jetpack_newsletter_access":"","_jetpack_dont_email_post_to_subs":false,"_jetpack_newsletter_tier_id":0,"_jetpack_memberships_contains_paywalled_content":false,"_jetpack_memberships_contains_paid_content":false,"footnotes":"","jetpack_publicize_message":"","jetpack_publicize_feature_enabled":true,"jetpack_social_post_already_shared":true,"jetpack_social_options":{"image_generator_settings":{"template":"highway","enabled":false},"version":2}},"categories":[1],"tags":[786,789,788,787,7],"class_list":["post-34105","post","type-post","status-publish","format-standard","hentry","category-notas","tag-efmm","tag-ferrovia-do-diabo","tag-madeira-mamore","tag-patrimonio-historico","tag-rondonia"],"jetpack_publicize_connections":[],"jetpack_sharing_enabled":true,"jetpack_featured_media_url":"","jetpack_shortlink":"https:\/\/wp.me\/p7wKYW-8S5","jetpack-related-posts":[],"_links":{"self":[{"href":"http:\/\/blogdalucianaoliveira.com.br\/blog\/wp-json\/wp\/v2\/posts\/34105","targetHints":{"allow":["GET"]}}],"collection":[{"href":"http:\/\/blogdalucianaoliveira.com.br\/blog\/wp-json\/wp\/v2\/posts"}],"about":[{"href":"http:\/\/blogdalucianaoliveira.com.br\/blog\/wp-json\/wp\/v2\/types\/post"}],"author":[{"embeddable":true,"href":"http:\/\/blogdalucianaoliveira.com.br\/blog\/wp-json\/wp\/v2\/users\/1"}],"replies":[{"embeddable":true,"href":"http:\/\/blogdalucianaoliveira.com.br\/blog\/wp-json\/wp\/v2\/comments?post=34105"}],"version-history":[{"count":1,"href":"http:\/\/blogdalucianaoliveira.com.br\/blog\/wp-json\/wp\/v2\/posts\/34105\/revisions"}],"predecessor-version":[{"id":34107,"href":"http:\/\/blogdalucianaoliveira.com.br\/blog\/wp-json\/wp\/v2\/posts\/34105\/revisions\/34107"}],"wp:attachment":[{"href":"http:\/\/blogdalucianaoliveira.com.br\/blog\/wp-json\/wp\/v2\/media?parent=34105"}],"wp:term":[{"taxonomy":"category","embeddable":true,"href":"http:\/\/blogdalucianaoliveira.com.br\/blog\/wp-json\/wp\/v2\/categories?post=34105"},{"taxonomy":"post_tag","embeddable":true,"href":"http:\/\/blogdalucianaoliveira.com.br\/blog\/wp-json\/wp\/v2\/tags?post=34105"}],"curies":[{"name":"wp","href":"https:\/\/api.w.org\/{rel}","templated":true}]}}