{"id":34109,"date":"2022-08-27T21:14:22","date_gmt":"2022-08-28T01:14:22","guid":{"rendered":"http:\/\/blogdalucianaoliveira.com.br\/blog\/?p=34109"},"modified":"2022-08-27T21:18:38","modified_gmt":"2022-08-28T01:18:38","slug":"convocacao-de-assembleia-geral-ordinaria-da-adunir","status":"publish","type":"post","link":"http:\/\/blogdalucianaoliveira.com.br\/blog\/2022\/08\/27\/convocacao-de-assembleia-geral-ordinaria-da-adunir\/","title":{"rendered":"CONVOCA\u00c7\u00c3O DE ASSEMBLEIA GERAL ORDIN\u00c1RIA DA ADUNIR"},"content":{"rendered":"\n<figure class=\"wp-block-image size-large\"><img loading=\"lazy\" decoding=\"async\" width=\"1280\" height=\"567\" data-attachment-id=\"34110\" data-permalink=\"http:\/\/blogdalucianaoliveira.com.br\/blog\/2022\/08\/27\/convocacao-de-assembleia-geral-ordinaria-da-adunir\/a30da3e1-5803-4449-ad69-c40742990a2f\/\" data-orig-file=\"https:\/\/i0.wp.com\/blogdalucianaoliveira.com.br\/blog\/wp-content\/uploads\/2022\/08\/A30DA3E1-5803-4449-AD69-C40742990A2F.jpeg?fit=1280%2C567\" data-orig-size=\"1280,567\" data-comments-opened=\"0\" data-image-meta=\"{&quot;aperture&quot;:&quot;0&quot;,&quot;credit&quot;:&quot;&quot;,&quot;camera&quot;:&quot;&quot;,&quot;caption&quot;:&quot;&quot;,&quot;created_timestamp&quot;:&quot;0&quot;,&quot;copyright&quot;:&quot;&quot;,&quot;focal_length&quot;:&quot;0&quot;,&quot;iso&quot;:&quot;0&quot;,&quot;shutter_speed&quot;:&quot;0&quot;,&quot;title&quot;:&quot;&quot;,&quot;orientation&quot;:&quot;0&quot;}\" data-image-title=\"A30DA3E1-5803-4449-AD69-C40742990A2F\" data-image-description=\"\" data-image-caption=\"\" data-medium-file=\"https:\/\/i0.wp.com\/blogdalucianaoliveira.com.br\/blog\/wp-content\/uploads\/2022\/08\/A30DA3E1-5803-4449-AD69-C40742990A2F.jpeg?fit=300%2C133\" data-large-file=\"https:\/\/i0.wp.com\/blogdalucianaoliveira.com.br\/blog\/wp-content\/uploads\/2022\/08\/A30DA3E1-5803-4449-AD69-C40742990A2F.jpeg?fit=600%2C266\" src=\"https:\/\/i2.wp.com\/blogdalucianaoliveira.com.br\/blog\/wp-content\/uploads\/2022\/08\/A30DA3E1-5803-4449-AD69-C40742990A2F.jpeg?fit=600%2C266\" alt=\"\" class=\"wp-image-34110\" srcset=\"https:\/\/i0.wp.com\/blogdalucianaoliveira.com.br\/blog\/wp-content\/uploads\/2022\/08\/A30DA3E1-5803-4449-AD69-C40742990A2F.jpeg?w=1280 1280w, https:\/\/i0.wp.com\/blogdalucianaoliveira.com.br\/blog\/wp-content\/uploads\/2022\/08\/A30DA3E1-5803-4449-AD69-C40742990A2F.jpeg?resize=300%2C133 300w, https:\/\/i0.wp.com\/blogdalucianaoliveira.com.br\/blog\/wp-content\/uploads\/2022\/08\/A30DA3E1-5803-4449-AD69-C40742990A2F.jpeg?resize=1024%2C454 1024w, https:\/\/i0.wp.com\/blogdalucianaoliveira.com.br\/blog\/wp-content\/uploads\/2022\/08\/A30DA3E1-5803-4449-AD69-C40742990A2F.jpeg?resize=768%2C340 768w, https:\/\/i0.wp.com\/blogdalucianaoliveira.com.br\/blog\/wp-content\/uploads\/2022\/08\/A30DA3E1-5803-4449-AD69-C40742990A2F.jpeg?resize=677%2C300 677w, https:\/\/i0.wp.com\/blogdalucianaoliveira.com.br\/blog\/wp-content\/uploads\/2022\/08\/A30DA3E1-5803-4449-AD69-C40742990A2F.jpeg?w=1200 1200w\" sizes=\"auto, (max-width: 600px) 100vw, 600px\" \/><\/figure>\n\n\n\n<p> A Associa\u00e7\u00e3o dos Docentes da Universidade Federal de Rond\u00f4nia \u2013 ADUNIR-SSIND &#8211; Se\u00e7\u00e3o Sindical do ANDES-SN, convoca os docentes associados e convida a todos os docentes interessados na pauta abaixo, para uma Assembleia Geral no dia <em>29 de agosto de 2022 (segunda-feira) \u00e0s 16h (primeira chamada) e 16h30min (segunda chamada)<\/em>.<\/p>\n\n\n\n<!--more-->\n\n\n\n<p>A Assembleia Geral ser\u00e1 realizada de forma mista:<\/p>\n\n\n\n<p>Presencial,  no audit\u00f3rio da UNIR-Centro e on-line, pelo Google Meet no seguinte Link:  <\/p>\n\n\n\n<p><a href=\"http:\/\/meet.google.com\/qfj-jaju-hkn\">http:\/\/meet.google.com\/qfj-jaju-hkn<\/a><\/p>\n\n\n\n<p><br> PAUTA: <br> 1-Informes gerais;<br> 2-Presta\u00e7\u00e3o de Contas; <br> 3- Altera\u00e7\u00e3o do nome da se\u00e7\u00e3o sindical na Receita Federal; <br> 4- Escolha da Comiss\u00e3o eleitoral para as elei\u00e7\u00f5es da Diretoria da ADUNIR;<br> 5- Progress\u00f5es Funcionais;<br> 6- Escolha de delegado para o 14\u00ba CONAD extraordin\u00e1rio.<\/p>\n\n\n\n<p>Diretoria Interina da ADUNIR<\/p>\n","protected":false},"excerpt":{"rendered":"<p>A Associa\u00e7\u00e3o dos Docentes da Universidade Federal de Rond\u00f4nia \u2013 ADUNIR-SSIND &#8211; Se\u00e7\u00e3o Sindical do ANDES-SN, convoca os docentes associados e convida a todos os docentes interessados na pauta abaixo, para uma Assembleia Geral no dia 29 de agosto de 2022 (segunda-feira) \u00e0s 16h (primeira chamada) e 16h30min (segunda chamada).<\/p>\n","protected":false},"author":1,"featured_media":0,"comment_status":"closed","ping_status":"open","sticky":false,"template":"","format":"standard","meta":{"_exactmetrics_skip_tracking":false,"_exactmetrics_sitenote_active":false,"_exactmetrics_sitenote_note":"","_exactmetrics_sitenote_category":0,"jetpack_post_was_ever_published":false,"_jetpack_newsletter_access":"","_jetpack_dont_email_post_to_subs":false,"_jetpack_newsletter_tier_id":0,"_jetpack_memberships_contains_paywalled_content":false,"_jetpack_memberships_contains_paid_content":false,"footnotes":"","jetpack_publicize_message":"","jetpack_publicize_feature_enabled":true,"jetpack_social_post_already_shared":true,"jetpack_social_options":{"image_generator_settings":{"template":"highway","enabled":false},"version":2}},"categories":[1],"tags":[790,791,244],"class_list":["post-34109","post","type-post","status-publish","format-standard","hentry","category-notas","tag-adunir","tag-convocacao","tag-unir"],"jetpack_publicize_connections":[],"jetpack_sharing_enabled":true,"jetpack_featured_media_url":"","jetpack_shortlink":"https:\/\/wp.me\/p7wKYW-8S9","jetpack-related-posts":[],"_links":{"self":[{"href":"http:\/\/blogdalucianaoliveira.com.br\/blog\/wp-json\/wp\/v2\/posts\/34109","targetHints":{"allow":["GET"]}}],"collection":[{"href":"http:\/\/blogdalucianaoliveira.com.br\/blog\/wp-json\/wp\/v2\/posts"}],"about":[{"href":"http:\/\/blogdalucianaoliveira.com.br\/blog\/wp-json\/wp\/v2\/types\/post"}],"author":[{"embeddable":true,"href":"http:\/\/blogdalucianaoliveira.com.br\/blog\/wp-json\/wp\/v2\/users\/1"}],"replies":[{"embeddable":true,"href":"http:\/\/blogdalucianaoliveira.com.br\/blog\/wp-json\/wp\/v2\/comments?post=34109"}],"version-history":[{"count":2,"href":"http:\/\/blogdalucianaoliveira.com.br\/blog\/wp-json\/wp\/v2\/posts\/34109\/revisions"}],"predecessor-version":[{"id":34112,"href":"http:\/\/blogdalucianaoliveira.com.br\/blog\/wp-json\/wp\/v2\/posts\/34109\/revisions\/34112"}],"wp:attachment":[{"href":"http:\/\/blogdalucianaoliveira.com.br\/blog\/wp-json\/wp\/v2\/media?parent=34109"}],"wp:term":[{"taxonomy":"category","embeddable":true,"href":"http:\/\/blogdalucianaoliveira.com.br\/blog\/wp-json\/wp\/v2\/categories?post=34109"},{"taxonomy":"post_tag","embeddable":true,"href":"http:\/\/blogdalucianaoliveira.com.br\/blog\/wp-json\/wp\/v2\/tags?post=34109"}],"curies":[{"name":"wp","href":"https:\/\/api.w.org\/{rel}","templated":true}]}}