{"id":34116,"date":"2022-08-31T12:23:22","date_gmt":"2022-08-31T16:23:22","guid":{"rendered":"http:\/\/blogdalucianaoliveira.com.br\/blog\/?p=34116"},"modified":"2022-08-31T12:23:25","modified_gmt":"2022-08-31T16:23:25","slug":"publicacao-faz-raio-x-do-desastre-socioambiental-da-politica-bolsonarista-na-amazonia","status":"publish","type":"post","link":"http:\/\/blogdalucianaoliveira.com.br\/blog\/2022\/08\/31\/publicacao-faz-raio-x-do-desastre-socioambiental-da-politica-bolsonarista-na-amazonia\/","title":{"rendered":"Publica\u00e7\u00e3o faz raio-x do desastre socioambiental da pol\u00edtica bolsonarista na Amaz\u00f4nia"},"content":{"rendered":"\n<figure class=\"wp-block-image size-large\"><img data-recalc-dims=\"1\" loading=\"lazy\" decoding=\"async\" width=\"600\" height=\"407\" data-attachment-id=\"34117\" data-permalink=\"http:\/\/blogdalucianaoliveira.com.br\/blog\/2022\/08\/31\/publicacao-faz-raio-x-do-desastre-socioambiental-da-politica-bolsonarista-na-amazonia\/files-brazil-amazon-deforestation\/\" data-orig-file=\"https:\/\/i0.wp.com\/blogdalucianaoliveira.com.br\/blog\/wp-content\/uploads\/2022\/08\/2B0DC332-0CBE-492A-8D69-3A98B95C4A47.jpeg?fit=800%2C542\" data-orig-size=\"800,542\" data-comments-opened=\"0\" data-image-meta=\"{&quot;aperture&quot;:&quot;0&quot;,&quot;credit&quot;:&quot;AFP&quot;,&quot;camera&quot;:&quot;&quot;,&quot;caption&quot;:&quot;(FILES) In this file photo taken on August 15, 2020 smoke rises from an illegally lit fire in Amazon rainforest reserve, south of Novo Progresso, Para state, Brazil. - Brazil will not be able to accomplish the goal of reducing deforestation in the Amazon in a 10% in the period between August, 2020 and July, 2021, admitted on August 2, 2021 Brazilian Vice-President Hamilton Mourao, chief of the National Council of Legal Amazon (CNML). (Photo by CARL DE SOUZA \\\/ AFP)&quot;,&quot;created_timestamp&quot;:&quot;1597511129&quot;,&quot;copyright&quot;:&quot;AFP or licensors&quot;,&quot;focal_length&quot;:&quot;0&quot;,&quot;iso&quot;:&quot;0&quot;,&quot;shutter_speed&quot;:&quot;0&quot;,&quot;title&quot;:&quot;FILES-BRAZIL-AMAZON-DEFORESTATION&quot;,&quot;orientation&quot;:&quot;0&quot;}\" data-image-title=\"FILES-BRAZIL-AMAZON-DEFORESTATION\" data-image-description=\"\" data-image-caption=\"&lt;p&gt;(FILES) In this file photo taken on August 15, 2020 smoke rises from an illegally lit fire in Amazon rainforest reserve, south of Novo Progresso, Para state, Brazil. &amp;#8211; Brazil will not be able to accomplish the goal of reducing deforestation in the Amazon in a 10% in the period between August, 2020 and July, 2021, admitted on August 2, 2021 Brazilian Vice-President Hamilton Mourao, chief of the National Council of Legal Amazon (CNML). (Photo by CARL DE SOUZA \/ AFP)&lt;\/p&gt;\n\" data-medium-file=\"https:\/\/i0.wp.com\/blogdalucianaoliveira.com.br\/blog\/wp-content\/uploads\/2022\/08\/2B0DC332-0CBE-492A-8D69-3A98B95C4A47.jpeg?fit=300%2C203\" data-large-file=\"https:\/\/i0.wp.com\/blogdalucianaoliveira.com.br\/blog\/wp-content\/uploads\/2022\/08\/2B0DC332-0CBE-492A-8D69-3A98B95C4A47.jpeg?fit=600%2C407\" src=\"https:\/\/i0.wp.com\/blogdalucianaoliveira.com.br\/blog\/wp-content\/uploads\/2022\/08\/2B0DC332-0CBE-492A-8D69-3A98B95C4A47.jpeg?resize=600%2C407\" alt=\"\" class=\"wp-image-34117\" srcset=\"https:\/\/i0.wp.com\/blogdalucianaoliveira.com.br\/blog\/wp-content\/uploads\/2022\/08\/2B0DC332-0CBE-492A-8D69-3A98B95C4A47.jpeg?w=800 800w, https:\/\/i0.wp.com\/blogdalucianaoliveira.com.br\/blog\/wp-content\/uploads\/2022\/08\/2B0DC332-0CBE-492A-8D69-3A98B95C4A47.jpeg?resize=300%2C203 300w, https:\/\/i0.wp.com\/blogdalucianaoliveira.com.br\/blog\/wp-content\/uploads\/2022\/08\/2B0DC332-0CBE-492A-8D69-3A98B95C4A47.jpeg?resize=768%2C520 768w, https:\/\/i0.wp.com\/blogdalucianaoliveira.com.br\/blog\/wp-content\/uploads\/2022\/08\/2B0DC332-0CBE-492A-8D69-3A98B95C4A47.jpeg?resize=443%2C300 443w\" sizes=\"auto, (max-width: 600px) 100vw, 600px\" \/><\/figure>\n\n\n\n<h4 class=\"wp-block-heading\">O monitor Sinal de Fuma\u00e7a mostra o papel de parlamentares nesse cen\u00e1rio e levanta desafios para depois das elei\u00e7\u00f5es<\/h4>\n\n\n\n<!--more-->\n\n\n\n<p>Gabriela Moncau &#8211; Brasil de Fato | S\u00e3o Paulo (SP)<\/p>\n\n\n\n<p>Faltando pouco para as elei\u00e7\u00f5es de outubro, o monitor&nbsp;<a href=\"https:\/\/www.sinaldefumaca.com\/\" target=\"_blank\" rel=\"noreferrer noopener\">Sinal de Fuma\u00e7a<\/a>&nbsp;lan\u00e7a o&nbsp;<a href=\"https:\/\/www.sinaldefumaca.com\/especiais\/guia-amazonia-legal-e-o-futuro-do-brasil-um-raio-x-dos-9-estados-da-regiao-entre-2018-2022\/\" target=\"_blank\" rel=\"noreferrer noopener\"><em>Guia Amaz\u00f4nia Legal e o Futuro do Brasil &#8211; Um raio X dos 9 estados da regi\u00e3o entre 2018-2022<\/em><\/a>. A publica\u00e7\u00e3o de 172 p\u00e1ginas detalha, por meio de dados, gr\u00e1ficos e entrevistas, n\u00e3o s\u00f3 como a pol\u00edtica bolsonarista de uso da terra est\u00e1 na raiz da&nbsp;<a href=\"https:\/\/www.brasildefato.com.br\/2022\/08\/24\/amazonia-tem-novo-recorde-diario-de-queimadas-superando-o-dia-do-fogo\" target=\"_blank\" rel=\"noreferrer noopener\">explos\u00e3o da viol\u00eancia e devasta\u00e7\u00e3o na regi\u00e3o<\/a>. Mas tamb\u00e9m a forma como ela se materializa nesses quase quatro anos de governo: por meio de bases de apoio civis, parlamentares e de governos estaduais, conchavos pol\u00edticos, propostas legislativas e not\u00edcias mentirosas.<\/p>\n\n\n\n<p>S\u00e3o nove os estados brasileiros que comp\u00f5em a chamada Amaz\u00f4nia Legal, onde vivem cerca de 30 milh\u00f5es de pessoas: Acre, Amap\u00e1, Amazonas, Mato Grosso, Par\u00e1, Rond\u00f4nia, Roraima, Tocantins e parte do Maranh\u00e3o. Est\u00e3o a\u00ed 10 das 30 cidades mais violentas do pa\u00eds, segundo o F\u00f3rum Brasileiro de Seguran\u00e7a P\u00fablica (FBSP).<\/p>\n\n\n\n<p>Entre 2020 e 2021, o desmatamento nessa \u00e1rea \u2013 que corresponde a 58,9% do territ\u00f3rio brasileiro \u2013 cresceu 21,97%. E no primeiro semestre de 2022, houve na regi\u00e3o a maior devasta\u00e7\u00e3o vista nos \u00faltimos 15 anos: em apenas 151 dias, foi desmatada uma \u00e1rea equivalente a dois mil campos de futebol.<\/p>\n\n\n\n<p>::&nbsp;<strong><a href=\"https:\/\/www.brasildefato.com.br\/2022\/05\/22\/o-que-nao-indigenas-deveriam-aprender-com-os-povos-originarios-para-impedir-a-queda-do-ceu\">O que n\u00e3o ind\u00edgenas deveriam aprender com os povos origin\u00e1rios para impedir a queda do c\u00e9u?<\/a><\/strong>&nbsp;::<\/p>\n\n\n\n<p>Dos representantes destes estados amaz\u00f4nicos no Congresso Nacional, 74% dos senadores e 56% dos deputados federais integram a Bancada Ruralista. O Sinal de Fuma\u00e7a listou, estado por estado, como os parlamentares votaram em quatro projetos chave do chamado &#8220;Pacote da destrui\u00e7\u00e3o de Bolsonaro&#8221;.<\/p>\n\n\n\n<p>Seus apelidos explicitam o que pretendem. S\u00e3o o &#8220;PL da Grilagem&#8221; (2633\/2020), que pode regulamentar o roubo de 19,6 milh\u00f5es de hectares de terras p\u00fablicas; o &#8220;PL do licenciamento ambiental&#8221; (3729\/2004), que flexibiliza a autoriza\u00e7\u00e3o de obras que impactam comunidades tradicionais; o &#8220;PL do marco temporal&#8221; (490\/2007), que afeta a demarca\u00e7\u00e3o de terras ind\u00edgenas; e o &#8220;PL da minera\u00e7\u00e3o&#8221; (191\/2020), que prev\u00ea a explora\u00e7\u00e3o de min\u00e9rio, hidrel\u00e9tricas e atividades similares dentro de territ\u00f3rios ind\u00edgenas.<\/p>\n\n\n\n<p>Acompanhando Bolsonaro (PL), 66% dos deputados da Amaz\u00f4nia Legal votaram a favor do &#8220;pacote da destrui\u00e7\u00e3o&#8221;. Todos os projetos est\u00e3o tramitando e seguir\u00e3o na mesa ap\u00f3s as elei\u00e7\u00f5es.<\/p>\n\n\n\n<figure class=\"wp-block-image\"><img data-recalc-dims=\"1\" decoding=\"async\" src=\"https:\/\/i0.wp.com\/images03.brasildefato.com.br\/4771727c8fd5bb60b7093ce28d395f1d.jpeg?w=600&#038;ssl=1\" alt=\"\"\/><\/figure>\n\n\n\n<p><br>A maioria dos representantes dos nove estados da Amaz\u00f4nia Legal no Legislativo est\u00e3o a servi\u00e7o do interesse de ruralistas \/ Sinal de Fuma\u00e7a<\/p>\n\n\n\n<p>Jornalista e ativista de direitos humanos, Rebeca Lerer \u00e9 criadora do Sinal de Fuma\u00e7a, uma plataforma bil\u00edngue lan\u00e7ada em 2020 que sistematiza semanalmente os principais acontecimentos relacionados \u00e0 crise socioambiental do pa\u00eds.<\/p>\n\n\n\n<p>No lan\u00e7amento do Guia, realizado na \u00faltima ter\u00e7a-feira (30), Lerer se op\u00f4s ao discurso de que o presidente trabalha pouco. &#8220;O que eles [governos e parlamentares] conseguiram fazer, embora os PLs n\u00e3o tenham virado lei ainda, apenas com a tramita\u00e7\u00e3o e leis estaduais, foi alterar&nbsp;a gest\u00e3o da terra no Brasil. Principalmente na Amaz\u00f4nia Legal, que \u00e9 uma das principais expans\u00f5es da fronteira agropecu\u00e1ria e mineral do mundo&#8221;, aponta Lerer.<\/p>\n\n\n\n<p>&#8220;Essa explos\u00e3o de desmatamento e grilagem garante um novo ciclo de expans\u00e3o de mercado de&nbsp;<em>commodities<\/em>&nbsp;para os pr\u00f3ximos anos. Foi uma das principais pol\u00edticas de &#8216;desenvolvimento&#8217;&nbsp;propostas e executadas pelo governo Bolsonaro. Isso tem que ser colocado de forma mais consistente do que \u00e9 hoje&#8221;, opina Rebeca. &#8220;Porque alguns falam como se ele n\u00e3o tivesse conseguido realizar nada. Ele foi bastante eficiente na minha opini\u00e3o&#8221;, completa.<\/p>\n\n\n\n<p>&#8220;Com a caneta, querem matar nosso povo&#8221;&nbsp;<\/p>\n\n\n\n<p>O evento de lan\u00e7amento do guia do Sinal de Fuma\u00e7a trouxe um representante de cada estado da Amaz\u00f4nia Legal. Tarisson Nawa falou da situa\u00e7\u00e3o do Acre e, principalmente, a do seu povo, que vive na Terra Ind\u00edgena (TI) Nawa, no Parque Nacional Serra do Divisor, quase na fronteira com o Peru.<\/p>\n\n\n\n<p>::&nbsp;<a href=\"https:\/\/www.brasildefato.com.br\/2022\/02\/14\/a-autodemarcacao-do-povo-nawa-conheca-o-trajeto-feito-pelo-grupo-atraves-dos-rios-da-amazonia\" target=\"_blank\" rel=\"noreferrer noopener\"><strong>A autodemarca\u00e7\u00e3o do povo Nawa: conhe\u00e7a o trajeto feito pelo grupo atrav\u00e9s dos rios da Amaz\u00f4nia<\/strong><\/a>&nbsp;::<\/p>\n\n\n\n<p>&#8220;Tivemos o per\u00edodo das invas\u00f5es, da captura dos nossos parentes e a destrui\u00e7\u00e3o da forma como nos organiz\u00e1vamos social e politicamente. Isso fez com que nos &#8216;integr\u00e1ssemos&#8217;&nbsp;\u2013 numa palavra horr\u00edvel e rid\u00edcula \u2013 com o resto da sociedade&#8221;, Tarisson faz um retrospecto. &#8220;Depois, nossas terras foram usurpadas pelo processo da borracha&#8221;.<\/p>\n\n\n\n<p>&#8220;Nos \u00faltimos quatro anos, a gente tem visto mecanismos que nos atacam pela caneta. Numa canetada, produzem leis ou projetos que impactam diretamente os territ\u00f3rios ind\u00edgenas. Outra forma de matar nosso povo&#8221;, avalia o ind\u00edgena Nawa, que \u00e9 tamb\u00e9m jornalista e mestrando em antropologia.<\/p>\n\n\n\n<figure class=\"wp-block-image\"><img data-recalc-dims=\"1\" decoding=\"async\" src=\"https:\/\/i0.wp.com\/images02.brasildefato.com.br\/44b7e8f9c5851e167b5ba75a1e247c8d.jpeg?w=600&#038;ssl=1\" alt=\"\"\/><\/figure>\n\n\n\n<p><br>Dados do Imazon evidenciam o crescente desmatamento na Amaz\u00f4nia ao longo da gest\u00e3o Bolsonaro, atingido seu \u00e1pice em 2022 \/ Sinal de Fuma\u00e7a<\/p>\n\n\n\n<p>A principal amea\u00e7a agora \u00e9 a da constru\u00e7\u00e3o da Estrada do Pac\u00edfico, que pretende ligar as cidades de Cruzeiro do Sul (AC) e Pucallpa (Peru), atravessando pelo meio do Parque Nacional da Serra do Divisor, e afetando diretamente as comunidades ind\u00edgenas Nawa e Nukini.<\/p>\n\n\n\n<p>&#8220;O Estado diz que protege. N\u00f3s vemos de outra forma. N\u00f3s cuidamos da natureza e, assim, ela cuida da gente. \u00c9 uma via de m\u00e3o dupla. E nossos povos t\u00eam se unido para fortalecer a luta pelo territ\u00f3rio&#8221;, afirma Tarisson.<\/p>\n\n\n\n<p>&#8220;Vivemos uma guerra: n\u00e3o h\u00e1 outro nome&#8221;&nbsp;<\/p>\n\n\n\n<p>Ao citar o caso do Quilombo do Amb\u00e9, Gil Reis, do Instituto Mapinguari, ilustra a literal perda de espa\u00e7o das comunidades tradicionais no Amap\u00e1. O maior quilombo demarcado do estado est\u00e1 sendo invadido pelo cultivo de soja transg\u00eanica. &#8220;A cada m\u00eas, a planta\u00e7\u00e3o cresce um metro a mais para dentro do quilombo&#8221;, conta.<\/p>\n\n\n\n<p>&#8220;Nesses quatro anos o que percebemos aqui no Amap\u00e1 \u00e9, principalmente, a invas\u00e3o da soja e o aparelhamento das m\u00eddias. Hoje \u00e9 muito dif\u00edcil um apresentador de de TV ou r\u00e1dio que n\u00e3o esteja alinhado com o bolsonarismo&#8221;, descreve Reis.<\/p>\n\n\n\n<p>Advogado popular em S\u00e3o Lu\u00eds (MA), Diogo Cabral foi categ\u00f3rico: &#8220;o&nbsp;Maranh\u00e3o vive uma guerra. N\u00e3o h\u00e1 outro nome para informar o que se passa por aqui. Basta substituir tanques por tratores, avi\u00f5es militares por avi\u00f5es de pulveriza\u00e7\u00e3o de veneno, soldados por jagun\u00e7os, generais por donos do agroneg\u00f3cio&#8221;.<\/p>\n\n\n\n<figure class=\"wp-block-image\"><img data-recalc-dims=\"1\" decoding=\"async\" src=\"https:\/\/i0.wp.com\/images01.brasildefato.com.br\/ade5c558e87e47a64de16b8e4efd53b1.jpeg?w=600&#038;ssl=1\" alt=\"\"\/><\/figure>\n\n\n\n<p><br>N\u00fameros do Anu\u00e1rio Brasileiro de Seguran\u00e7a P\u00fablica mostram a viol\u00eancia na Amaz\u00f4nia entre 2019 e 2022 \/ Sinal de Fuma\u00e7a<\/p>\n\n\n\n<p>&#8220;S\u00f3 entre 2021 e 2022 foram assassinadas 10 pessoas no Maranh\u00e3o, sendo oito quilombolas. O Maranh\u00e3o teve, nos \u00faltimos 15 anos, t\u00e3o somente 12 territ\u00f3rios quilombolas titulados pelo Incra e pelo Instituto de Terras Estadual&#8221;, descreve Cabral.<\/p>\n\n\n\n<p>&#8220;Vivemos uma migra\u00e7\u00e3o do campo para a cidade por conta dos grandes projetos. E dos 42 deputados estaduais, temos dois que n\u00e3o s\u00e3o da Bancada Ruralista&#8221;, contextualiza.<\/p>\n\n\n\n<p>O futuro pr\u00f3ximo<\/p>\n\n\n\n<p>Eliane Xunakalo, do povo Bakairi, descreve que, apesar de viverem em 62 dos 141 munic\u00edpios do Mato Grosso, os povos ind\u00edgenas do estado s\u00e3o vistos pelo resto da sociedade como &#8220;seres estranhos&#8221;. &#8220;E a gente est\u00e1 aqui desde sempre, n\u00e9?&#8221;<\/p>\n\n\n\n<p>&#8220;Quando a gente fala de defender o meio ambiente, sofremos repres\u00e1lia por sermos vistos como um atraso ao desenvolvimento. Mas que desenvolvimento \u00e9 esse? No qual a gente n\u00e3o vai ter futuro?&#8221;, questiona Xunakalo.<\/p>\n\n\n\n<p>E as quest\u00f5es sobre o futuro, inclusive esse bem pr\u00f3ximo que se avizinha, s\u00e3o tamb\u00e9m pontos que a publica\u00e7\u00e3o do Sinal de Fuma\u00e7a se prop\u00f5e a levantar, para al\u00e9m de documentar a cat\u00e1strofe dos \u00faltimos quatro anos.<\/p>\n\n\n\n<p>::<strong>&nbsp;<a href=\"https:\/\/www.brasildefato.com.br\/2022\/08\/26\/agropecuaria-avancou-sobre-um-terco-da-vegetacao-nativa-nos-ultimos-37-anos-aponta-mapbiomas\">Agropecu\u00e1ria avan\u00e7ou sobre um ter\u00e7o da vegeta\u00e7\u00e3o nativa nos \u00faltimos 37 anos, aponta Mapbiomas<\/a>&nbsp;<\/strong>::<\/p>\n\n\n\n<p>&#8220;Precisamos pensar o que est\u00e1 em jogo. Mesmo que haja uma mudan\u00e7a de governo, o Congresso vai herdar o pacote da destrui\u00e7\u00e3o ainda em tramita\u00e7\u00e3o, e outras leis e obras que est\u00e3o em andamento&#8221;, salienta Rebeca Lerer.&nbsp;&#8220;Isso precisa estar no radar da sociedade civil.&#8221;<\/p>\n\n\n\n<p>Ciro Campos, do Instituto Socioambiental (ISA), deu um exemplo. &#8220;A maior hidrel\u00e9trica dos planos governamentais est\u00e1 projetada para Roraima. Nosso maior rio est\u00e1 sob grande amea\u00e7a.&#8221; Ele se refere \u00e0 Usina Hidrel\u00e9trica Bem Querer, planejada para barrar o rio Branco.<\/p>\n\n\n\n<p>De acordo com o guia do Sinal de Fuma\u00e7a, &#8220;apesar das amea\u00e7as e viol\u00eancias, as estrat\u00e9gias de mobiliza\u00e7\u00e3o p\u00fablica, de articula\u00e7\u00e3o com a oposi\u00e7\u00e3o parlamentar e de a\u00e7\u00f5es no judici\u00e1rio reduziram os danos e atrasaram os planos legislativos da alian\u00e7a entre a maioria ruralista no Congresso e o governo Bolsonaro&#8221;. Segundo a publica\u00e7\u00e3o, &#8220;os movimentos ind\u00edgenas, sociais e de luta pela terra t\u00eam sido a linha de frente na resist\u00eancia contra o fascismo na Amaz\u00f4nia&#8221;.<\/p>\n\n\n\n<p>Edi\u00e7\u00e3o: Nicolau Soares<\/p>\n","protected":false},"excerpt":{"rendered":"<p>O monitor Sinal de Fuma\u00e7a mostra o papel de parlamentares nesse cen\u00e1rio e levanta desafios para depois das elei\u00e7\u00f5es<\/p>\n","protected":false},"author":1,"featured_media":0,"comment_status":"closed","ping_status":"open","sticky":false,"template":"","format":"standard","meta":{"_exactmetrics_skip_tracking":false,"_exactmetrics_sitenote_active":false,"_exactmetrics_sitenote_note":"","_exactmetrics_sitenote_category":0,"jetpack_post_was_ever_published":false,"_jetpack_newsletter_access":"","_jetpack_dont_email_post_to_subs":false,"_jetpack_newsletter_tier_id":0,"_jetpack_memberships_contains_paywalled_content":false,"_jetpack_memberships_contains_paid_content":false,"footnotes":"","jetpack_publicize_message":"","jetpack_publicize_feature_enabled":true,"jetpack_social_post_already_shared":true,"jetpack_social_options":{"image_generator_settings":{"template":"highway","enabled":false},"version":2}},"categories":[1],"tags":[252,580,605,295],"class_list":["post-34116","post","type-post","status-publish","format-standard","hentry","category-notas","tag-amazonia","tag-destruicao","tag-fumaca","tag-queimadas"],"jetpack_publicize_connections":[],"jetpack_sharing_enabled":true,"jetpack_featured_media_url":"","jetpack_shortlink":"https:\/\/wp.me\/p7wKYW-8Sg","jetpack-related-posts":[],"_links":{"self":[{"href":"http:\/\/blogdalucianaoliveira.com.br\/blog\/wp-json\/wp\/v2\/posts\/34116","targetHints":{"allow":["GET"]}}],"collection":[{"href":"http:\/\/blogdalucianaoliveira.com.br\/blog\/wp-json\/wp\/v2\/posts"}],"about":[{"href":"http:\/\/blogdalucianaoliveira.com.br\/blog\/wp-json\/wp\/v2\/types\/post"}],"author":[{"embeddable":true,"href":"http:\/\/blogdalucianaoliveira.com.br\/blog\/wp-json\/wp\/v2\/users\/1"}],"replies":[{"embeddable":true,"href":"http:\/\/blogdalucianaoliveira.com.br\/blog\/wp-json\/wp\/v2\/comments?post=34116"}],"version-history":[{"count":1,"href":"http:\/\/blogdalucianaoliveira.com.br\/blog\/wp-json\/wp\/v2\/posts\/34116\/revisions"}],"predecessor-version":[{"id":34118,"href":"http:\/\/blogdalucianaoliveira.com.br\/blog\/wp-json\/wp\/v2\/posts\/34116\/revisions\/34118"}],"wp:attachment":[{"href":"http:\/\/blogdalucianaoliveira.com.br\/blog\/wp-json\/wp\/v2\/media?parent=34116"}],"wp:term":[{"taxonomy":"category","embeddable":true,"href":"http:\/\/blogdalucianaoliveira.com.br\/blog\/wp-json\/wp\/v2\/categories?post=34116"},{"taxonomy":"post_tag","embeddable":true,"href":"http:\/\/blogdalucianaoliveira.com.br\/blog\/wp-json\/wp\/v2\/tags?post=34116"}],"curies":[{"name":"wp","href":"https:\/\/api.w.org\/{rel}","templated":true}]}}