{"id":34119,"date":"2022-08-31T12:30:49","date_gmt":"2022-08-31T16:30:49","guid":{"rendered":"http:\/\/blogdalucianaoliveira.com.br\/blog\/?p=34119"},"modified":"2022-08-31T12:30:55","modified_gmt":"2022-08-31T16:30:55","slug":"politicos-que-fraudarem-a-autodeclaracao-podem-ter-candidatura-impugnada-segundo-tse","status":"publish","type":"post","link":"http:\/\/blogdalucianaoliveira.com.br\/blog\/2022\/08\/31\/politicos-que-fraudarem-a-autodeclaracao-podem-ter-candidatura-impugnada-segundo-tse\/","title":{"rendered":"Pol\u00edticos que fraudarem a autodeclara\u00e7\u00e3o podem ter candidatura impugnada, segundo TSE"},"content":{"rendered":"\n<figure class=\"wp-block-image size-large\"><img data-recalc-dims=\"1\" loading=\"lazy\" decoding=\"async\" width=\"299\" height=\"174\" data-attachment-id=\"34120\" data-permalink=\"http:\/\/blogdalucianaoliveira.com.br\/blog\/2022\/08\/31\/politicos-que-fraudarem-a-autodeclaracao-podem-ter-candidatura-impugnada-segundo-tse\/d99dc0d3-92b4-4cee-b4da-bf97a40ceb8a\/\" data-orig-file=\"https:\/\/i0.wp.com\/blogdalucianaoliveira.com.br\/blog\/wp-content\/uploads\/2022\/08\/D99DC0D3-92B4-4CEE-B4DA-BF97A40CEB8A.jpeg?fit=299%2C174\" data-orig-size=\"299,174\" data-comments-opened=\"0\" data-image-meta=\"{&quot;aperture&quot;:&quot;0&quot;,&quot;credit&quot;:&quot;&quot;,&quot;camera&quot;:&quot;&quot;,&quot;caption&quot;:&quot;&quot;,&quot;created_timestamp&quot;:&quot;0&quot;,&quot;copyright&quot;:&quot;&quot;,&quot;focal_length&quot;:&quot;0&quot;,&quot;iso&quot;:&quot;0&quot;,&quot;shutter_speed&quot;:&quot;0&quot;,&quot;title&quot;:&quot;&quot;,&quot;orientation&quot;:&quot;0&quot;}\" data-image-title=\"D99DC0D3-92B4-4CEE-B4DA-BF97A40CEB8A\" data-image-description=\"\" data-image-caption=\"\" data-medium-file=\"https:\/\/i0.wp.com\/blogdalucianaoliveira.com.br\/blog\/wp-content\/uploads\/2022\/08\/D99DC0D3-92B4-4CEE-B4DA-BF97A40CEB8A.jpeg?fit=299%2C174\" data-large-file=\"https:\/\/i0.wp.com\/blogdalucianaoliveira.com.br\/blog\/wp-content\/uploads\/2022\/08\/D99DC0D3-92B4-4CEE-B4DA-BF97A40CEB8A.jpeg?fit=299%2C174\" src=\"https:\/\/i0.wp.com\/blogdalucianaoliveira.com.br\/blog\/wp-content\/uploads\/2022\/08\/D99DC0D3-92B4-4CEE-B4DA-BF97A40CEB8A.jpeg?resize=299%2C174\" alt=\"\" class=\"wp-image-34120\"\/><\/figure>\n\n\n\n<p>No Portal Terra &#8211; Pol\u00edticos mudam autodeclara\u00e7\u00e3o para pardos e levantam a discuss\u00e3o sobre oportunismo eleitoral; sociedade civil pode pedir impugna\u00e7\u00e3o das candidaturas<\/p>\n\n\n\n<!--more-->\n\n\n\n<p>Partidos pol\u00edticos, federa\u00e7\u00f5es, Minist\u00e9rio P\u00fablico, entre outras entidades, podem pedir a impugna\u00e7\u00e3o da candidatura de pol\u00edticos brancos que tenham sinalizado a autodeclara\u00e7\u00e3o de pretos ou pardos para burlar o sistema de cotas de recursos para candidaturas negras para as elei\u00e7\u00f5es de 2022. A afirma\u00e7\u00e3o \u00e9 do Tribunal Superior Eleitoral (TSE).<\/p>\n\n\n\n<p>O TSE n\u00e3o tem uma comiss\u00e3o de heteroidentifica\u00e7\u00e3o, como tem algumas universidades p\u00fablicas no Brasil, para checar poss\u00edveis fraudadores da pol\u00edtica afirmativa. Para o \u00f3rg\u00e3o, o princ\u00edpio v\u00e1lido \u00e9 o da autodeclara\u00e7\u00e3o.<\/p>\n\n\n\n<p>Najara Costa, pesquisadora e autora do livro &#8220;Quem \u00e9 Negra\/o no Brasil?&#8221;, ressalta a import\u00e2ncia da autodeclara\u00e7\u00e3o e destaca a necessidade de garantia da pol\u00edtica p\u00fablica no pa\u00eds.&nbsp;<\/p>\n\n\n\n<p>&#8220;As pessoas se autodeclaram e isso deve ser considerado. Para fins de uma pol\u00edtica p\u00fablica ou afirmativa, \u00e9 importante que se tenha uma heterodeclara\u00e7\u00e3o, para que se tenha monitoramento e avalia\u00e7\u00e3o da pol\u00edtica p\u00fablica. Se a gente tem pessoas brancas e que n\u00e3o fazem jus \u00e0 pol\u00edtica afirmativa, n\u00e3o h\u00e1 sentido e nem mudan\u00e7as&#8221;.<\/p>\n\n\n\n<figure><iframe loading=\"lazy\" src=\"https:\/\/d-20382725612709057545.ampproject.net\/2208121708000\/frame.html\" width=\"300\" height=\"1\"><\/iframe><\/figure>\n\n\n\n<p>O Estad\u00e3o noticiou que os deputados federais Professor Israel (PSB-DF), Heitor Freire (Uni\u00e3o-CE) e Lu\u00eds Miranda (Republicanos-DF) alteraram a autodeclara\u00e7\u00e3o de cor de branco, em 2018, para pardo, em 2022. Questionados sobre as mudan\u00e7as, Professor Israel e Heitor Freire n\u00e3o responderam a reportagem.<\/p>\n\n\n\n<p>A assessoria de Lu\u00eds Miranda enviou um v\u00eddeo do deputado, em que ele diz n\u00e3o ser branco, e reafirma a autodeclara\u00e7\u00e3o de pardo e den\u00fancia ser v\u00edtima de racismo. Ao fim, termina a mensagem com o recado: &#8220;Racistas, me deixem em paz!&#8221;. No texto, ele explica que &#8220;se n\u00e3o sou branco, eu sei que negro tamb\u00e9m n\u00e3o sou, ent\u00e3o s\u00f3 posso ser pardo!&#8221;.\u00a0<br><\/p>\n\n\n\n<p>O TSE sinaliza que haver\u00e1 uma presta\u00e7\u00e3o de contas dos partidos pol\u00edticos depois das elei\u00e7\u00f5es, para checar se houve uma destina\u00e7\u00e3o proporcional de recursos para candidaturas pretas e pardas. Para o tribunal, pretos e pardos comp\u00f5em o grupo racial negro.<\/p>\n\n\n\n<p>O voto em candidaturas pretas e pardas contar\u00e1 duas vezes para os c\u00e1lculos da Justi\u00e7a Eleitoral no Brasil para a distribui\u00e7\u00e3o do Fundo Eleitoral e do Fundo Partid\u00e1rio.&nbsp;<\/p>\n\n\n\n<p>Najara Costa acredita que o debate sobre ra\u00e7a e identidade negra est\u00e3o na agenda nacional, inclusive em setores de direita, e que \u00e9 necess\u00e1rio tomar cuidado na movimenta\u00e7\u00e3o feita por candidatos antes brancos, hoje autodeclarados pardos.<\/p>\n\n\n\n<p>\u02dcPara muitos candidatos, h\u00e1 uma necessidade de se dizer n\u00e3o branco para n\u00e3o legitimar esse lugar de privilegio, e ai eles se remetem a esses ancestrais e antepassados n\u00e3o brancos, mas s\u00e3o pessoas privilegiadas. Negro no Brasil s\u00e3o pessoas que s\u00e3o lidas como negras, que enfrentam o racismo na socieadde brasileira&#8221;.\u00a0<br><\/p>\n\n\n\n<p>As discuss\u00f5es acerca da destina\u00e7\u00e3o de verba para candidatos negras nas elei\u00e7\u00f5es de 2022 ocorrem mais no \u00e2mbito legislativo, onde h\u00e1 uma concorr\u00eancia direta por recursos entre negros e brancos e uma disputa para a ocupa\u00e7\u00e3o de cadeiras nos parlamentos estaduais e no Congresso Nacional.<\/p>\n\n\n\n<p>Apesar disso, as elei\u00e7\u00f5es para cargos dos executivos estaduais t\u00eam chamado aten\u00e7\u00e3o. Figuras como ACM Neto, candidato ao governo da Bahia, e Ibaneis Rocha, candidato ao governo do Distrito Federal, se autodeclararam pardos. A partir das regras do IBGE e do TSE, os dois s\u00e3o considerados pol\u00edticos negros.<\/p>\n\n\n\n<p>O PSOL pediu uma A\u00e7\u00e3o de Investiga\u00e7\u00e3o Judicial Eleitoral (Aije) para cassar a chapa do candidato ao governo da Bahia, ACM Neto, e a vice, Ana Coelho, como mostrou reportagem da&nbsp;<strong>Alma Preta<\/strong>. De acordo com o documento, os candidatos apresentaram uma falsa autodeclara\u00e7\u00e3o e o pedido foi encaminhado para a Corregedoria Regional Eleitoral do Tribunal Regional Eleitoral da Bahia (TRE-BA).<\/p>\n\n\n\n<p>As assessorias de ACM Neto e do MDB do Distrito Federal, respons\u00e1vel pela campanha de Ibaneis Rocha, n\u00e3o responderam aos questionamentos da reportagem at\u00e9 a conclus\u00e3o do texto.<\/p>\n","protected":false},"excerpt":{"rendered":"<p>No Portal Terra &#8211; Pol\u00edticos mudam autodeclara\u00e7\u00e3o para pardos e levantam a discuss\u00e3o sobre oportunismo eleitoral; sociedade civil pode pedir impugna\u00e7\u00e3o das candidaturas<\/p>\n","protected":false},"author":1,"featured_media":0,"comment_status":"closed","ping_status":"open","sticky":false,"template":"","format":"standard","meta":{"_exactmetrics_skip_tracking":false,"_exactmetrics_sitenote_active":false,"_exactmetrics_sitenote_note":"","_exactmetrics_sitenote_category":0,"jetpack_post_was_ever_published":false,"_jetpack_newsletter_access":"","_jetpack_dont_email_post_to_subs":false,"_jetpack_newsletter_tier_id":0,"_jetpack_memberships_contains_paywalled_content":false,"_jetpack_memberships_contains_paid_content":false,"footnotes":"","jetpack_publicize_message":"","jetpack_publicize_feature_enabled":true,"jetpack_social_post_already_shared":true,"jetpack_social_options":{"image_generator_settings":{"template":"highway","enabled":false},"version":2}},"categories":[1],"tags":[],"class_list":["post-34119","post","type-post","status-publish","format-standard","hentry","category-notas"],"jetpack_publicize_connections":[],"jetpack_sharing_enabled":true,"jetpack_featured_media_url":"","jetpack_shortlink":"https:\/\/wp.me\/p7wKYW-8Sj","jetpack-related-posts":[],"_links":{"self":[{"href":"http:\/\/blogdalucianaoliveira.com.br\/blog\/wp-json\/wp\/v2\/posts\/34119","targetHints":{"allow":["GET"]}}],"collection":[{"href":"http:\/\/blogdalucianaoliveira.com.br\/blog\/wp-json\/wp\/v2\/posts"}],"about":[{"href":"http:\/\/blogdalucianaoliveira.com.br\/blog\/wp-json\/wp\/v2\/types\/post"}],"author":[{"embeddable":true,"href":"http:\/\/blogdalucianaoliveira.com.br\/blog\/wp-json\/wp\/v2\/users\/1"}],"replies":[{"embeddable":true,"href":"http:\/\/blogdalucianaoliveira.com.br\/blog\/wp-json\/wp\/v2\/comments?post=34119"}],"version-history":[{"count":1,"href":"http:\/\/blogdalucianaoliveira.com.br\/blog\/wp-json\/wp\/v2\/posts\/34119\/revisions"}],"predecessor-version":[{"id":34121,"href":"http:\/\/blogdalucianaoliveira.com.br\/blog\/wp-json\/wp\/v2\/posts\/34119\/revisions\/34121"}],"wp:attachment":[{"href":"http:\/\/blogdalucianaoliveira.com.br\/blog\/wp-json\/wp\/v2\/media?parent=34119"}],"wp:term":[{"taxonomy":"category","embeddable":true,"href":"http:\/\/blogdalucianaoliveira.com.br\/blog\/wp-json\/wp\/v2\/categories?post=34119"},{"taxonomy":"post_tag","embeddable":true,"href":"http:\/\/blogdalucianaoliveira.com.br\/blog\/wp-json\/wp\/v2\/tags?post=34119"}],"curies":[{"name":"wp","href":"https:\/\/api.w.org\/{rel}","templated":true}]}}