{"id":3412,"date":"2016-08-25T10:12:25","date_gmt":"2016-08-25T14:12:25","guid":{"rendered":"http:\/\/blogdalucianaoliveira.com.br\/blog\/?p=3412"},"modified":"2016-08-25T10:12:25","modified_gmt":"2016-08-25T14:12:25","slug":"senador-valdir-raupp-defende-aumento-de-salario-a-ministros-do-supremo-vai-que-cola","status":"publish","type":"post","link":"http:\/\/blogdalucianaoliveira.com.br\/blog\/2016\/08\/25\/senador-valdir-raupp-defende-aumento-de-salario-a-ministros-do-supremo-vai-que-cola\/","title":{"rendered":"Senador Valdir Raupp defende aumento de sal\u00e1rio a ministros do Supremo. Vai que cola?"},"content":{"rendered":"<p><img data-recalc-dims=\"1\" loading=\"lazy\" decoding=\"async\" data-attachment-id=\"3413\" data-permalink=\"http:\/\/blogdalucianaoliveira.com.br\/blog\/2016\/08\/25\/senador-valdir-raupp-defende-aumento-de-salario-a-ministros-do-supremo-vai-que-cola\/oleo\/\" data-orig-file=\"https:\/\/i0.wp.com\/blogdalucianaoliveira.com.br\/blog\/wp-content\/uploads\/2016\/08\/oleo.jpg?fit=500%2C322\" data-orig-size=\"500,322\" data-comments-opened=\"0\" data-image-meta=\"{&quot;aperture&quot;:&quot;0&quot;,&quot;credit&quot;:&quot;&quot;,&quot;camera&quot;:&quot;&quot;,&quot;caption&quot;:&quot;&quot;,&quot;created_timestamp&quot;:&quot;0&quot;,&quot;copyright&quot;:&quot;&quot;,&quot;focal_length&quot;:&quot;0&quot;,&quot;iso&quot;:&quot;0&quot;,&quot;shutter_speed&quot;:&quot;0&quot;,&quot;title&quot;:&quot;&quot;,&quot;orientation&quot;:&quot;0&quot;}\" data-image-title=\"oleo\" data-image-description=\"\" data-image-caption=\"\" data-medium-file=\"https:\/\/i0.wp.com\/blogdalucianaoliveira.com.br\/blog\/wp-content\/uploads\/2016\/08\/oleo.jpg?fit=300%2C193\" data-large-file=\"https:\/\/i0.wp.com\/blogdalucianaoliveira.com.br\/blog\/wp-content\/uploads\/2016\/08\/oleo.jpg?fit=500%2C322\" src=\"https:\/\/i0.wp.com\/blogdalucianaoliveira.com.br\/blog\/wp-content\/uploads\/2016\/08\/oleo.jpg?resize=500%2C322\" alt=\"oleo\" width=\"500\" height=\"322\" class=\"alignnone size-full wp-image-3413\" srcset=\"https:\/\/i0.wp.com\/blogdalucianaoliveira.com.br\/blog\/wp-content\/uploads\/2016\/08\/oleo.jpg?w=500 500w, https:\/\/i0.wp.com\/blogdalucianaoliveira.com.br\/blog\/wp-content\/uploads\/2016\/08\/oleo.jpg?resize=300%2C193 300w\" sizes=\"auto, (max-width: 500px) 100vw, 500px\" \/><\/p>\n<p>\u00c9 tragic\u00f4mica a posi\u00e7\u00e3o do senador peemedebista, Valdir Raupp (RO), em defesa do reajuste de R$ 33,7 mil para R$ 39,2 mil para os ministros do Supremo, o que deve impactar o caixa do Governo com algo em torno de R$ 5 bilh\u00f5es ao ano.<!--more--><\/p>\n<p>O Globo informa que o \u201csenador Valdir Raupp (PMDB), ex-presidente da legenda, apresentou um relat\u00f3rio paralelo ao de Ricardo Ferra\u00e7o (PSDB-ES) na Comiss\u00e3o de Assuntos Econ\u00f4micos (CAE), em defesa da aprova\u00e7\u00e3o do aumento para os ministros do Supremo.\u201d<\/p>\n<p>N\u00e3o bastasse contrariar o rigoroso ajuste fiscal, promessa de ponte para o futuro dos aliados contra a democracia, \u00e9 imposs\u00edvel negar \u2018a m\u00e9dia\u2019 que senadores investigados est\u00e3o fazendo com seus julgadores.<\/p>\n<p>Segundo a ONG Transpar\u00eancia Brasil, \u201cdos 81 que votar\u00e3o o impeachment, 47 (58%) t\u00eam ocorr\u00eancias na Justi\u00e7a ou em Tribunais de Contas por suspeitas ou acusa\u00e7\u00f5es que v\u00e3o de improbidade administrativa (em sua maioria) a corrup\u00e7\u00e3o passiva, passando por lavagem de dinheiro e forma\u00e7\u00e3o de quadrilha\u201d.<\/p>\n<p>Raupp \u00e9 um deles, citados por v\u00e1rios delatores da Opera\u00e7\u00e3o Lava-Jato nos desvios da Petrobras. <\/p>\n<p>Paulo Roberto Costa, o operador Fernando Baiano e o doleiro Alberto Youssef e o ex-presidente da Transpetro, S\u00e9rgio Machado, citaram o senador no esquema de rapinagem na Petrobras.<\/p>\n<p><img data-recalc-dims=\"1\" loading=\"lazy\" decoding=\"async\" data-attachment-id=\"3414\" data-permalink=\"http:\/\/blogdalucianaoliveira.com.br\/blog\/2016\/08\/25\/senador-valdir-raupp-defende-aumento-de-salario-a-ministros-do-supremo-vai-que-cola\/raup\/\" data-orig-file=\"https:\/\/i0.wp.com\/blogdalucianaoliveira.com.br\/blog\/wp-content\/uploads\/2016\/08\/raup.png?fit=750%2C1334\" data-orig-size=\"750,1334\" data-comments-opened=\"0\" data-image-meta=\"{&quot;aperture&quot;:&quot;0&quot;,&quot;credit&quot;:&quot;&quot;,&quot;camera&quot;:&quot;&quot;,&quot;caption&quot;:&quot;&quot;,&quot;created_timestamp&quot;:&quot;0&quot;,&quot;copyright&quot;:&quot;&quot;,&quot;focal_length&quot;:&quot;0&quot;,&quot;iso&quot;:&quot;0&quot;,&quot;shutter_speed&quot;:&quot;0&quot;,&quot;title&quot;:&quot;&quot;,&quot;orientation&quot;:&quot;0&quot;}\" data-image-title=\"raup\" data-image-description=\"\" data-image-caption=\"\" data-medium-file=\"https:\/\/i0.wp.com\/blogdalucianaoliveira.com.br\/blog\/wp-content\/uploads\/2016\/08\/raup.png?fit=169%2C300\" data-large-file=\"https:\/\/i0.wp.com\/blogdalucianaoliveira.com.br\/blog\/wp-content\/uploads\/2016\/08\/raup.png?fit=576%2C1024\" src=\"https:\/\/i0.wp.com\/blogdalucianaoliveira.com.br\/blog\/wp-content\/uploads\/2016\/08\/raup.png?resize=600%2C1067\" alt=\"raup\" width=\"600\" height=\"1067\" class=\"alignnone size-full wp-image-3414\" srcset=\"https:\/\/i0.wp.com\/blogdalucianaoliveira.com.br\/blog\/wp-content\/uploads\/2016\/08\/raup.png?w=750 750w, https:\/\/i0.wp.com\/blogdalucianaoliveira.com.br\/blog\/wp-content\/uploads\/2016\/08\/raup.png?resize=169%2C300 169w, https:\/\/i0.wp.com\/blogdalucianaoliveira.com.br\/blog\/wp-content\/uploads\/2016\/08\/raup.png?resize=576%2C1024 576w\" sizes=\"auto, (max-width: 600px) 100vw, 600px\" \/><\/p>\n","protected":false},"excerpt":{"rendered":"<p>\u00c9 tragic\u00f4mica a posi\u00e7\u00e3o do senador peemedebista, Valdir Raupp (RO), em defesa do reajuste de R$ 33,7 mil para R$ 39,2 mil para os ministros do Supremo, o que deve impactar o caixa do Governo com algo em torno de R$ 5 bilh\u00f5es ao ano.<\/p>\n","protected":false},"author":1,"featured_media":0,"comment_status":"closed","ping_status":"open","sticky":false,"template":"","format":"standard","meta":{"_exactmetrics_skip_tracking":false,"_exactmetrics_sitenote_active":false,"_exactmetrics_sitenote_note":"","_exactmetrics_sitenote_category":0,"jetpack_post_was_ever_published":false,"_jetpack_newsletter_access":"","_jetpack_dont_email_post_to_subs":false,"_jetpack_newsletter_tier_id":0,"_jetpack_memberships_contains_paywalled_content":false,"_jetpack_memberships_contains_paid_content":false,"footnotes":"","jetpack_publicize_message":"","jetpack_publicize_feature_enabled":true,"jetpack_social_post_already_shared":true,"jetpack_social_options":{"image_generator_settings":{"template":"highway","enabled":false},"version":2}},"categories":[1],"tags":[],"class_list":["post-3412","post","type-post","status-publish","format-standard","hentry","category-notas"],"jetpack_publicize_connections":[],"jetpack_sharing_enabled":true,"jetpack_featured_media_url":"","jetpack_shortlink":"https:\/\/wp.me\/p7wKYW-T2","jetpack-related-posts":[],"_links":{"self":[{"href":"http:\/\/blogdalucianaoliveira.com.br\/blog\/wp-json\/wp\/v2\/posts\/3412","targetHints":{"allow":["GET"]}}],"collection":[{"href":"http:\/\/blogdalucianaoliveira.com.br\/blog\/wp-json\/wp\/v2\/posts"}],"about":[{"href":"http:\/\/blogdalucianaoliveira.com.br\/blog\/wp-json\/wp\/v2\/types\/post"}],"author":[{"embeddable":true,"href":"http:\/\/blogdalucianaoliveira.com.br\/blog\/wp-json\/wp\/v2\/users\/1"}],"replies":[{"embeddable":true,"href":"http:\/\/blogdalucianaoliveira.com.br\/blog\/wp-json\/wp\/v2\/comments?post=3412"}],"version-history":[{"count":1,"href":"http:\/\/blogdalucianaoliveira.com.br\/blog\/wp-json\/wp\/v2\/posts\/3412\/revisions"}],"predecessor-version":[{"id":3415,"href":"http:\/\/blogdalucianaoliveira.com.br\/blog\/wp-json\/wp\/v2\/posts\/3412\/revisions\/3415"}],"wp:attachment":[{"href":"http:\/\/blogdalucianaoliveira.com.br\/blog\/wp-json\/wp\/v2\/media?parent=3412"}],"wp:term":[{"taxonomy":"category","embeddable":true,"href":"http:\/\/blogdalucianaoliveira.com.br\/blog\/wp-json\/wp\/v2\/categories?post=3412"},{"taxonomy":"post_tag","embeddable":true,"href":"http:\/\/blogdalucianaoliveira.com.br\/blog\/wp-json\/wp\/v2\/tags?post=3412"}],"curies":[{"name":"wp","href":"https:\/\/api.w.org\/{rel}","templated":true}]}}