{"id":34122,"date":"2022-08-31T12:34:07","date_gmt":"2022-08-31T16:34:07","guid":{"rendered":"http:\/\/blogdalucianaoliveira.com.br\/blog\/?p=34122"},"modified":"2022-08-31T12:34:12","modified_gmt":"2022-08-31T16:34:12","slug":"nota-da-adunir-reitora-veta-parecer-da-cln-e-nega-progressoes-funcionais-aos-docentes-da-unir","status":"publish","type":"post","link":"http:\/\/blogdalucianaoliveira.com.br\/blog\/2022\/08\/31\/nota-da-adunir-reitora-veta-parecer-da-cln-e-nega-progressoes-funcionais-aos-docentes-da-unir\/","title":{"rendered":"NOTA DA ADUNIR: REITORA VETA PARECER DA CLN E NEGA PROGRESS\u00d5ES FUNCIONAIS AOS DOCENTES DA UNIR"},"content":{"rendered":"\n<figure class=\"wp-block-image size-large\"><img data-recalc-dims=\"1\" loading=\"lazy\" decoding=\"async\" width=\"600\" height=\"266\" data-attachment-id=\"34110\" data-permalink=\"http:\/\/blogdalucianaoliveira.com.br\/blog\/2022\/08\/27\/convocacao-de-assembleia-geral-ordinaria-da-adunir\/a30da3e1-5803-4449-ad69-c40742990a2f\/\" data-orig-file=\"https:\/\/i0.wp.com\/blogdalucianaoliveira.com.br\/blog\/wp-content\/uploads\/2022\/08\/A30DA3E1-5803-4449-AD69-C40742990A2F.jpeg?fit=1280%2C567\" data-orig-size=\"1280,567\" data-comments-opened=\"0\" data-image-meta=\"{&quot;aperture&quot;:&quot;0&quot;,&quot;credit&quot;:&quot;&quot;,&quot;camera&quot;:&quot;&quot;,&quot;caption&quot;:&quot;&quot;,&quot;created_timestamp&quot;:&quot;0&quot;,&quot;copyright&quot;:&quot;&quot;,&quot;focal_length&quot;:&quot;0&quot;,&quot;iso&quot;:&quot;0&quot;,&quot;shutter_speed&quot;:&quot;0&quot;,&quot;title&quot;:&quot;&quot;,&quot;orientation&quot;:&quot;0&quot;}\" data-image-title=\"A30DA3E1-5803-4449-AD69-C40742990A2F\" data-image-description=\"\" data-image-caption=\"\" data-medium-file=\"https:\/\/i0.wp.com\/blogdalucianaoliveira.com.br\/blog\/wp-content\/uploads\/2022\/08\/A30DA3E1-5803-4449-AD69-C40742990A2F.jpeg?fit=300%2C133\" data-large-file=\"https:\/\/i0.wp.com\/blogdalucianaoliveira.com.br\/blog\/wp-content\/uploads\/2022\/08\/A30DA3E1-5803-4449-AD69-C40742990A2F.jpeg?fit=600%2C266\" src=\"https:\/\/i0.wp.com\/blogdalucianaoliveira.com.br\/blog\/wp-content\/uploads\/2022\/08\/A30DA3E1-5803-4449-AD69-C40742990A2F.jpeg?resize=600%2C266\" alt=\"\" class=\"wp-image-34110\" srcset=\"https:\/\/i0.wp.com\/blogdalucianaoliveira.com.br\/blog\/wp-content\/uploads\/2022\/08\/A30DA3E1-5803-4449-AD69-C40742990A2F.jpeg?resize=1024%2C454 1024w, https:\/\/i0.wp.com\/blogdalucianaoliveira.com.br\/blog\/wp-content\/uploads\/2022\/08\/A30DA3E1-5803-4449-AD69-C40742990A2F.jpeg?resize=300%2C133 300w, https:\/\/i0.wp.com\/blogdalucianaoliveira.com.br\/blog\/wp-content\/uploads\/2022\/08\/A30DA3E1-5803-4449-AD69-C40742990A2F.jpeg?resize=768%2C340 768w, https:\/\/i0.wp.com\/blogdalucianaoliveira.com.br\/blog\/wp-content\/uploads\/2022\/08\/A30DA3E1-5803-4449-AD69-C40742990A2F.jpeg?resize=677%2C300 677w, https:\/\/i0.wp.com\/blogdalucianaoliveira.com.br\/blog\/wp-content\/uploads\/2022\/08\/A30DA3E1-5803-4449-AD69-C40742990A2F.jpeg?w=1280 1280w, https:\/\/i0.wp.com\/blogdalucianaoliveira.com.br\/blog\/wp-content\/uploads\/2022\/08\/A30DA3E1-5803-4449-AD69-C40742990A2F.jpeg?w=1200 1200w\" sizes=\"auto, (max-width: 600px) 100vw, 600px\" \/><\/figure>\n\n\n\n<p>A Associa\u00e7\u00e3o dos Docentes da Universidade Federal de Rond\u00f4nia UNIR \u2013 ADUNIR-SSIND, se\u00e7\u00e3o sindical do ANDES-SN,&nbsp;vem a p\u00fablico esclarecer sobre as quest\u00f5es relativas ao processo de revis\u00e3o e concess\u00e3o das progress\u00f5es funcionais dos docentes da UNIR e as tratativas desse sindicato com a Reitoria da UNIR no sentido&nbsp;de garantir esse direito&nbsp;assegurado na legisla\u00e7\u00e3o brasileira.&nbsp;<\/p>\n\n\n\n<!--more-->\n\n\n\n<p>O problema&nbsp;come\u00e7ou com a publica\u00e7\u00e3o de uma Nota T\u00e9cnica 2.556\/2018&nbsp;\u2013&nbsp;MP&nbsp;emitida pelo Minist\u00e9rio do Planejamento, Desenvolvimento e Gest\u00e3o (MPDG), em fevereiro&nbsp;de 2018, e acompanhado do Of\u00edcio Circular n. 53\/2018-MP&nbsp;que uniformiza o entendimento referente \u00e0 concess\u00e3o de progress\u00e3o funcional aos docentes das IFES.&nbsp;Interpretando erroneamente essa nota t\u00e9cnica,a&nbsp;Pr\u00f3-Reitoria&nbsp;de Administra\u00e7\u00e3o da UNIR,&nbsp;em 24\/06\/2019, editou Of\u00edcio Circular&nbsp;que resultou&nbsp;em&nbsp;anula\u00e7\u00f5es de progress\u00f5es j\u00e1 concedidas em anos anteriores, com o argumento de que n\u00e3o se deve reconhecer interst\u00edcios acumulados, mesmo que sejam em processos separados; e altera\u00e7\u00f5es de \u201cefeito acad\u00eamico\u201d das progress\u00f5es, com o entendimento que os efeitos acad\u00eamico e financeiro sobre a progress\u00e3o devem ser considerados o mesmo.Desde ent\u00e3o, centenas de professores da UNIR est\u00e3o&nbsp;sendo&nbsp;prejudicados. H\u00e1 casos de docentes que&nbsp;tiveram&nbsp;anuladas todas as suas progress\u00f5es, regredindo ao in\u00edcio da carreira, com ointerst\u00edcio alterado&nbsp;a partir&nbsp;do \u00faltimo pedido de progress\u00e3o.&nbsp;Muitos professores tiveram suas progress\u00f5es anuladas e seu sal\u00e1rio reduzido.&nbsp;Muitos n\u00e3o&nbsp;conseguem ascender na carreira ap\u00f3s comprovarem anos de trabalho,&nbsp;comprometendo&nbsp;seus sal\u00e1rios e em consequ\u00eancia a&nbsp;renda familiar.&nbsp;<\/p>\n\n\n\n<p>Em rela\u00e7\u00e3o aos di\u00e1logos estabelecidos entre a gest\u00e3o superior da UNIR e representantes dos&nbsp;docentes,&nbsp;tais di\u00e1logos&nbsp;vem ocorrendo&nbsp;somente&nbsp;a partir de agosto de 2021, gra\u00e7as&nbsp;a provoca\u00e7\u00e3o&nbsp;e trabalhos realizados pelos docentes&nbsp;que fizeram levantamento junto \u00e0s Universidades&nbsp;do pa\u00eds&nbsp;e identificaram que somente a UNIR e a UFPB adotaram a medida extrema de anular progress\u00f5es j\u00e1 concedidas aos docentes.&nbsp;A UFPB rapidamente consertou seu erro. A UNIR \u00e9, portanto,&nbsp;a \u00fanica universidade do pa\u00eds que nega o direito \u00e0s progress\u00f5es funcionais aos docentes.&nbsp;O di\u00e1logo com a reitoria sobre essa problem\u00e1tica&nbsp;em agosto de 2021,&nbsp;resultou numa comiss\u00e3o&nbsp;(Portaria n\u00ba 531\/2021\/GR\/UNIR) composta por docentes&nbsp;e&nbsp;membros da CPPD, com a finalidade de elaborar proposta de uniformiza\u00e7\u00e3o de entendimento acerca das progress\u00f5es funcionais dos&nbsp;docentes&nbsp;da UNIR&nbsp;a&nbsp;partir da legisla\u00e7\u00e3o em vigor,&nbsp;da NT&nbsp;2556\/2018-MP e do Of\u00edcio Circular n\u00ba 0053\/2018-MP.&nbsp;Depois de um \u00e1rduo trabalho da comiss\u00e3o, seu relat\u00f3rio n\u00e3o foi considerado pela reitoria.<\/p>\n\n\n\n<p>A&nbsp;Reitora Marcele Regina Nogueira Pereira&nbsp;se nega&nbsp;em solucionar o problema&nbsp;e&nbsp;busca todos os tipos de subterf\u00fagios, no sentido de desconsiderar todas as propostas e alternativas, que buscam a supera\u00e7\u00e3o deste impasse&nbsp;que j\u00e1 afeta quase metade dos docentes da UNIR. Ao contr\u00e1rio,&nbsp;mant\u00e9m as&nbsp;anula\u00e7\u00f5es das progress\u00f5es funcionais j\u00e1 concedidas e altera\u00e7\u00f5es dos efeitos acad\u00eamicos (interst\u00edcios), alterando toda a carreira dos&nbsp;docentes a&nbsp;cada dia em nossa universidade, j\u00e1 que os processos est\u00e3o&nbsp;quasetodos sobrestados aguardando uma decis\u00e3o da dire\u00e7\u00e3o Superior.&nbsp;<\/p>\n\n\n\n<p>A reitoria vem tentando terceirizar sua decis\u00e3o, desde a provoca\u00e7\u00e3o \u00e0&nbsp;CGU para que fizesse uma auditoria&nbsp;nas progress\u00f5es,&nbsp;confirmando&nbsp;sua posi\u00e7\u00e3o&nbsp;em neg\u00e1-las. Em reuni\u00e3o com a ADUNIR a reitora&nbsp;solicitou do&nbsp;sindicato&nbsp;um documento com todo o&nbsp;suporte legal para que ela pudesse decidir em favor dos docentes. A ADUNIR solicitou da experiente assessoria jur\u00eddica do ANDES-Sindicato Nacional,&nbsp;que acompanha todas as se\u00e7\u00f5es sindicais das universidades do Pa\u00eds, que emitisse&nbsp;umdocumento&nbsp;espec\u00edfico&nbsp;para&nbsp;subsidiar a decis\u00e3o da&nbsp;Administra\u00e7\u00e3o Superior da&nbsp;UNIR, contendo toda&nbsp;fundamenta\u00e7\u00e3o&nbsp;legal, jurisprud\u00eancia e exemplos de como&nbsp;outras universidades do pa\u00eds atuaram em rela\u00e7\u00e3o ao cumprimento da Nota T\u00e9cnica 2.556\/2018 \u2013 MP, apresentando inclusive decis\u00e3o do STJ sobre o tema.&nbsp;Ao mesmo tempo, a&nbsp;diretoria da ADUNIR enviou&nbsp;requerimento em 12\/04\/2022 \u00e0 Secretaria dos Conselhos Superiores (SECONS) requerendo da&nbsp;C\u00e2mara de Legisla\u00e7\u00e3o e Normas do Conselho de Administra\u00e7\u00e3o \u2013 CONSAD&nbsp;um parecer t\u00e9cnico&nbsp;sobre essa situa\u00e7\u00e3o que envolve a efetiva\u00e7\u00e3o das progress\u00f5es funcionais docentes da UNIR&nbsp;no sentido subsidiar&nbsp;ainda mais a&nbsp;decis\u00e3o da&nbsp;Reitoria, na perspectiva da melhor solu\u00e7\u00e3o poss\u00edvel&nbsp;para os impasses que foram criados.&nbsp;<\/p>\n\n\n\n<p>No entanto, o que fez a Reitora diante desses documentos? &nbsp;Em rela\u00e7\u00e3o ao excelente e bem fundamentado documento do ANDES: o ignorou completamente. No ato da entrega do documento do ANDES pela ADUNIR, em reuni\u00e3o com a reitoria e pr\u00f3-reitor de Administra\u00e7\u00e3o, a&nbsp;Reitora disse que nada faria antes de uma consulta ao SIPEC. Nessa reuni\u00e3o, todos os membros participantes da ADUNIR e CPPD disseram que n\u00e3o concordavam com essa posi\u00e7\u00e3o, uma vez que consultas a este \u00d3rg\u00e3o Central costumam levar anos a fio para serem respondidas e que a reitoria tinha todo os aportes legais para agir em favor dos docentes, a exemplo do que fizeram TODAS as Universidades Federais brasileiras, al\u00e9m, inclusive, de ter uma nota emitida pela CLN\/CONSAD. Demonstrando compreender a urg\u00eancia que a situa\u00e7\u00e3o requeria, a Reitora concordou em iniciar as revis\u00f5es das progress\u00f5es na semana seguinte. E, mais uma vez n\u00e3o cumpriu. &nbsp;Inclusive, na ata da reuni\u00e3o,&nbsp;disponibilizada dois dias depois pela reitoria para assinatura&nbsp;dos participantes,&nbsp;n\u00e3o constava o conte\u00fado real da reuni\u00e3o,&nbsp;nem o acordo estabelecido de se iniciar as revis\u00f5es.&nbsp;Os membros da&nbsp;diretoria da&nbsp;ADUNIR&nbsp;se negaram&nbsp;a assinar a ata e solicitou sua revis\u00e3o com o verdadeiro conte\u00fado. Depois de diversas cobran\u00e7as, a reitoria, de forma extremamente autorit\u00e1ria, negando a verdade dos fatos&nbsp;informou&nbsp;que n\u00e3o&nbsp;iria mais&nbsp;disponibilizar&nbsp;a referida ata.&nbsp;O autoritarismo da Reitoria da UNIR tem se expressado de diversas formas, desde emiss\u00e3o de portarias que ferem as Resolu\u00e7\u00f5es do Conselho Superior,&nbsp;at\u00e9 a retirada&nbsp;e destrui\u00e7\u00e3o&nbsp;de faixas de manifesta\u00e7\u00e3o dos docentes&nbsp;reivindicando suas progress\u00f5es,&nbsp;tanto do&nbsp;pr\u00e9dio da UNIR- Centro,quanto&nbsp;do&nbsp;Campus.&nbsp;<\/p>\n\n\n\n<p>A Reitoria da UNIR tem adiado a solu\u00e7\u00e3o desse conflito, sem precedentes na hist\u00f3ria da institui\u00e7\u00e3o, ao tempo que consulta \u00f3rg\u00e3os que justifique sua posi\u00e7\u00e3o, se eximindo de tomar alguma decis\u00e3o, valendo-se de todas as formas de nega\u00e7\u00e3o de direitos implementadas pelo governo.<\/p>\n\n\n\n<p>Em rela\u00e7\u00e3o \u00e0 nota t\u00e9cnica da CLN aprovada por unanimidade por essa c\u00e2mara, com posi\u00e7\u00e3o favor\u00e1vel \u00e0 corre\u00e7\u00e3o das progress\u00f5es, a reitora&nbsp;n\u00e3o&nbsp;s\u00f3 a ignorou, como&nbsp;<strong>VETOU o parecer da C\u00e2mara<\/strong>&nbsp;no dia 23\/08\/22&nbsp;(Despacho Decis\u00f3rio 9 (1031816) SEI 23118.005488\/2022-63),&nbsp;desrespeitando tamb\u00e9m o Conselho Superior, sem&nbsp;nenhuma&nbsp;argumenta\u00e7\u00e3o&nbsp;ou fundamenta\u00e7\u00e3o&nbsp;que sustente tal posi\u00e7\u00e3o, afirmando que \u201ca c\u00e2mara carece de compet\u00eancia para tratar de mat\u00e9ria afeta aos servidores civis do poder executivo, sendo esta prerrogativa exclusiva do SIPEC\u201d.&nbsp;E aprofunda a crise,&nbsp;ao deixar expl\u00edcito nos par\u00e1grafos finais dodocumento declarat\u00f3rio do veto&nbsp;sua firme posi\u00e7\u00e3o de negar esse direito fundamental aos docentes, como \u00e9 o da progress\u00e3o na carreira: al\u00e9m de n\u00e3o restituir as progress\u00f5es e interst\u00edcios cassados,&nbsp;ainda, dar\u00e1&nbsp;continuidade \u00e0s a\u00e7\u00f5es em preju\u00edzo a outros docentes&nbsp;at\u00e9 ent\u00e3o&nbsp;n\u00e3o afetados.<\/p>\n\n\n\n<p>Assim, considerando o arcabou\u00e7o processual em tela, fica evidente a impossibilidade dehomologa\u00e7\u00e3o do deliberado pela CLN,&nbsp;<strong>ante \u00e0 premente ilegalidade da medida<\/strong>.<\/p>\n\n\n\n<p>Dessa forma, com base no exposto,&nbsp;<strong>VETO o parecer<\/strong>&nbsp;de n\u00ba&nbsp;10\/2022\/CAMLN\/CONSAD [&#8230;] (1004482)&nbsp;<strong>e o Despacho Decis\u00f3rio<\/strong>&nbsp;de&nbsp;n\u00ba9\/2022\/CAMLN\/CONSAD\/CONSUN\/SECONS\/REI\/UNIR (1031816) contidos no processo em tela.<\/p>\n\n\n\n<p>Informo&nbsp;tamb\u00e9m,&nbsp;<strong>que as portarias que foram emi<\/strong><strong>tidas em desacordo com a Nota T\u00e9cnica<\/strong>&nbsp;n\u00ba 2.556\/2018-MP, de 28 de fevereiro de 2018&nbsp;e&nbsp;Of\u00edcio&nbsp;Circular n\u00ba 53\/2018-MP, de 27 de fevereiro de 2018,&nbsp;<strong>que ainda n\u00e3o foram retificadas ou anuladas<\/strong>,&nbsp;<strong>ser\u00e3o objetos de an\u00e1lise e corre\u00e7\u00e3o<\/strong><strong>.<\/strong><strong>&nbsp;<\/strong><strong>(<\/strong>SEI n\u00ba 1031822)<strong>&nbsp;<\/strong><strong>(<\/strong><strong>G<\/strong><strong>rifo nosso).&nbsp;<\/strong><\/p>\n\n\n\n<p>Assim, diante de tantos descumprimentos por parte da Administra\u00e7\u00e3o Superior da UNIR, bem como de sua postura emfugir de suas&nbsp;responsabilidades&nbsp;administrativas,&nbsp;<strong>v<\/strong><strong>amos entrar com RECURSO no CONSAD contra o veto da reitora<\/strong><strong>,<\/strong><strong>&nbsp;<\/strong><strong>que nunca cumpre com sua palavra<\/strong>.&nbsp;<\/p>\n\n\n\n<p>A Universidade tem autonomia para aplicar&nbsp;o disposto na legisla\u00e7\u00e3o geral e nas&nbsp;suas resolu\u00e7\u00f5es internas&nbsp;solucionando os problemas relacionados \u00e0s progress\u00f5es como todas as universidades o fizeram, observando de forma correta, a&nbsp;Nota T\u00e9cnica 2.556\/2018 \u2013 MP.&nbsp;Os&nbsp;docentes&nbsp;do magist\u00e9rio superior da Funda\u00e7\u00e3o Universidade Federal de Rond\u00f4nia&nbsp;t\u00eam o direito de&nbsp;solicitar e ter avaliadas as suas progress\u00f5es funcionais por avalia\u00e7\u00e3o de desempenho atrasadas e em mais de um&nbsp;interst\u00edcio, levando em conta&nbsp;os dispositivos da Lei n\u00ba 12.772\/2012 e&nbsp;as Resolu\u00e7\u00f5es n\u00ba 116\/2013\/CONSAD e 117\/2013\/CONSAD. Nem mesmo a Nota T\u00e9cnica 2.556\/2018 \u2013 MP imp\u00f5e&nbsp;quaisquer impedimentos a pedidos atrasados e em mais de um&nbsp;interst\u00edcio, sendo suficiente comprovar a implementa\u00e7\u00e3o dos requisitos.&nbsp;Afinal, a legisla\u00e7\u00e3o \u00e9 clara e simples em rela\u00e7\u00e3o \u00e0 progress\u00e3o na carreira docente:&nbsp;24 meses&nbsp;de efetivo trabalho em cada n\u00edvel + evid\u00eancia documental da produ\u00e7\u00e3o no per\u00edodo (com alcance da pontua\u00e7\u00e3o exigida) + submiss\u00e3o \u00e0 avalia\u00e7\u00e3o de desempenho. Todas as evid\u00eancias do cumprimento dos aspectos exigidos pela legisla\u00e7\u00e3o foram&nbsp;analisadas e aprovadas&nbsp;pelos Conselhos Departamentais e, por conseguinte, autorizadas as progress\u00f5es dos docentes para o n\u00edvel seguinte.<\/p>\n\n\n\n<p>A posi\u00e7\u00e3o da reitora&nbsp;tem sido&nbsp;repleta de equ\u00edvocos, tergiversa\u00e7\u00f5es&nbsp;e&nbsp;desrespeito&nbsp;\u00e0 categoria,&nbsp;que vem&nbsp;passando&nbsp;porprofundas dificuldades&nbsp;financeiras,&nbsp;decorrentes&nbsp;dessa absurdanega\u00e7\u00e3o de seu direito \u00e0 progress\u00e3o funcional,&nbsp;ao mesmo tempo em que&nbsp;se&nbsp;utiliza de um discurso supostamente conciliat\u00f3rio, e encaminha&nbsp;mensagens&nbsp;eletr\u00f4nicas&nbsp;aos docentes,&nbsp;buscando justificar sua posi\u00e7\u00e3o&nbsp;que, ao olhar de muitos colegas Professores, guarda simetria com as posturas do atual governo&nbsp;Bolsonaro, numa demonstra\u00e7\u00e3o clara de inconsist\u00eancia e fragilidade no seu agir.&nbsp;Que ela siga o exemplo de seus colegas da&nbsp;Associa\u00e7\u00e3o Nacional de Dirigentes das Institui\u00e7\u00f5es Federais de Ensino Superior &#8211;&nbsp;ANDIFES e de todos os reitores e reitoras das universidades brasileiras e pare&nbsp;de prejudicar seus colegas de trabalho!&nbsp;<\/p>\n\n\n\n<p><strong>REITORA MARCELE PEREIRA, DEVOLVA AS PROGRESS\u00d5ES DOCENTES J\u00c1! CHEGA DE POSTERGA\u00c7\u00c3O! PROGRESS\u00c3O FUNCIONAL \u00c9 DIREITO!<\/strong><\/p>\n\n\n\n<p><strong>ASSOCIA\u00c7\u00c3O DOS DOCENTES DA UNIVERSIDADE FEDERAL DE ROND\u00d4NIA ADUNIR-SSIND&nbsp;<\/strong><\/p>\n\n\n\n<p>Associa\u00e7\u00e3o dos Docentes da UNIR \u2013 ADUNIR &#8211; Se\u00e7\u00e3o Sindical do ANDES &#8211; Travessa Guapor\u00e9, n\u00b0 556, Edif\u00edcio Rio Madeira &#8211; 4\u00b0 andar &#8211; Sala 403, Centro &#8211; CEP 76.801 \u2013 063 \u2013 Porto Velho\/RO \u2013 E-mail:&nbsp;<a href=\"mailto:adunir.andes@gmail.com\">adunir.andes@gmail.com<\/a><\/p>\n","protected":false},"excerpt":{"rendered":"<p>A Associa\u00e7\u00e3o dos Docentes da Universidade Federal de Rond\u00f4nia UNIR \u2013 ADUNIR-SSIND, se\u00e7\u00e3o sindical do ANDES-SN,&nbsp;vem a p\u00fablico esclarecer sobre as quest\u00f5es relativas ao processo de revis\u00e3o e concess\u00e3o das progress\u00f5es funcionais dos docentes da UNIR e as tratativas desse sindicato com a Reitoria da UNIR no sentido&nbsp;de garantir esse direito&nbsp;assegurado na legisla\u00e7\u00e3o brasileira.&nbsp;<\/p>\n","protected":false},"author":1,"featured_media":0,"comment_status":"closed","ping_status":"open","sticky":false,"template":"","format":"standard","meta":{"_exactmetrics_skip_tracking":false,"_exactmetrics_sitenote_active":false,"_exactmetrics_sitenote_note":"","_exactmetrics_sitenote_category":0,"jetpack_post_was_ever_published":false,"_jetpack_newsletter_access":"","_jetpack_dont_email_post_to_subs":false,"_jetpack_newsletter_tier_id":0,"_jetpack_memberships_contains_paywalled_content":false,"_jetpack_memberships_contains_paid_content":false,"footnotes":"","jetpack_publicize_message":"","jetpack_publicize_feature_enabled":true,"jetpack_social_post_already_shared":true,"jetpack_social_options":{"image_generator_settings":{"template":"highway","enabled":false},"version":2}},"categories":[1],"tags":[790,244],"class_list":["post-34122","post","type-post","status-publish","format-standard","hentry","category-notas","tag-adunir","tag-unir"],"jetpack_publicize_connections":[],"jetpack_sharing_enabled":true,"jetpack_featured_media_url":"","jetpack_shortlink":"https:\/\/wp.me\/p7wKYW-8Sm","jetpack-related-posts":[],"_links":{"self":[{"href":"http:\/\/blogdalucianaoliveira.com.br\/blog\/wp-json\/wp\/v2\/posts\/34122","targetHints":{"allow":["GET"]}}],"collection":[{"href":"http:\/\/blogdalucianaoliveira.com.br\/blog\/wp-json\/wp\/v2\/posts"}],"about":[{"href":"http:\/\/blogdalucianaoliveira.com.br\/blog\/wp-json\/wp\/v2\/types\/post"}],"author":[{"embeddable":true,"href":"http:\/\/blogdalucianaoliveira.com.br\/blog\/wp-json\/wp\/v2\/users\/1"}],"replies":[{"embeddable":true,"href":"http:\/\/blogdalucianaoliveira.com.br\/blog\/wp-json\/wp\/v2\/comments?post=34122"}],"version-history":[{"count":1,"href":"http:\/\/blogdalucianaoliveira.com.br\/blog\/wp-json\/wp\/v2\/posts\/34122\/revisions"}],"predecessor-version":[{"id":34123,"href":"http:\/\/blogdalucianaoliveira.com.br\/blog\/wp-json\/wp\/v2\/posts\/34122\/revisions\/34123"}],"wp:attachment":[{"href":"http:\/\/blogdalucianaoliveira.com.br\/blog\/wp-json\/wp\/v2\/media?parent=34122"}],"wp:term":[{"taxonomy":"category","embeddable":true,"href":"http:\/\/blogdalucianaoliveira.com.br\/blog\/wp-json\/wp\/v2\/categories?post=34122"},{"taxonomy":"post_tag","embeddable":true,"href":"http:\/\/blogdalucianaoliveira.com.br\/blog\/wp-json\/wp\/v2\/tags?post=34122"}],"curies":[{"name":"wp","href":"https:\/\/api.w.org\/{rel}","templated":true}]}}