{"id":34124,"date":"2022-09-01T07:45:31","date_gmt":"2022-09-01T11:45:31","guid":{"rendered":"http:\/\/blogdalucianaoliveira.com.br\/blog\/?p=34124"},"modified":"2022-09-01T07:45:34","modified_gmt":"2022-09-01T11:45:34","slug":"amazonia-tem-pior-agosto-de-queimadas-dos-ultimos-12-anos","status":"publish","type":"post","link":"http:\/\/blogdalucianaoliveira.com.br\/blog\/2022\/09\/01\/amazonia-tem-pior-agosto-de-queimadas-dos-ultimos-12-anos\/","title":{"rendered":"Amaz\u00f4nia tem pior agosto de queimadas dos \u00faltimos 12 anos"},"content":{"rendered":"\n<figure class=\"wp-block-image size-large\"><img data-recalc-dims=\"1\" loading=\"lazy\" decoding=\"async\" width=\"600\" height=\"400\" data-attachment-id=\"34125\" data-permalink=\"http:\/\/blogdalucianaoliveira.com.br\/blog\/2022\/09\/01\/amazonia-tem-pior-agosto-de-queimadas-dos-ultimos-12-anos\/4b9f2726-e167-4d34-9abc-2f9200ac30f1\/\" data-orig-file=\"https:\/\/i0.wp.com\/blogdalucianaoliveira.com.br\/blog\/wp-content\/uploads\/2022\/09\/4B9F2726-E167-4D34-9ABC-2F9200AC30F1.jpeg?fit=600%2C400\" data-orig-size=\"600,400\" data-comments-opened=\"0\" data-image-meta=\"{&quot;aperture&quot;:&quot;0&quot;,&quot;credit&quot;:&quot;&quot;,&quot;camera&quot;:&quot;&quot;,&quot;caption&quot;:&quot;&quot;,&quot;created_timestamp&quot;:&quot;0&quot;,&quot;copyright&quot;:&quot;&quot;,&quot;focal_length&quot;:&quot;0&quot;,&quot;iso&quot;:&quot;0&quot;,&quot;shutter_speed&quot;:&quot;0&quot;,&quot;title&quot;:&quot;&quot;,&quot;orientation&quot;:&quot;0&quot;}\" data-image-title=\"4B9F2726-E167-4D34-9ABC-2F9200AC30F1\" data-image-description=\"\" data-image-caption=\"\" data-medium-file=\"https:\/\/i0.wp.com\/blogdalucianaoliveira.com.br\/blog\/wp-content\/uploads\/2022\/09\/4B9F2726-E167-4D34-9ABC-2F9200AC30F1.jpeg?fit=300%2C200\" data-large-file=\"https:\/\/i0.wp.com\/blogdalucianaoliveira.com.br\/blog\/wp-content\/uploads\/2022\/09\/4B9F2726-E167-4D34-9ABC-2F9200AC30F1.jpeg?fit=600%2C400\" src=\"https:\/\/i0.wp.com\/blogdalucianaoliveira.com.br\/blog\/wp-content\/uploads\/2022\/09\/4B9F2726-E167-4D34-9ABC-2F9200AC30F1.jpeg?resize=600%2C400\" alt=\"\" class=\"wp-image-34125\" srcset=\"https:\/\/i0.wp.com\/blogdalucianaoliveira.com.br\/blog\/wp-content\/uploads\/2022\/09\/4B9F2726-E167-4D34-9ABC-2F9200AC30F1.jpeg?w=600 600w, https:\/\/i0.wp.com\/blogdalucianaoliveira.com.br\/blog\/wp-content\/uploads\/2022\/09\/4B9F2726-E167-4D34-9ABC-2F9200AC30F1.jpeg?resize=300%2C200 300w, https:\/\/i0.wp.com\/blogdalucianaoliveira.com.br\/blog\/wp-content\/uploads\/2022\/09\/4B9F2726-E167-4D34-9ABC-2F9200AC30F1.jpeg?resize=450%2C300 450w\" sizes=\"auto, (max-width: 600px) 100vw, 600px\" \/><\/figure>\n\n\n\n<h4 class=\"wp-block-heading\">Este tamb\u00e9m \u00e9 o quarto ano da gest\u00e3o Bolsonaro que os focos de queimadas ficam acima da marca de 28 mil. No \u00faltimo dia 22, bioma teve o pior dia de queima em 15 anos.<\/h4>\n\n\n\n<!--more-->\n\n\n\n<p>Por Roberto Peixoto, g1<\/p>\n\n\n\n<p>A Amaz\u00f4nia registrou 31.513 focos de queimadas em agosto, o maior n\u00famero para o m\u00eas desde 2010, quando 45.018 focos foram registrados.&nbsp;Os dados oficiais foram divulgados na manh\u00e3 desta quinta-feira (1\u00ba) pelo Programa Queimadas, do Instituto Nacional de Pesquisas Espaciais (Inpe).&nbsp;<\/p>\n\n\n\n<p>Este \u00e9 o quarto ano consecutivo da gest\u00e3o do presidente Jair Bolsonaro (PL) que o n\u00famero fica<strong>&nbsp;acima da marca de 28 mil.<\/strong><\/p>\n\n\n\n<p>O \u00edndice tamb\u00e9m est\u00e1 acima da m\u00e9dia hist\u00f3rica para o m\u00eas, que est\u00e1 em 26 mil (o c\u00e1lculo do Inpe n\u00e3o considera os valores do ano corrente).<\/p>\n\n\n\n<p><a href=\"https:\/\/g1.globo.com\/meio-ambiente\/noticia\/2022\/08\/24\/com-33-mil-focos-amazonia-tem-pior-dia-de-queimadas-em-15-anos-apontam-dados-do-inpe.ghtml\">Como mostrou o\u00a0<strong>g1,\u00a0<\/strong>no \u00faltimo dia 22 de agosto, o bioma teve o pior dia de queimadas em 15 anos,\u00a0<\/a>com 3.358 focos registrados no intervalo, n\u00famero quase tr\u00eas vezes maior que o &#8220;Dia do Fogo&#8221;.<\/p>\n\n\n\n<p>O n\u00famero \u00e9 t\u00e3o alto que, segundo o programa de monitoramento ambiental Copernicus, da Uni\u00e3o Europeia, est\u00e1 afetando &#8220;seriamente&#8221; a qualidade do ar na Am\u00e9rica do Sul.<\/p>\n\n\n\n<p>Na imagem abaixo feita por um sat\u00e9lite do projeto, \u00e9 poss\u00edvel ver os altos n\u00edveis de mon\u00f3xido de carbono (CO, g\u00e1s que \u00e9 liberado por queimadas) para a regi\u00e3o entre 20 e 24 de agosto.&nbsp;<\/p>\n\n\n\n<figure class=\"wp-block-image\"><img data-recalc-dims=\"1\" decoding=\"async\" src=\"https:\/\/i0.wp.com\/s2.glbimg.com\/fpU0FNg88ONvW_NBLHM1CcV6KF8%3D\/0x0%3A4001x4078\/600x0\/smart\/filters%3Agifv%28%29%3Astrip_icc%28%29\/i.s3.glbimg.com\/v1\/AUTH_59edd422c0c84a879bd37670ae4f538a\/internal_photos\/bs\/2022\/Y\/G\/t0Ku4yRVutAASUBaDBiQ\/20220827-co-southamerica.jpg?w=600&#038;ssl=1\" alt=\"Qualidade do ar na Am\u00e9rica do Sul entre 20 e 24 de agosto \u2014 Foto: Uni\u00e3o Europeia, imagens do Copernicus Sentinel-5P\"\/><figcaption>Qualidade do ar na Am\u00e9rica do Sul entre 20 e 24 de agosto \u2014 Foto: Uni\u00e3o Europeia, imagens do Copernicus Sentinel-5P&nbsp;<\/figcaption><\/figure>\n\n\n\n<p>Para Suely Ara\u00fajo, especialista s\u00eanior em pol\u00edticas p\u00fablicas do Observat\u00f3rio do Clima, o resulto de todos os \u00edndices \u00e9 desastroso: &#8220;Muita degrada\u00e7\u00e3o ambiental, morte da fauna silvestre, doen\u00e7as respirat\u00f3rias na popula\u00e7\u00e3o nas diferentes faixas et\u00e1rias&#8221;.&nbsp;<\/p>\n\n\n\n<p>&#8220;Os inc\u00eandios florestais na Amaz\u00f4nia est\u00e3o batendo recordes neste ano em uma combina\u00e7\u00e3o de seca, explos\u00e3o do desmatamento \u2013 impulsionada por um governo federal ecocida que v\u00ea a pol\u00edtica ambiental como mero entrave a ser afastado \u2013 e uso inadequado do fogo associado ao pr\u00f3prio desmatamento&#8221;, avalia Ara\u00fajo, que tamb\u00e9m foi ex-presidente do Ibama.<\/p>\n\n\n\n<p>Em rela\u00e7\u00e3o aos focos de inc\u00eandio acumulados desde o come\u00e7o do ano at\u00e9 agosto, a Amaz\u00f4nia soma&nbsp;<strong>46.022 registros.<\/strong>&nbsp;No ano passado, o mesmo per\u00edodo teve 39.424 focos de inc\u00eandio.&nbsp;<\/p>\n\n\n\n<p><em>Compare no gr\u00e1fico abaixo.<\/em>Focos de queimada na Amaz\u00f4nia em agostoAgosto de 2022 foi o pior m\u00eas desde 2010<\/p>\n\n\n\n\n\n<p>Fonte: INPE<\/p>\n\n\n\n<p>A temporada de inc\u00eandios geralmente ocorre na Amaz\u00f4nia entre junho e outubro, mas fazendeiros, garimpeiros e grileiros derrubam a floresta e se preparam para queim\u00e1-la durante todo o ano.<\/p>\n\n\n\n<p><a href=\"https:\/\/g1.globo.com\/meio-ambiente\/noticia\/2022\/08\/17\/amazonia-legal-tem-o-maior-desmatamento-em-15-anos-aponta-imazon.ghtml\">Este ano, a Amaz\u00f4nia Legal (regi\u00e3o que corresponde a 59% do territ\u00f3rio brasileiro e que engloba a \u00e1rea de 9 estados &#8211; Acre, Amap\u00e1, Amazonas, Mato Grosso, Par\u00e1, Rond\u00f4nia, Roraima, Tocantins e uma parte do Maranh\u00e3o) teve o maior desmatamento em 15 anos, segundo dados do Imazon.<\/a><\/p>\n\n\n\n<figure class=\"wp-block-image\"><img data-recalc-dims=\"1\" decoding=\"async\" src=\"https:\/\/i0.wp.com\/s2.glbimg.com\/N92hH9hrz1UBJICX5CQT4--IrGQ%3D\/0x0%3A5500x3667\/600x0\/smart\/filters%3Agifv%28%29%3Astrip_icc%28%29\/i.s3.glbimg.com\/v1\/AUTH_59edd422c0c84a879bd37670ae4f538a\/internal_photos\/bs\/2022\/5\/c\/mJFzt8QP2bgIDR1B3OkA\/2022-08-31t111718z-1902994149-rc2m7w94eq5j-rtrmadp-3-brazil-environment-fires.jpg?w=600&#038;ssl=1\" alt=\"Brigadistas do Ibama tentam controlar fotos de queimada durante inc\u00eandio em \u00e1rea da Floresta Amaz\u00f4nica em Apu\u00ed, no estado do Amazonas (foto de setembro de 2021). \u2014 Foto: REUTERS\/Bruno Kelly\/File Photo\/File Photo\/File Photo\"\/><figcaption>Brigadistas do Ibama tentam controlar fotos de queimada durante inc\u00eandio em \u00e1rea da Floresta Amaz\u00f4nica em Apu\u00ed, no estado do Amazonas (foto de setembro de 2021). \u2014 Foto: REUTERS\/Bruno Kelly\/File Photo\/File Photo\/File Photo&nbsp;<\/figcaption><\/figure>\n\n\n\n<blockquote class=\"wp-block-quote is-layout-flow wp-block-quote-is-layout-flow\"><p>Para o Greenpeace Brasil, os n\u00fameros n\u00e3o s\u00e3o uma surpresa. &#8220;O que tem\u00edamos e alertamos aconteceu!&#8221;, declara o coordenador da campanha de Amaz\u00f4nia da ONG, Andr\u00e9 Freitas.<\/p><\/blockquote>\n\n\n\n<p>&#8220;Ap\u00f3s quase quatro anos de uma clara e objetiva pol\u00edtica antiambiental por parte do governo federal, vemos que na imin\u00eancia de encerramento desse mandato &#8211; que est\u00e1 sendo um dos per\u00edodos mais sombrios para o meio ambiente &#8211; grileiros e todos aqueles que tem operado na ilegalidade, viram um cen\u00e1rio perfeito para avan\u00e7arem sobre a floresta\u201d.<\/p>\n\n\n\n<h2 class=\"wp-block-heading\">Consequ\u00eancia do desmatamento<\/h2>\n\n\n\n<p><a href=\"https:\/\/g1.globo.com\/meio-ambiente\/noticia\/2022\/06\/30\/relatorio-da-cgu-aponta-que-ministerio-do-meio-ambiente-colocou-em-risco-continuidade-do-fundo-amazonia-que-tem-r-32-bilhoes-paralisados.ghtml\">Em junho, um documento obtido pelo&nbsp;<strong>g1<\/strong>&nbsp;apontou que o Minist\u00e9rio do Meio Ambiente do governo Bolsonaro colocou em risco a continuidade do Fundo Amaz\u00f4nia<\/a>, criado h\u00e1 cerca de 14 anos para financiar a\u00e7\u00f5es de redu\u00e7\u00e3o de emiss\u00f5es geradas pela degrada\u00e7\u00e3o florestal e pelo desmatamento.<\/p>\n\n\n\n<p>Angela Kuczach, diretora-executiva da Rede Nacional Pr\u00f3 Unidades de Conserva\u00e7\u00e3o, explica que&nbsp;<strong>o fogo \u00e9 a finaliza\u00e7\u00e3o do desmatamento, e uma coisa \u00e9 consequ\u00eancia da outra.<\/strong><\/p>\n\n\n\n<blockquote class=\"wp-block-quote is-layout-flow wp-block-quote-is-layout-flow\"><p>\u201cPrimeiro as arvores s\u00e3o derrubadas com corrent\u00e3o, ou de outra forma, e depois se ateia fogo na \u00e1rea, ou seja, os dados anteriores de desmatamento agora refletem na dimens\u00e3o das queimadas\u201d, explica ela.<\/p><\/blockquote>\n\n\n\n<figure class=\"wp-block-image\"><img data-recalc-dims=\"1\" decoding=\"async\" src=\"https:\/\/i0.wp.com\/s2.glbimg.com\/p4N7zqD7_icknPebjOaZs_ot6_Y%3D\/0x0%3A2500x1667\/600x0\/smart\/filters%3Agifv%28%29%3Astrip_icc%28%29\/i.s3.glbimg.com\/v1\/AUTH_59edd422c0c84a879bd37670ae4f538a\/internal_photos\/bs\/2022\/q\/f\/9C5VFlQrqP4rVAW0nZbQ\/gp1szphf-.jpg?w=600&#038;ssl=1\" alt=\"Imagem de 30 de agosto de sobrevoo na regi\u00e3o da Amacro (Amazonas, Acre e Rond\u00f4nia), em uma \u00e1rea com cerca de 8.000 hectares de desmatamento - a maior em 2022 - que est\u00e1 queimando h\u00e1 dias. Localiza\u00e7\u00e3o exata ainda vai ser georreferenciada pelo Greenpeace. \u2014 Foto: \u00a9 Nilmar Lage \/ Greenpeace \/ Divulga\u00e7\u00e3o\"\/><figcaption>Imagem de 30 de agosto de sobrevoo na regi\u00e3o da Amacro (Amazonas, Acre e Rond\u00f4nia), em uma \u00e1rea com cerca de 8.000 hectares de desmatamento &#8211; a maior em 2022 &#8211; que est\u00e1 queimando h\u00e1 dias. Localiza\u00e7\u00e3o exata ainda vai ser georreferenciada pelo Greenpeace. \u2014 Foto: \u00a9 Nilmar Lage \/ Greenpeace \/ Divulga\u00e7\u00e3o&nbsp;<\/figcaption><\/figure>\n\n\n\n<p><a href=\"https:\/\/g1.globo.com\/meio-ambiente\/noticia\/2022\/08\/12\/pela-3a-vez-na-gestao-bolsonaro-alertas-de-desmate-passam-de-8-mil-km-de-area-sob-devastacao.ghtml\">No come\u00e7o de agosto, dados do sistema Deter do Inpe, que produz sinais di\u00e1rios de altera\u00e7\u00e3o na cobertura florestal para \u00e1reas maiores que 3 hectares (0,03 km\u00b2), apontaram tamb\u00e9m que o acumulado de alertas de desmatamento em 2022 na Amaz\u00f4nia Legal foi de 8.590 km\u00b2<\/a>, o terceiro ano consecutivo da gest\u00e3o do presidente Jair Bolsonaro (PL) que os alertam ficaram acima da marca de 8 mil.<\/p>\n\n\n\n<blockquote class=\"wp-block-quote is-layout-flow wp-block-quote-is-layout-flow\"><p>\u201cEsse aumento de inc\u00eandios, neste ano, principalmente na Amaz\u00f4nia, \u00e9 reflexo da falta de aplica\u00e7\u00e3o das leis ambientais no Brasil. Nos \u00faltimos anos, assistimos sistematicamente as leis ambientais e os processos de fiscaliza\u00e7\u00e3o sendo desrespeitados\u201d, acrescenta a especialista.<\/p><\/blockquote>\n\n\n\n<h2 class=\"wp-block-heading\">Cidades recordistas<\/h2>\n\n\n\n<p>Os 10 munic\u00edpios com o maior registro de focos de inc\u00eandio no Brasil no acumulado de 2022, at\u00e9 agosto, s\u00e3o&nbsp;<a href=\"https:\/\/g1.globo.com\/pa\/para\/cidade\/altamira\/\">Altamira<\/a>&nbsp;(Par\u00e1),&nbsp;<a href=\"https:\/\/g1.globo.com\/pa\/para\/cidade\/sao-felix-do-xingu\/\">S\u00e3o F\u00e9lix do Xingu<\/a>&nbsp;(Par\u00e1),&nbsp;<a href=\"https:\/\/g1.globo.com\/am\/amazonas\/cidade\/apui\/\">Apu\u00ed<\/a>(Amazonas),&nbsp;<a href=\"https:\/\/g1.globo.com\/pa\/para\/cidade\/novo-progresso\/\">Novo Progresso<\/a>&nbsp;(Par\u00e1),&nbsp;<a href=\"https:\/\/g1.globo.com\/ro\/rondonia\/cidade\/porto-velho\/\">Porto Velho<\/a>&nbsp;(Rond\u00f4nia),&nbsp;<a href=\"https:\/\/g1.globo.com\/am\/amazonas\/cidade\/labrea\/\">L\u00e1brea<\/a>&nbsp;(Amazonas),&nbsp;<a href=\"https:\/\/g1.globo.com\/mt\/mato-grosso\/cidade\/colniza\/\">Colniza<\/a>&nbsp;(Mato Grosso),&nbsp;<a href=\"https:\/\/g1.globo.com\/am\/amazonas\/cidade\/novo-aripuana\/\">Novo Aripuan\u00e3<\/a>(Amazonas),&nbsp;<a href=\"https:\/\/g1.globo.com\/pa\/para\/cidade\/itaituba\/\">Itaituba<\/a>&nbsp;(Par\u00e1) e&nbsp;<a href=\"https:\/\/g1.globo.com\/am\/amazonas\/cidade\/manicore\/\">Manicor\u00e9<\/a>(Amazonas).<\/p>\n\n\n\n<p><em>Veja no gr\u00e1fico abaixo o n\u00famero de focos acumulados neste ano para cada um desses munic\u00edpios.<\/em>Focos de queimadas por munic\u00edpio &#8211; 2022Est\u00e3o listados apenas os 10 munic\u00edpios com o maior n\u00famero de focos acumulados at\u00e9 agosto.<\/p>\n\n\n\n\n\n<p>Fonte: Inpe&nbsp;<\/p>\n\n\n\n<h2 class=\"wp-block-heading\">Sobrevoo do Greenpeace<\/h2>\n\n\n\n<p><a href=\"https:\/\/g1.globo.com\/natureza\/noticia\/2022\/06\/23\/governo-proibe-uso-do-fogo-por-120-dias.ghtml\">O uso do fogo no bioma est\u00e1 proibido desde 23 de junho, quando o governo federal publicou um decreto suspendendo a pr\u00e1tica por 120 dias no territ\u00f3rio nacional.<\/a>&nbsp;Por isso, de acordo com o Greenpeace, os n\u00fameros &#8220;alarmantes&#8221; de queimadas registradas na Amaz\u00f4nia mostram que &#8220;n\u00e3o existe uma pol\u00edtica s\u00e9ria de combate ao desmatamento e queima da floresta&#8221;.<\/p>\n\n\n\n<figure class=\"wp-block-image\"><img data-recalc-dims=\"1\" decoding=\"async\" src=\"https:\/\/i0.wp.com\/s2.glbimg.com\/0jXRnwcW-k0eeHUaNbRjsedo86s%3D\/0x0%3A2500x1667\/600x0\/smart\/filters%3Agifv%28%29%3Astrip_icc%28%29\/i.s3.glbimg.com\/v1\/AUTH_59edd422c0c84a879bd37670ae4f538a\/internal_photos\/bs\/2022\/b\/v\/r78CNtSGOp89xyB4zOcA\/gp1szphq-.jpg?w=600&#038;ssl=1\" alt=\"Sobrevoo na regi\u00e3o da Amacro (Amazonas, Acre e Rond\u00f4nia), em uma \u00e1rea com cerca de 8.000 hectares de desmatamento - a maior em 2022 - que est\u00e1 queimando h\u00e1 dias. \u2014 Foto: \u00a9 Nilmar Lage \/ Greenpeace \/ Divulga\u00e7\u00e3o\"\/><figcaption>Sobrevoo na regi\u00e3o da Amacro (Amazonas, Acre e Rond\u00f4nia), em uma \u00e1rea com cerca de 8.000 hectares de desmatamento &#8211; a maior em 2022 &#8211; que est\u00e1 queimando h\u00e1 dias. \u2014 Foto: \u00a9 Nilmar Lage \/ Greenpeace \/ Divulga\u00e7\u00e3o&nbsp;<\/figcaption><\/figure>\n\n\n\n<p>A ONG, que fez um sobrevoo de monitoramento de queimadas e desmatamento na regi\u00e3o da Amacro (siglas de Amazonas, Acre e Rond\u00f4nia) e flagrou o maior desmatamento da Amaz\u00f4nia no \u00faltimo ano: cerca de&nbsp;<strong>8.000 hectares<\/strong>, equivalente a&nbsp;<strong>11.000 campos de futebol queimando<\/strong>&nbsp;<em>(veja a imagem acima)<\/em>&nbsp;destaca que, do total de focos de calor do ano registrados at\u00e9 31 de agosto &#8211; 46.022, houve um&nbsp;<strong>aumento de 16,7%<\/strong>&nbsp;em rela\u00e7\u00e3o ao ano passado,&nbsp;maior n\u00famero acumulado para o per\u00edodo desde 2019.<\/p>\n\n\n\n<p>Desse total, 43% ocorreram apenas em dez munic\u00edpios da Amaz\u00f4nia, sendo cinco deles localizados na regi\u00e3o da Amacro, &#8220;considerada a nova fronteira de expans\u00e3o da economia da destrui\u00e7\u00e3o na Amaz\u00f4nia e que vem acelerando as taxas de desmatamento e queimadas&#8221;.<\/p>\n\n\n\n<figure class=\"wp-block-image\"><img data-recalc-dims=\"1\" decoding=\"async\" src=\"https:\/\/i0.wp.com\/s2.glbimg.com\/Zkcge7LslOD45jrYngBkQ_uyPmY%3D\/0x0%3A2500x1667\/600x0\/smart\/filters%3Agifv%28%29%3Astrip_icc%28%29\/i.s3.glbimg.com\/v1\/AUTH_59edd422c0c84a879bd37670ae4f538a\/internal_photos\/bs\/2022\/D\/I\/C1rjAsTsaXe5DtCftBJA\/gp1szphl-.jpg?w=600&#038;ssl=1\" alt=\"Sobrevoo na regi\u00e3o da Amacro (Amazonas, Acre e Rond\u00f4nia), em uma \u00e1rea com cerca de 8.000 hectares de desmatamento - a maior em 2022 - que est\u00e1 queimando h\u00e1 dias. \u2014 Foto: \u00a9 Nilmar Lage \/ Greenpeace \/ Divulga\u00e7\u00e3o\"\/><figcaption>Sobrevoo na regi\u00e3o da Amacro (Amazonas, Acre e Rond\u00f4nia), em uma \u00e1rea com cerca de 8.000 hectares de desmatamento &#8211; a maior em 2022 &#8211; que est\u00e1 queimando h\u00e1 dias. \u2014 Foto: \u00a9 Nilmar Lage \/ Greenpeace \/ Divulga\u00e7\u00e3o&nbsp;<\/figcaption><\/figure>\n\n\n\n<p>&#8220;Outro fator relevante \u00e9 o avan\u00e7o das queimadas em terras p\u00fablicas. Do total de focos de calor, 13,8% ocorreram em Unidades de Conserva\u00e7\u00e3o (UCs), e 5,9%, em Terras Ind\u00edgenas (TI). Outro dado que preocupa \u00e9 que mais de 10.600 queimadas, cerca de \u00bc do total, ocorreram em florestas p\u00fablicas n\u00e3o destinadas. Mais um ind\u00edcio do avan\u00e7o da grilagem&#8221;, destaca o Greenpeace.&nbsp;<\/p>\n\n\n\n<p>O<strong>&nbsp;g1<\/strong>&nbsp;entrou em contato com o Minist\u00e9rio do Meio Ambiente para que a pasta comentasse os n\u00fameros, mas n\u00e3o obteve resposta at\u00e9 a \u00faltima atualiza\u00e7\u00e3o desta reportagem.<\/p>\n","protected":false},"excerpt":{"rendered":"<p>Este tamb\u00e9m \u00e9 o quarto ano da gest\u00e3o Bolsonaro que os focos de queimadas ficam acima da marca de 28 mil. No \u00faltimo dia 22, bioma teve o pior dia de queima em 15 anos.<\/p>\n","protected":false},"author":1,"featured_media":0,"comment_status":"closed","ping_status":"open","sticky":false,"template":"","format":"standard","meta":{"_exactmetrics_skip_tracking":false,"_exactmetrics_sitenote_active":false,"_exactmetrics_sitenote_note":"","_exactmetrics_sitenote_category":0,"jetpack_post_was_ever_published":false,"_jetpack_newsletter_access":"","_jetpack_dont_email_post_to_subs":false,"_jetpack_newsletter_tier_id":0,"_jetpack_memberships_contains_paywalled_content":false,"_jetpack_memberships_contains_paid_content":false,"footnotes":"","jetpack_publicize_message":"","jetpack_publicize_feature_enabled":true,"jetpack_social_post_already_shared":true,"jetpack_social_options":{"image_generator_settings":{"template":"highway","enabled":false},"version":2}},"categories":[1],"tags":[],"class_list":["post-34124","post","type-post","status-publish","format-standard","hentry","category-notas"],"jetpack_publicize_connections":[],"jetpack_sharing_enabled":true,"jetpack_featured_media_url":"","jetpack_shortlink":"https:\/\/wp.me\/p7wKYW-8So","jetpack-related-posts":[],"_links":{"self":[{"href":"http:\/\/blogdalucianaoliveira.com.br\/blog\/wp-json\/wp\/v2\/posts\/34124","targetHints":{"allow":["GET"]}}],"collection":[{"href":"http:\/\/blogdalucianaoliveira.com.br\/blog\/wp-json\/wp\/v2\/posts"}],"about":[{"href":"http:\/\/blogdalucianaoliveira.com.br\/blog\/wp-json\/wp\/v2\/types\/post"}],"author":[{"embeddable":true,"href":"http:\/\/blogdalucianaoliveira.com.br\/blog\/wp-json\/wp\/v2\/users\/1"}],"replies":[{"embeddable":true,"href":"http:\/\/blogdalucianaoliveira.com.br\/blog\/wp-json\/wp\/v2\/comments?post=34124"}],"version-history":[{"count":1,"href":"http:\/\/blogdalucianaoliveira.com.br\/blog\/wp-json\/wp\/v2\/posts\/34124\/revisions"}],"predecessor-version":[{"id":34126,"href":"http:\/\/blogdalucianaoliveira.com.br\/blog\/wp-json\/wp\/v2\/posts\/34124\/revisions\/34126"}],"wp:attachment":[{"href":"http:\/\/blogdalucianaoliveira.com.br\/blog\/wp-json\/wp\/v2\/media?parent=34124"}],"wp:term":[{"taxonomy":"category","embeddable":true,"href":"http:\/\/blogdalucianaoliveira.com.br\/blog\/wp-json\/wp\/v2\/categories?post=34124"},{"taxonomy":"post_tag","embeddable":true,"href":"http:\/\/blogdalucianaoliveira.com.br\/blog\/wp-json\/wp\/v2\/tags?post=34124"}],"curies":[{"name":"wp","href":"https:\/\/api.w.org\/{rel}","templated":true}]}}