{"id":34130,"date":"2022-09-03T10:46:04","date_gmt":"2022-09-03T14:46:04","guid":{"rendered":"http:\/\/blogdalucianaoliveira.com.br\/blog\/?p=34130"},"modified":"2022-09-03T10:46:12","modified_gmt":"2022-09-03T14:46:12","slug":"filmado-em-rondonia-o-filme-o-territorio-premiado-em-sundance-estreia-no-brasil-no-dia-da-amazonia","status":"publish","type":"post","link":"http:\/\/blogdalucianaoliveira.com.br\/blog\/2022\/09\/03\/filmado-em-rondonia-o-filme-o-territorio-premiado-em-sundance-estreia-no-brasil-no-dia-da-amazonia\/","title":{"rendered":"Filmado em Rond\u00f4nia: O filme \u201cO Territ\u00f3rio\u201d premiado em Sundance estreia no Brasil no Dia da Amaz\u00f4nia"},"content":{"rendered":"\n<figure class=\"wp-block-image size-large\"><img data-recalc-dims=\"1\" loading=\"lazy\" decoding=\"async\" width=\"400\" height=\"591\" data-attachment-id=\"34131\" data-permalink=\"http:\/\/blogdalucianaoliveira.com.br\/blog\/2022\/09\/03\/filmado-em-rondonia-o-filme-o-territorio-premiado-em-sundance-estreia-no-brasil-no-dia-da-amazonia\/9f8654c2-c4c7-43ad-afad-431a85e75864\/\" data-orig-file=\"https:\/\/i0.wp.com\/blogdalucianaoliveira.com.br\/blog\/wp-content\/uploads\/2022\/09\/9F8654C2-C4C7-43AD-AFAD-431A85E75864.jpeg?fit=400%2C591\" data-orig-size=\"400,591\" data-comments-opened=\"0\" data-image-meta=\"{&quot;aperture&quot;:&quot;0&quot;,&quot;credit&quot;:&quot;&quot;,&quot;camera&quot;:&quot;&quot;,&quot;caption&quot;:&quot;&quot;,&quot;created_timestamp&quot;:&quot;0&quot;,&quot;copyright&quot;:&quot;&quot;,&quot;focal_length&quot;:&quot;0&quot;,&quot;iso&quot;:&quot;0&quot;,&quot;shutter_speed&quot;:&quot;0&quot;,&quot;title&quot;:&quot;&quot;,&quot;orientation&quot;:&quot;1&quot;}\" data-image-title=\"9F8654C2-C4C7-43AD-AFAD-431A85E75864\" data-image-description=\"\" data-image-caption=\"\" data-medium-file=\"https:\/\/i0.wp.com\/blogdalucianaoliveira.com.br\/blog\/wp-content\/uploads\/2022\/09\/9F8654C2-C4C7-43AD-AFAD-431A85E75864.jpeg?fit=203%2C300\" data-large-file=\"https:\/\/i0.wp.com\/blogdalucianaoliveira.com.br\/blog\/wp-content\/uploads\/2022\/09\/9F8654C2-C4C7-43AD-AFAD-431A85E75864.jpeg?fit=400%2C591\" src=\"https:\/\/i0.wp.com\/blogdalucianaoliveira.com.br\/blog\/wp-content\/uploads\/2022\/09\/9F8654C2-C4C7-43AD-AFAD-431A85E75864.jpeg?resize=400%2C591\" alt=\"\" class=\"wp-image-34131\" srcset=\"https:\/\/i0.wp.com\/blogdalucianaoliveira.com.br\/blog\/wp-content\/uploads\/2022\/09\/9F8654C2-C4C7-43AD-AFAD-431A85E75864.jpeg?w=400 400w, https:\/\/i0.wp.com\/blogdalucianaoliveira.com.br\/blog\/wp-content\/uploads\/2022\/09\/9F8654C2-C4C7-43AD-AFAD-431A85E75864.jpeg?resize=203%2C300 203w\" sizes=\"auto, (max-width: 400px) 100vw, 400px\" \/><\/figure>\n\n\n\n<p>Tribuna Popular &#8211; Vencedor de dois pr\u00eamios em Sundance este ano, filme\u00a0<strong>\u201c<a href=\"https:\/\/www.youtube.com\/watch?v=2nHxMjZYWOA\">O Territ\u00f3rio<\/a>\u201c<\/strong>, filmado em Rond\u00f4nia e com dire\u00e7\u00e3o de\u00a0<strong>Alex Pritz<\/strong>, ter\u00e1 sess\u00f5es especiais em 15 cidades do Brasil no Dia da Amaz\u00f4nia (pr\u00f3xima segunda-feira). O filme, depois de passar por festivais internacionais, chega aos cinemas no pr\u00f3ximo dia 8 de setembro. Os ingressos antecipados j\u00e1 est\u00e3o \u00e0 venda. A produ\u00e7\u00e3o executiva \u00e9 da ativista\u00a0<strong>Txai Suru\u00ed<\/strong>.<\/p>\n\n\n\n<!--more-->\n\n\n\n<p>Este filme, parcialmente filmado pelo povo&nbsp;<strong>Uru-Eu-Wau-Wau<\/strong>, vem ganhando o mundo ao mostrar as invas\u00f5es \u00e0s terras ind\u00edgenas.<br><strong>Vencedor de Sundance 2022, \u201cO Territ\u00f3rio\u201d, ter\u00e1 sess\u00f5es antecipadas dia 5 de setembro em homenagem ao Dia da Amaz\u00f4nia, em 15 cidades do Brasil<\/strong><\/p>\n\n\n\n<p><em>Do diretor Alex Pritz, dos produtores indicados ao Oscar<\/em>\u00ae<em>&nbsp;Darren Aronofsky e Sigrid Dyekj\u00e6r; filme estreia nos cinemas dia 8 de setembro<\/em><\/p>\n\n\n\n<p>Veja o trailer&nbsp;<a href=\"https:\/\/www.youtube.com\/watch?v=2nHxMjZYWOA\">aqui<\/a>.<\/p>\n\n\n\n<p>Veja o cartaz&nbsp;<a href=\"https:\/\/s2208.imxsnd19.com\/link.php?code=bDpodHRwcyUzQSUyRiUyRmRyaXZlLmdvb2dsZS5jb20lMkZkcml2ZSUyRmZvbGRlcnMlMkYxYTlxRVRfb0x5Zmk4d3dLdTRlSjFBNkxHenpQVFNpaW0lM0Z1c3AlM0RzaGFyaW5nOjI3MzEzNDg5NTU6emVyb25hbGRvQHplcm9uYWxkby5jb206OTYxMGQ2OjIy\">aqui<\/a>.<\/p>\n\n\n\n<p>A&nbsp;<strong>National Geographic Documentary Films<\/strong>&nbsp;e a&nbsp;<strong>O2 Play<\/strong>&nbsp;anunciam que \u201cO Territ\u00f3rio\u201d, premiado document\u00e1rio do diretor&nbsp;<strong>Alex Pritz<\/strong>, estar\u00e1 dispon\u00edvel no&nbsp;<strong>Dia da Amaz\u00f4nia<\/strong>, 5 de setembro, em 15 cidades brasileiras: S\u00e3o Paulo (SP), Rio de Janeiro (RJ), Salvador (BA), Macap\u00e1 (AP), Manaus (AM), Distrito Federal (DF), Belo Horizonte (MG), Natal (RN), Macei\u00f3 (AL), Recife (PE), Jundia\u00ed (SP), Bel\u00e9m (PA), Ananindeua (PA), Marab\u00e1 (PA) e Florian\u00f3polis (SC). A partir de 8 de setembro, o document\u00e1rio estreia em cinemas selecionados e ter\u00e1 sess\u00e3o especial no&nbsp;<strong>CineSesc<\/strong>, em S\u00e3o Paulo, no encerramento da \u201cMostra Amaz\u00f4nia \u2013 Passado, Presente e Futuro\u201d (leia mais abaixo).<\/p>\n\n\n\n<p>Produzido pelo cineasta indicado ao Oscar\u00ae&nbsp;<strong>Darren Aronofsky<\/strong>, pelo indicado ao Oscar\u00ae e vencedor do Emmy&nbsp;<strong>Sigrid Dyekj\u00e6r<\/strong>&nbsp;(\u201cA Caverna\u201d),&nbsp;<strong>Will N. Miller<\/strong>,&nbsp;<strong>Gabriel Uchida<\/strong>,&nbsp;<strong>Lizzie Gillett<\/strong>&nbsp;e&nbsp;<strong>Pritz<\/strong>, com produ\u00e7\u00e3o executiva da ativista&nbsp;<strong>Txai Suru\u00ed<\/strong>, com trilha sonora original de&nbsp;<strong>Katya Mihailova<\/strong>&nbsp;e edi\u00e7\u00e3o de&nbsp;<strong>Carlos Rojas Felice<\/strong>, o filme \u00e9 uma coprodu\u00e7\u00e3o com a comunidade ind\u00edgena&nbsp;<strong>Uru-eu-wau-wau<\/strong>.<\/p>\n\n\n\n<p>Vencedor de mais de dez pr\u00eamios internacionais, Certified Fresh no Rotten Tomatoes com 95% de aprova\u00e7\u00e3o da cr\u00edtica, \u201cO Territ\u00f3rio\u201d, fornece um olhar imersivo sobre a luta incans\u00e1vel dos povos ind\u00edgenas&nbsp;<strong>Uru-Eu-Wau-Wau<\/strong>&nbsp;da Amaz\u00f4nia contra o desmatamento invasor trazido por agricultores e colonos ilegais. Com uma cinematografia inspiradora mostrando a paisagem e um design de som ricamente texturizado, o filme leva o p\u00fablico para dentro da comunidade&nbsp;<strong>Uru-Eu-Wau-Wau<\/strong>&nbsp;e oferece acesso sem precedentes aos agricultores e colonos que queimam e desmatam ilegalmente a terra ind\u00edgena protegida.<\/p>\n\n\n\n<p>Parcialmente filmado pelo povo&nbsp;<strong>Uru-Eu-Wau-Wau<\/strong>, o filme se baseia em imagens reais capturadas ao longo de tr\u00eas anos, enquanto a comunidade arrisca suas vidas para montar sua pr\u00f3pria equipe de m\u00eddia na esperan\u00e7a de expor a verdade.<\/p>\n\n\n\n<p>\u201cEste filme apresenta uma realidade que precisa ser exposta. Estamos felizes com a relev\u00e2ncia e o alcance que essa produ\u00e7\u00e3o est\u00e1 adquirindo\u201d, comenta&nbsp;<strong>Alex Pritz<\/strong>. \u201cEm todos os lugares onde levamos<strong>&nbsp;\u2018<\/strong>O Territ\u00f3rio\u2019, todos foram impactados e se sensibilizaram pela situa\u00e7\u00e3o que os&nbsp;<strong>Uru-eu-wau-wau<\/strong>&nbsp;vivenciam. Tenho certeza que, em sua estreia no Brasil, o efeito do filme ser\u00e1 maior e mais poderoso ainda\u201d, declara o diretor.<\/p>\n\n\n\n<p>\u201cTodo barulho que estamos conseguindo fazer com o filme mostra que estamos superando uma heran\u00e7a de apagamento e marginaliza\u00e7\u00e3o. N\u00f3s j\u00e1 est\u00e1vamos registrando nossa vida e nosso cotidiano para nos preservar, e agora estamos fazendo estas imagens e essa hist\u00f3ria chegarem a lugares que nem imagin\u00e1vamos poder alcan\u00e7ar\u201d, declara&nbsp;<strong>Bitat\u00e9 Uru-eu-wau-wau<\/strong>, o jovem l\u00edder do&nbsp;<strong>Uru-eu-wau-wau<\/strong>&nbsp;em \u201cO Territ\u00f3rio\u201d.<\/p>\n\n\n\n<p>O filme, que teve seu lan\u00e7amento mundial na competi\u00e7\u00e3o World Cinema em Sundance 2022, ganhou o Pr\u00eamio do P\u00fablico e o Pr\u00eamio Especial do J\u00fari, tornando-o o \u00fanico filme do evento a ganhar pr\u00eamios do p\u00fablico e do j\u00fari.<\/p>\n\n\n\n<p>Muitos outros se seguiram, incluindo o True\/False True Life Fund Recipient 2022, o CPH:DOX Special Men\u00e7\u00e3o do J\u00fari, o Netherlands\u2019 Movies That Matter Activist Documentary Award, o Seattle International Film Festival Golden Space Needle Award de Melhor Document\u00e1rio, o Philadelphia Environmental Pr\u00eamio do P\u00fablico do Festival de Cinema, o Pr\u00eamio Document\u00e1rio&nbsp;<strong>John Schlesinger<\/strong>&nbsp;do Festival Internacional de Cinema de Provincetown, o Pr\u00eamio de Melhor Categoria Planeta Sustent\u00e1vel do Festival Internacional de Cinema de Vida Selvagem e o Pr\u00eamio Melhor do Festival, o Pr\u00eamio DocsBarcelona Anistia Internacional da Catalunha e o Pr\u00eamio MountainFilm Minds Moving Mountains.<\/p>\n\n\n\n<p>\u201cO Territ\u00f3rio\u201d fornece um olhar imersivo sobre a luta incans\u00e1vel do povo ind\u00edgena&nbsp;<strong>Uru-eu-wau-wau<\/strong>&nbsp;contra o desmatamento trazido por posseiros, grileiros, garimpeiros e outros invasores de terras na Amaz\u00f4nia brasileira.<\/p>\n\n\n\n<p>Nas aldeias&nbsp;<strong>Uru-eu-wau-wau<\/strong>&nbsp;h\u00e1 menos de 200 pessoas, incluindo idosos e crian\u00e7as, para defender quase 1.867,117 hectares de floresta tropical. Nos limites do territ\u00f3rio demarcado, uma rede de agricultores se organiza para alcan\u00e7ar suas reivindica\u00e7\u00f5es atrav\u00e9s de meios legais, enquanto grileiros come\u00e7am a desmatar trechos de floresta tropical por conta pr\u00f3pria.<\/p>\n\n\n\n<p>Com a sobreviv\u00eancia da comunidade em jogo,&nbsp;<strong>Bitat\u00e9 Uru-eu-wau-wau<\/strong>&nbsp;e&nbsp;<strong>Neidinha Bandeira<\/strong>&nbsp;\u2014 um jovem l\u00edder ind\u00edgena e sua mentora \u2014 devem encontrar novas maneiras de proteger a floresta tropical de invasores. Mas, em vez de depender de outros para contar sua hist\u00f3ria, os&nbsp;<strong>Uru-eu-wau-wau<\/strong>&nbsp;assumem o controle da narrativa e criam sua pr\u00f3pria equipe de m\u00eddia para trazer a verdade ao mundo.<\/p>\n\n\n\n<figure class=\"wp-block-image\"><img data-recalc-dims=\"1\" decoding=\"async\" src=\"https:\/\/i0.wp.com\/zeronaldo.com.br\/wp-content\/uploads\/2022\/08\/1.jpg?w=600&#038;ssl=1\" alt=\"\" class=\"wp-image-144349\"\/><figcaption><strong>Neidinha Bandeira, ativista ambiental, toma banho em um rio na floresta amaz\u00f4nica<\/strong><\/figcaption><\/figure>\n\n\n\n<p><strong>Confira os pr\u00eamios de \u201cO Territ\u00f3rio\u201d:<\/strong><\/p>\n\n\n\n<ul class=\"wp-block-list\"><li><strong>Festival Sundance de Cinema (EUA)<\/strong><ul><li>Pr\u00eamio do P\u00fablico de Document\u00e1rio na categoria internacional<\/li><li>Pr\u00eamio Especial do J\u00fari de Obra Documental<\/li><\/ul><\/li><li><strong>CPH:DOX (Dinamarca)<\/strong><ul><li><strong>Men\u00e7\u00e3o especial na categoria F:ACT<\/strong><\/li><\/ul><\/li><li><strong>Filmes que Importam (Holanda)<\/strong><ul><li><strong>Pr\u00eamio de Document\u00e1rio Ativista<\/strong><\/li><\/ul><\/li><li><strong>Festival de Cinema Ambiental da Filad\u00e9lfia (EUA)<\/strong><ul><li><strong>Pr\u00eamio do P\u00fablico<\/strong><\/li><\/ul><\/li><li><strong>Festival Internacional de Filmes sobre Vida Selvagem (EUA)<\/strong><ul><li><strong>Pr\u00eamio de Melhor Filme;<\/strong><\/li><li><strong>Pr\u00eamio na categoria Melhor Planeta Sustent\u00e1vel.<\/strong><\/li><\/ul><\/li><li><strong>Festival de Filmes True\/False (EUA)<\/strong><ul><li>Pr\u00eamio na categoria Fundo da Vida Real<\/li><\/ul><\/li><li><strong>Festival Internacional de Filmes de Seattle<\/strong><ul><li>Pr\u00eamio Golden Space Needle de Melhor Document\u00e1rio<\/li><\/ul><\/li><li><strong>Pr\u00eamio DocsBarcelona<\/strong><ul><li>Anistia Internacional da Catalunha<\/li><\/ul><\/li><li><strong>Pr\u00eamio MountainFilm<\/strong><ul><li>Pr\u00eamio Moving Mountains<\/li><\/ul><\/li><li><strong>Festival de Filmes de Provincetown (EUA)<\/strong><ul><li>Pr\u00eamio de Document\u00e1rio John Schlesinger<\/li><\/ul><\/li><li><strong>Sheffield DocFest (UK)<\/strong><ul><li>Pr\u00eamio Tim Hetherington; Men\u00e7\u00e3o do J\u00fari<\/li><\/ul><\/li><li><strong>Festival Internacional de Cine Medioambiental de Canarias (FICMEC)<\/strong><ul><li>Melhor Document\u00e1rio.<\/li><\/ul><\/li><\/ul>\n\n\n\n<p><strong>Ficha T\u00e9cnica<\/strong><\/p>\n\n\n\n<p><strong>\u201cO Territ\u00f3rio\u201d<\/strong><\/p>\n\n\n\n<p>(Brasil\/Dinamarca\/Estados Unidos, 2022)<\/p>\n\n\n\n<p>Document\u00e1rio<\/p>\n\n\n\n<p>Dire\u00e7\u00e3o: Alex Pritz<\/p>\n\n\n\n<p>Produ\u00e7\u00e3o:&nbsp;Darren Aronofsky, Sigrid Dyekj\u00e6r, Will N. Miller, Gabriel Uchida, Lizzie Gillett, Alex Pritz<\/p>\n\n\n\n<p>Produ\u00e7\u00e3o executiva: Carolyn Bernstein, Ari Handel, Brendan Naylor, Dylan Golden, Txai Suru\u00ed, Tejubi Uru-eu-wau-wau, Potei Uru-eu-wau-wau, Jack Weisman, Danfung Dennis, Alexandra Johnes, Rebecca Teitel, Loren Hammonds, Bryn Mooser, Kathryn Everett, Justin Lacob, Rafael Georges, Felipe Estefan, Andrew Ruhemann, Romain Bessi, Philippe Levasseur<\/p>\n\n\n\n<p>Sound Design: Rune Klausen, Peter Albrechtsen MPSE<\/p>\n\n\n\n<p>Trilha Sonora: Katya Mihailova<\/p>\n\n\n\n<p>Fotografia: Alex Pritz e Tang\u00e3i Uru-Eu-Wau-Wau<\/p>\n\n\n\n<p>Edi\u00e7\u00e3o: Carlos Rojas Felice<\/p>\n\n\n\n<p>83 minutos<\/p>\n\n\n\n<p><strong>Servi\u00e7o<\/strong><\/p>\n\n\n\n<p><strong>\u201cO Territ\u00f3rio\u201d \u2013 dire\u00e7\u00e3o Alex Pritz<\/strong><\/p>\n\n\n\n<p>Dia da Amaz\u00f4nia \u2013 pr\u00f3xima segunda-feira, 05 de setembro<\/p>\n\n\n\n<p>Exibi\u00e7\u00f5es especiais (consulte a programa\u00e7\u00e3o de sua cidade)<\/p>\n\n\n\n<p>Pr\u00e9-venda de ingressos diretamente pelo&nbsp;<a href=\"https:\/\/s2208.imxsnd19.com\/link.php?code=bDpodHRwcyUzQSUyRiUyRnd3dy5pbmdyZXNzby5jb20lMkZmaWxtZSUyRm8tdGVycml0b3JpbyUzRmNpdHklM0RzYW8tcGF1bG8lMjZwYXJ0bmVyc2hpcCUzRGhvbWU6MjgxNDg0MTc0MDp0cmlidW5hcG9wdWxhckBnbWFpbC5jb206NjJkYjJjOjIy\" target=\"_blank\" rel=\"noreferrer noopener\">link<\/a>.<br><strong>Estreia dia 08\/09 \u00e0s 20h* no CineSesc \u2013&nbsp;<\/strong>\u201cMostra Amaz\u00f4nia \u2013 Passado, Presente e Futuro\u201d<\/p>\n\n\n\n<p>*Exibi\u00e7\u00e3o seguida de debate. Gr\u00e1tis.&nbsp;Retirada de ingresso 2h antes na bilheteria.<\/p>\n\n\n\n<p>Rua Augusta, 2075 \u2013 S\u00e3o Paulo<br>Acompanhe a programa\u00e7\u00e3o em&nbsp;<a href=\"https:\/\/s2208.imxsnd19.com\/link.php?code=bDpodHRwcyUzQSUyRiUyRnd3dy5zZXNjc3Aub3JnLmJyJTJGdW5pZGFkZXMlMkZjaW5lc2VzYyUyRjoyODE0ODQxNzQwOnRyaWJ1bmFwb3B1bGFyQGdtYWlsLmNvbTpiNDJlN2Y6MjI=\" target=\"_blank\" rel=\"noreferrer noopener\">Cinesesc<\/a>.<\/p>\n\n\n\n<p><\/p>\n","protected":false},"excerpt":{"rendered":"<p>Tribuna Popular &#8211; Vencedor de dois pr\u00eamios em Sundance este ano, filme\u00a0\u201cO Territ\u00f3rio\u201c, filmado em Rond\u00f4nia e com dire\u00e7\u00e3o de\u00a0Alex Pritz, ter\u00e1 sess\u00f5es especiais em 15 cidades do Brasil no Dia da Amaz\u00f4nia (pr\u00f3xima segunda-feira). O filme, depois de passar por festivais internacionais, chega aos cinemas no pr\u00f3ximo dia 8 de setembro. Os ingressos antecipados&#8230;<a class=\"more-link\" href=\"http:\/\/blogdalucianaoliveira.com.br\/blog\/2022\/09\/03\/filmado-em-rondonia-o-filme-o-territorio-premiado-em-sundance-estreia-no-brasil-no-dia-da-amazonia\/\">Continue a leitura <span class=\"meta-nav\">&raquo;<\/span><\/a><\/p>\n","protected":false},"author":1,"featured_media":0,"comment_status":"closed","ping_status":"open","sticky":false,"template":"","format":"standard","meta":{"_exactmetrics_skip_tracking":false,"_exactmetrics_sitenote_active":false,"_exactmetrics_sitenote_note":"","_exactmetrics_sitenote_category":0,"jetpack_post_was_ever_published":false,"_jetpack_newsletter_access":"","_jetpack_dont_email_post_to_subs":false,"_jetpack_newsletter_tier_id":0,"_jetpack_memberships_contains_paywalled_content":false,"_jetpack_memberships_contains_paid_content":false,"footnotes":"","jetpack_publicize_message":"","jetpack_publicize_feature_enabled":true,"jetpack_social_post_already_shared":true,"jetpack_social_options":{"image_generator_settings":{"template":"highway","enabled":false},"version":2}},"categories":[1],"tags":[],"class_list":["post-34130","post","type-post","status-publish","format-standard","hentry","category-notas"],"jetpack_publicize_connections":[],"jetpack_sharing_enabled":true,"jetpack_featured_media_url":"","jetpack_shortlink":"https:\/\/wp.me\/p7wKYW-8Su","jetpack-related-posts":[],"_links":{"self":[{"href":"http:\/\/blogdalucianaoliveira.com.br\/blog\/wp-json\/wp\/v2\/posts\/34130","targetHints":{"allow":["GET"]}}],"collection":[{"href":"http:\/\/blogdalucianaoliveira.com.br\/blog\/wp-json\/wp\/v2\/posts"}],"about":[{"href":"http:\/\/blogdalucianaoliveira.com.br\/blog\/wp-json\/wp\/v2\/types\/post"}],"author":[{"embeddable":true,"href":"http:\/\/blogdalucianaoliveira.com.br\/blog\/wp-json\/wp\/v2\/users\/1"}],"replies":[{"embeddable":true,"href":"http:\/\/blogdalucianaoliveira.com.br\/blog\/wp-json\/wp\/v2\/comments?post=34130"}],"version-history":[{"count":1,"href":"http:\/\/blogdalucianaoliveira.com.br\/blog\/wp-json\/wp\/v2\/posts\/34130\/revisions"}],"predecessor-version":[{"id":34132,"href":"http:\/\/blogdalucianaoliveira.com.br\/blog\/wp-json\/wp\/v2\/posts\/34130\/revisions\/34132"}],"wp:attachment":[{"href":"http:\/\/blogdalucianaoliveira.com.br\/blog\/wp-json\/wp\/v2\/media?parent=34130"}],"wp:term":[{"taxonomy":"category","embeddable":true,"href":"http:\/\/blogdalucianaoliveira.com.br\/blog\/wp-json\/wp\/v2\/categories?post=34130"},{"taxonomy":"post_tag","embeddable":true,"href":"http:\/\/blogdalucianaoliveira.com.br\/blog\/wp-json\/wp\/v2\/tags?post=34130"}],"curies":[{"name":"wp","href":"https:\/\/api.w.org\/{rel}","templated":true}]}}