{"id":34136,"date":"2022-09-05T20:19:29","date_gmt":"2022-09-06T00:19:29","guid":{"rendered":"http:\/\/blogdalucianaoliveira.com.br\/blog\/?p=34136"},"modified":"2022-09-05T20:19:32","modified_gmt":"2022-09-06T00:19:32","slug":"amazonia-registra-10-mil-focos-de-calor-em-apenas-tres-dias","status":"publish","type":"post","link":"http:\/\/blogdalucianaoliveira.com.br\/blog\/2022\/09\/05\/amazonia-registra-10-mil-focos-de-calor-em-apenas-tres-dias\/","title":{"rendered":"AMAZ\u00d4NIA REGISTRA 10 MIL FOCOS DE CALOR EM APENAS TR\u00caS DIAS"},"content":{"rendered":"\n<figure class=\"wp-block-image size-large\"><img data-recalc-dims=\"1\" loading=\"lazy\" decoding=\"async\" width=\"600\" height=\"303\" data-attachment-id=\"34137\" data-permalink=\"http:\/\/blogdalucianaoliveira.com.br\/blog\/2022\/09\/05\/amazonia-registra-10-mil-focos-de-calor-em-apenas-tres-dias\/e83a4b59-b732-4112-b430-e666172506b8\/\" data-orig-file=\"https:\/\/i0.wp.com\/blogdalucianaoliveira.com.br\/blog\/wp-content\/uploads\/2022\/09\/E83A4B59-B732-4112-B430-E666172506B8.jpeg?fit=768%2C388\" data-orig-size=\"768,388\" data-comments-opened=\"0\" data-image-meta=\"{&quot;aperture&quot;:&quot;0&quot;,&quot;credit&quot;:&quot;&quot;,&quot;camera&quot;:&quot;&quot;,&quot;caption&quot;:&quot;&quot;,&quot;created_timestamp&quot;:&quot;0&quot;,&quot;copyright&quot;:&quot;&quot;,&quot;focal_length&quot;:&quot;0&quot;,&quot;iso&quot;:&quot;0&quot;,&quot;shutter_speed&quot;:&quot;0&quot;,&quot;title&quot;:&quot;&quot;,&quot;orientation&quot;:&quot;0&quot;}\" data-image-title=\"E83A4B59-B732-4112-B430-E666172506B8\" data-image-description=\"\" data-image-caption=\"\" data-medium-file=\"https:\/\/i0.wp.com\/blogdalucianaoliveira.com.br\/blog\/wp-content\/uploads\/2022\/09\/E83A4B59-B732-4112-B430-E666172506B8.jpeg?fit=300%2C152\" data-large-file=\"https:\/\/i0.wp.com\/blogdalucianaoliveira.com.br\/blog\/wp-content\/uploads\/2022\/09\/E83A4B59-B732-4112-B430-E666172506B8.jpeg?fit=600%2C303\" src=\"https:\/\/i0.wp.com\/blogdalucianaoliveira.com.br\/blog\/wp-content\/uploads\/2022\/09\/E83A4B59-B732-4112-B430-E666172506B8.jpeg?resize=600%2C303\" alt=\"\" class=\"wp-image-34137\" srcset=\"https:\/\/i0.wp.com\/blogdalucianaoliveira.com.br\/blog\/wp-content\/uploads\/2022\/09\/E83A4B59-B732-4112-B430-E666172506B8.jpeg?w=768 768w, https:\/\/i0.wp.com\/blogdalucianaoliveira.com.br\/blog\/wp-content\/uploads\/2022\/09\/E83A4B59-B732-4112-B430-E666172506B8.jpeg?resize=300%2C152 300w, https:\/\/i0.wp.com\/blogdalucianaoliveira.com.br\/blog\/wp-content\/uploads\/2022\/09\/E83A4B59-B732-4112-B430-E666172506B8.jpeg?resize=594%2C300 594w\" sizes=\"auto, (max-width: 600px) 100vw, 600px\" \/><\/figure>\n\n\n\n<p><br>Metsul &#8211; O domingo foi o pior dia de queimadas neste m\u00eas at\u00e9 agora na Amaz\u00f4nia brasileira. Conforme dados do programa de queimadas do Instituto Nacional de Pesquisas Espaciais (Inpe), apenas o dia 4 de setembro registrou 3.393 focos de calor. O n\u00famero supera as marcas do dia 1\u00ba (2.076), do dia 2 (3.333) e do dia 3 (3.331). Os focos de calor est\u00e3o alt\u00edssimos tamb\u00e9m na Amaz\u00f4nia peruana e boliviana.<\/p>\n\n\n\n<!--more-->\n\n\n\n<p>Com isso, 10.057 focos de calor de calor foram captados por sat\u00e9lites em apenas tr\u00eas dias no bioma. Somente nos primeiros quatro dias de setembro, a Amaz\u00f4nia registrou 12.133 focos de calor ou mais de um ter\u00e7o da m\u00e9dia hist\u00f3rica (1998-2021) do m\u00eas inteiro de 32.110 focos em t\u00e3o-somente 96 horas.<\/p>\n\n\n\n<p>Quatro dos \u00faltimos 15 dias tiveram n\u00fameros di\u00e1rios de focos de calor que superaram a marca de 3 mil, de acordo com os dados de monitoramento de sat\u00e9lites do Instituto Nacional de Pesquisas Espaciais (Inpe). Dias com mais de 3 mil focos s\u00e3o por demais raros na estat\u00edstica hist\u00f3rica.<br><\/p>\n\n\n\n<p>S\u00f3 no \u00faltimo dia 22 de agosto, o pior deste ano at\u00e9 agora, foram 3.458 focos de calor captados por sat\u00e9lites na Amaz\u00f4nia.&nbsp; Os 3.458 focos de calor representaram o maior n\u00famero di\u00e1rio para agosto na Amaz\u00f4nia desde 2002, conforme a estat\u00edstica do Inpe. Em 23 de agosto de 2002, os sat\u00e9lites captaram 3.548 focos de calor. No dia 25 de agosto de 2002, outras 3.300 queimadas foram identificadas.<\/p>\n\n\n\n<p>Nenhum outro dia de agosto desde ent\u00e3o tinha superado os 3 mil focos de calor, at\u00e9 o 22 de agosto. Nem no infame \u201cDia do Fogo\u201d, em 10 de agosto de 2019, em que v\u00e1rios inc\u00eandios foram iniciados de forma proposital no Par\u00e1, o que acabou gerando investiga\u00e7\u00e3o da Pol\u00edcia Federal para identificar os respons\u00e1veis, concentrados na regi\u00e3o de Novo Progresso.<\/p>\n\n\n\n<p>No Amazonas, os quatro primeiros dias de setembro tiveram 2.094 focos de calor. A m\u00e9dia hist\u00f3rica do m\u00eas inteiro (1998-2021) \u00e9 de 2.768 focos. Ou seja, em apenas quatro dias o n\u00famero de focos de calor j\u00e1 se aproxima da m\u00e9dia hist\u00f3rica de setembro inteiro. No Acre, 1.760 focos nas primeiras 96 horas do m\u00eas, quando a m\u00e9dia hist\u00f3rica mensal \u00e9 de 3.224. Outro estado que j\u00e1 supera a metade da m\u00e9dia do m\u00eas em apenas quatro dias.<\/p>\n\n\n\n<p>No Par\u00e1, que tem m\u00e9dia em setembro de 9.103 focos de calor, apenas os quatro primeiros dias do m\u00eas j\u00e1 anotaram 4.859 focos de calor, ou mais da metade da m\u00e9dia mensal. Somente no dia 4, o estado teve 1.867 focos de calor. E em Rond\u00f4nia, 1.144 focos de calor, sendo que a m\u00e9dia hist\u00f3rica de setembro inteiro \u00e9 de 6.974 focos de calor.<\/p>\n\n\n\n<p>\u201cRealizamos um sobrevoo de monitoramento de queimadas e desmatamento na regi\u00e3o onde convergem os estados do Amazonas, Acre e Rond\u00f4nia (Amacro), e flagramos o maior desmatamento da Amaz\u00f4nia no \u00faltimo ano: cerca de 8 mil hectares, equivalente a 11 mil campos de futebol queimando. Participo desses monitoramentos h\u00e1 mais de dez anos, e nunca tinha visto um desmatamento t\u00e3o grande e tamb\u00e9m com tanta fuma\u00e7a\u201d, relata R\u00f4mulo Batista, porta-voz de Amaz\u00f4nia do Greenpeace Brasil.<\/p>\n\n\n\n<p>Do total de focos de calor do ano registrados de 1\u00ba de janeiro a 31 de agosto no bioma de 46.022, houve um aumento de 16,7% em rela\u00e7\u00e3o ao ano passado, maior n\u00famero acumulado para o per\u00edodo desde 2019. Desse total, 43% ocorreram apenas em dez munic\u00edpios da Amaz\u00f4nia, sendo cinco deles localizados na regi\u00e3o da Amacro, considerada a nova fronteira de expans\u00e3o da economia da destrui\u00e7\u00e3o na Amaz\u00f4nia e que vem acelerando as taxas de desmatamento e queimadas.<\/p>\n\n\n\n<h2 class=\"wp-block-heading\">Pior agosto de fogo na Amaz\u00f4nia desde 2010<\/h2>\n\n\n\n<p>Conforme dados do Inpe, agosto terminou com 33.116 focos de calor na Amaz\u00f4nia. A estat\u00edstica desde 1998 mostra que se tratou do maior n\u00famero de focos de calor em agosto desde 2010, quando os sat\u00e9lites captaram 45.018 focos de calor.<\/p>\n\n\n\n<p>Agosto foi ainda o m\u00eas, considerando todos os meses do calend\u00e1rio, com mais registro de fogo no principal bioma do Brasil desde setembro de 2017. Naquele m\u00eas, a estat\u00edstica hist\u00f3rica traz 36.569 focos de calor. Em agosto de 2017, o bioma registrou 21.344 focos de calor. \u00c9 o quarto ano seguido com mais fogo na Amaz\u00f4nia em agosto do que a m\u00e9dia.<\/p>\n\n\n\n<div class=\"wp-block-image\"><figure class=\"aligncenter\"><img data-recalc-dims=\"1\" decoding=\"async\" src=\"https:\/\/i0.wp.com\/metsul.com\/wp-content\/uploads\/2022\/09\/BIOMAS.jpg?w=600&#038;ssl=1\" alt=\"\" class=\"wp-image-222627\"\/><\/figure><\/div>\n\n\n\n<p>Com os 33.116 focos registrados, agosto superou a m\u00e9dia hist\u00f3rica (1998-2021) de 26.299 focos de calor no oitavo m\u00eas do ano. Os n\u00fameros de 2022 superam os de 2019, quando houve grande como\u00e7\u00e3o mundial pelas queimadas na Amaz\u00f4nia. Em agosto de 2019, o bioma registrou 30.900 focos de calor. O agosto de muito fogo se deve em grande parte do que ocorreu na segunda metade do m\u00eas, quando o n\u00famero de queimadas cresceu enormemente na regi\u00e3o.<\/p>\n\n\n\n<p>Os dez munic\u00edpios com maior n\u00famero de focos de calor na Amaz\u00f4nia em agosto foram Altamira (PA) com 11,8% do total, S\u00e3o F\u00e9lix do Xingu (PA) com 10,2%, Novo Progresso (PA) com 8,2%, Apu\u00ed (AM) com 7,7%, Porto Velho (RO) com 6,4%, L\u00e1brea (AM) com 6,4%, Colniza (MT) com 5,4%, Itaituba (PA) com 4,6%, Nova Aripuan\u00e3 (AM) com 4,4%, Feij\u00f3 (AC) com 3,6% e Manicor\u00e9 (AM) com 3,4%.<\/p>\n\n\n\n<h2 class=\"wp-block-heading\">J\u00e1 houve anos muito piores<\/h2>\n\n\n\n<p>Os piores anos de fogo na Amaz\u00f4nia em agosto se deram de 2002 a 2007. Em 2002, agosto terminou com 43.484 focos. Em 2003, 34.765. J\u00e1 em 2004, 43.320. Em 2005, o recorde da s\u00e9rie hist\u00f3rica do m\u00eas com 63.764. Em 2006, 34.208. E, por fim, 2007 com 46.385 focos de calor em agosto. Em 2011, o menor n\u00famero em agosto com 8.002 focos.<\/p>\n\n\n\n<p>J\u00e1 em setembro, os piores anos de fogo tamb\u00e9m se deram entre os anos de 2002 e 2007. Em 2002, setembro terminou 48.549 focos de calor. Em 2003, 47.789. J\u00e1 em 2004, o m\u00eas acabou com 71.522 focos de calor. Em 2005, 68.560. Em 2006, setembro teve 51.028 focos de calor. E em 2007, o pior setembro j\u00e1 visto, com 73.141 focos de calor.<\/p>\n\n\n\n<h2 class=\"wp-block-heading\">Temporada de fogo<\/h2>\n\n\n\n<p>Os meses de agosto a outubro marcam o pico das queimadas a cada ano no bioma amaz\u00f4nico. Diferentemente de outros biomas, quase todos os epis\u00f3dios de fogo na regi\u00e3o amaz\u00f4nica s\u00e3o iniciados propositalmente pela natureza tropical e \u00famida da floresta, diferentemente do Cerrado em que o fogo pode se iniciar sem interven\u00e7\u00e3o humana.<\/p>\n\n\n\n<p>Florestas, como da Europa e dos Estados Unidos, n\u00e3o s\u00e3o de natureza tropical e pela caracter\u00edstica de vegeta\u00e7\u00e3o, possuem maior combustibilidade, o que torna compara\u00e7\u00f5es com a Amaz\u00f4nia indevidas. A Europa registra a maior \u00e1rea queimada desde o come\u00e7o das medi\u00e7\u00f5es por sat\u00e9lite em meio a sucessivas ondas de calor e a pior seca em meio mil\u00eanio.<\/p>\n","protected":false},"excerpt":{"rendered":"<p>Metsul &#8211; O domingo foi o pior dia de queimadas neste m\u00eas at\u00e9 agora na Amaz\u00f4nia brasileira. Conforme dados do programa de queimadas do Instituto Nacional de Pesquisas Espaciais (Inpe), apenas o dia 4 de setembro registrou 3.393 focos de calor. O n\u00famero supera as marcas do dia 1\u00ba (2.076), do dia 2 (3.333) e&#8230;<a class=\"more-link\" href=\"http:\/\/blogdalucianaoliveira.com.br\/blog\/2022\/09\/05\/amazonia-registra-10-mil-focos-de-calor-em-apenas-tres-dias\/\">Continue a leitura <span class=\"meta-nav\">&raquo;<\/span><\/a><\/p>\n","protected":false},"author":1,"featured_media":0,"comment_status":"closed","ping_status":"open","sticky":false,"template":"","format":"standard","meta":{"_exactmetrics_skip_tracking":false,"_exactmetrics_sitenote_active":false,"_exactmetrics_sitenote_note":"","_exactmetrics_sitenote_category":0,"jetpack_post_was_ever_published":false,"_jetpack_newsletter_access":"","_jetpack_dont_email_post_to_subs":false,"_jetpack_newsletter_tier_id":0,"_jetpack_memberships_contains_paywalled_content":false,"_jetpack_memberships_contains_paid_content":false,"footnotes":"","jetpack_publicize_message":"","jetpack_publicize_feature_enabled":true,"jetpack_social_post_already_shared":true,"jetpack_social_options":{"image_generator_settings":{"template":"highway","enabled":false},"version":2}},"categories":[1],"tags":[],"class_list":["post-34136","post","type-post","status-publish","format-standard","hentry","category-notas"],"jetpack_publicize_connections":[],"jetpack_sharing_enabled":true,"jetpack_featured_media_url":"","jetpack_shortlink":"https:\/\/wp.me\/p7wKYW-8SA","jetpack-related-posts":[],"_links":{"self":[{"href":"http:\/\/blogdalucianaoliveira.com.br\/blog\/wp-json\/wp\/v2\/posts\/34136","targetHints":{"allow":["GET"]}}],"collection":[{"href":"http:\/\/blogdalucianaoliveira.com.br\/blog\/wp-json\/wp\/v2\/posts"}],"about":[{"href":"http:\/\/blogdalucianaoliveira.com.br\/blog\/wp-json\/wp\/v2\/types\/post"}],"author":[{"embeddable":true,"href":"http:\/\/blogdalucianaoliveira.com.br\/blog\/wp-json\/wp\/v2\/users\/1"}],"replies":[{"embeddable":true,"href":"http:\/\/blogdalucianaoliveira.com.br\/blog\/wp-json\/wp\/v2\/comments?post=34136"}],"version-history":[{"count":1,"href":"http:\/\/blogdalucianaoliveira.com.br\/blog\/wp-json\/wp\/v2\/posts\/34136\/revisions"}],"predecessor-version":[{"id":34138,"href":"http:\/\/blogdalucianaoliveira.com.br\/blog\/wp-json\/wp\/v2\/posts\/34136\/revisions\/34138"}],"wp:attachment":[{"href":"http:\/\/blogdalucianaoliveira.com.br\/blog\/wp-json\/wp\/v2\/media?parent=34136"}],"wp:term":[{"taxonomy":"category","embeddable":true,"href":"http:\/\/blogdalucianaoliveira.com.br\/blog\/wp-json\/wp\/v2\/categories?post=34136"},{"taxonomy":"post_tag","embeddable":true,"href":"http:\/\/blogdalucianaoliveira.com.br\/blog\/wp-json\/wp\/v2\/tags?post=34136"}],"curies":[{"name":"wp","href":"https:\/\/api.w.org\/{rel}","templated":true}]}}