{"id":34139,"date":"2022-09-06T07:22:13","date_gmt":"2022-09-06T11:22:13","guid":{"rendered":"http:\/\/blogdalucianaoliveira.com.br\/blog\/?p=34139"},"modified":"2022-09-06T07:22:21","modified_gmt":"2022-09-06T11:22:21","slug":"mais-mulheres-na-urna-mas-como-vices","status":"publish","type":"post","link":"http:\/\/blogdalucianaoliveira.com.br\/blog\/2022\/09\/06\/mais-mulheres-na-urna-mas-como-vices\/","title":{"rendered":"MAIS MULHERES NA URNA \u2013 MAS COMO VICES"},"content":{"rendered":"\n<figure class=\"wp-block-image size-large\"><img data-recalc-dims=\"1\" loading=\"lazy\" decoding=\"async\" width=\"600\" height=\"405\" data-attachment-id=\"34140\" data-permalink=\"http:\/\/blogdalucianaoliveira.com.br\/blog\/2022\/09\/06\/mais-mulheres-na-urna-mas-como-vices\/c72be87e-b3a5-4b07-b778-97a08df9afc2\/\" data-orig-file=\"https:\/\/i0.wp.com\/blogdalucianaoliveira.com.br\/blog\/wp-content\/uploads\/2022\/09\/C72BE87E-B3A5-4B07-B778-97A08DF9AFC2.png?fit=860%2C580\" data-orig-size=\"860,580\" data-comments-opened=\"0\" data-image-meta=\"{&quot;aperture&quot;:&quot;0&quot;,&quot;credit&quot;:&quot;&quot;,&quot;camera&quot;:&quot;&quot;,&quot;caption&quot;:&quot;&quot;,&quot;created_timestamp&quot;:&quot;0&quot;,&quot;copyright&quot;:&quot;&quot;,&quot;focal_length&quot;:&quot;0&quot;,&quot;iso&quot;:&quot;0&quot;,&quot;shutter_speed&quot;:&quot;0&quot;,&quot;title&quot;:&quot;&quot;,&quot;orientation&quot;:&quot;0&quot;}\" data-image-title=\"C72BE87E-B3A5-4B07-B778-97A08DF9AFC2\" data-image-description=\"\" data-image-caption=\"\" data-medium-file=\"https:\/\/i0.wp.com\/blogdalucianaoliveira.com.br\/blog\/wp-content\/uploads\/2022\/09\/C72BE87E-B3A5-4B07-B778-97A08DF9AFC2.png?fit=300%2C202\" data-large-file=\"https:\/\/i0.wp.com\/blogdalucianaoliveira.com.br\/blog\/wp-content\/uploads\/2022\/09\/C72BE87E-B3A5-4B07-B778-97A08DF9AFC2.png?fit=600%2C405\" src=\"https:\/\/i0.wp.com\/blogdalucianaoliveira.com.br\/blog\/wp-content\/uploads\/2022\/09\/C72BE87E-B3A5-4B07-B778-97A08DF9AFC2.png?resize=600%2C405\" alt=\"\" class=\"wp-image-34140\" srcset=\"https:\/\/i0.wp.com\/blogdalucianaoliveira.com.br\/blog\/wp-content\/uploads\/2022\/09\/C72BE87E-B3A5-4B07-B778-97A08DF9AFC2.png?w=860 860w, https:\/\/i0.wp.com\/blogdalucianaoliveira.com.br\/blog\/wp-content\/uploads\/2022\/09\/C72BE87E-B3A5-4B07-B778-97A08DF9AFC2.png?resize=300%2C202 300w, https:\/\/i0.wp.com\/blogdalucianaoliveira.com.br\/blog\/wp-content\/uploads\/2022\/09\/C72BE87E-B3A5-4B07-B778-97A08DF9AFC2.png?resize=768%2C518 768w, https:\/\/i0.wp.com\/blogdalucianaoliveira.com.br\/blog\/wp-content\/uploads\/2022\/09\/C72BE87E-B3A5-4B07-B778-97A08DF9AFC2.png?resize=445%2C300 445w\" sizes=\"auto, (max-width: 600px) 100vw, 600px\" \/><\/figure>\n\n\n\n<p>Revista Piau\u00ed &#8211; <strong>N<\/strong>as chapas para o Executivo, fun\u00e7\u00e3o principal para os homens e fun\u00e7\u00e3o auxiliar para as mulheres. Nas elei\u00e7\u00f5es deste ano, mulheres representam apenas 17% dos candidatos a governador e presidente; entre os postulantes aos cargos de vice, s\u00e3o 39%. <br><\/p>\n\n\n\n<!--more-->\n\n\n\n<p>Quatro anos depois do assassinato de Marielle Franco, as candidaturas de mulheres pretas cresceram 40%, correspondendo a 6% do total. Os registros do TSE tamb\u00e9m mostram que o n\u00famero\u00a0de candidaturas de policiais militares quase dobrou desde 2010. E, de novo, os candidatos do Novo s\u00e3o os mais ricos: declararam, em m\u00e9dia, mais que o dobro em bens que os candidatos de outros partidos. O\u00a0<em>=igualdades<\/em>\u00a0desta semana tra\u00e7a o perfil das candidaturas da elei\u00e7\u00e3o de 2022.<\/p>\n\n\n\n<figure class=\"wp-block-image\"><img data-recalc-dims=\"1\" decoding=\"async\" src=\"https:\/\/i0.wp.com\/piaui.folha.uol.com.br\/wp-content\/uploads\/2022\/09\/01.-Candidaturas-eleic%25CC%25A7o%25CC%2583es-2022.jpg?w=600&#038;ssl=1\" alt=\"\" class=\"wp-image-420734\"\/><\/figure>\n\n\n\n<p>Nas chapas para presidente e governador, \u00e9 duas vezes mais comum achar mulheres na fun\u00e7\u00e3o de vice do que na cabe\u00e7a de chapa. Este ano, as mulheres s\u00e3o apenas 17% dos candidatos a presidente e a governador. Entre os candidatos a vice, elas s\u00e3o 39%. No c\u00f4mputo geral, considerando todos os cargos, a propor\u00e7\u00e3o de candidaturas femininas subiu de 32% em 2018 para 34%. Essa porcentagem cumpre a previs\u00e3o legal de ao menos 30% de candidaturas femininas, mas est\u00e1 longe de refletir o eleitorado, composto 53% de mulheres.<\/p>\n\n\n\n<figure class=\"wp-block-image\"><img data-recalc-dims=\"1\" decoding=\"async\" src=\"https:\/\/i0.wp.com\/piaui.folha.uol.com.br\/wp-content\/uploads\/2022\/09\/02.-Candidaturas-eleic%25CC%25A7o%25CC%2583es-2022.jpg?w=600&#038;ssl=1\" alt=\"\" class=\"wp-image-420735\"\/><\/figure>\n\n\n\n<p>Nas elei\u00e7\u00f5es de 2018, foram registradas no TSE 1,2 mil candidaturas de mulheres que se autodeclaram pretas. O n\u00famero neste ano saltou para 1,7 mil, um aumento de 43%. O grupo representava 4% dos candidatos h\u00e1 quatro anos, e agora chegou a 6%, propor\u00e7\u00e3o similar \u00e0 de pessoas pretas no conjunto da popula\u00e7\u00e3o brasileira (7%).<\/p>\n\n\n\n<figure class=\"wp-block-image\"><img data-recalc-dims=\"1\" decoding=\"async\" src=\"https:\/\/i0.wp.com\/piaui.folha.uol.com.br\/wp-content\/uploads\/2022\/09\/06.-Candidaturas-eleic%25CC%25A7o%25CC%2583es-2022.jpg?w=600&#038;ssl=1\" alt=\"\" class=\"wp-image-420739\"\/><\/figure>\n\n\n\n<p>Candidatos que se autodeclaram pretos ou pardos s\u00e3o 50% do total \u2013 em n\u00fameros absolutos, cerca de 14,5 mil pessoas. A porcentagem, no entanto, varia de acordo com o cargo. Pretos e partos s\u00f3 s\u00e3o maioria nas candidaturas a deputado estadual e distrital, sendo 52% do total. Eles s\u00e3o minoria entre os candidatos a presidente e a vice-presidente (25%), senador (31%), governador (38%) e deputado federal (48%).<\/p>\n\n\n\n<figure class=\"wp-block-image\"><img data-recalc-dims=\"1\" decoding=\"async\" src=\"https:\/\/i0.wp.com\/piaui.folha.uol.com.br\/wp-content\/uploads\/2022\/09\/05.-Candidaturas-eleic%25CC%25A7o%25CC%2583es-2022.jpg?w=600&#038;ssl=1\" alt=\"\" class=\"wp-image-420738\"\/><\/figure>\n\n\n\n<p>O patrim\u00f4nio m\u00e9dio dos candidatos \u00e0 elei\u00e7\u00e3o deste ano, considerando todos os cargos, \u00e9 de R$ 210 mil, segundo as declara\u00e7\u00f5es de renda feitas ao TSE. J\u00e1 o patrim\u00f4nio m\u00e9dio dos candidatos do partido Novo \u00e9 consideravelmente maior: R$ 486 mil.&nbsp;<a href=\"https:\/\/piaui.folha.uol.com.br\/riqueza-como-regra-de-campanha\/\">Essa mesma diferen\u00e7a foi notada na elei\u00e7\u00e3o de 2018.<\/a><\/p>\n\n\n\n<figure class=\"wp-block-image\"><img data-recalc-dims=\"1\" decoding=\"async\" src=\"https:\/\/i0.wp.com\/piaui.folha.uol.com.br\/wp-content\/uploads\/2022\/09\/03.-Candidaturas-eleic%25CC%25A7o%25CC%2583es-2022-scaled.jpg?w=600&#038;ssl=1\" alt=\"\" class=\"wp-image-420736\"\/><\/figure>\n\n\n\n<p>A quantidade de policiais militares candidatos praticamente dobrou nos \u00faltimos doze anos. Em 2010, 464 PMs registraram candidaturas nas elei\u00e7\u00f5es gerais. Quatro anos depois, em 2014, foram 569. Em 2018, 603 tentaram a elei\u00e7\u00e3o. No pleito deste ano, 823 policiais militares est\u00e3o se candidatando.<\/p>\n\n\n\n<figure class=\"wp-block-image\"><img data-recalc-dims=\"1\" decoding=\"async\" src=\"https:\/\/i0.wp.com\/piaui.folha.uol.com.br\/wp-content\/uploads\/2022\/09\/04.-Candidaturas-eleic%25CC%25A7o%25CC%2583es-2022-scaled.jpg?w=600&#038;ssl=1\" alt=\"\" class=\"wp-image-420737\"\/><\/figure>\n\n\n\n<p>O Republicanos superou o PSC como partido com o maior n\u00famero de candidatos que se apresentam como religiosos. Nas elei\u00e7\u00f5es de 2018, para cada 10 candidatos do Republicanos (na \u00e9poca, PRB), havia 17 no PSC. A propor\u00e7\u00e3o se inverteu em 2022: h\u00e1 17 candidatos religiosos no Republicanos para cada 10 do PSC.<\/p>\n\n\n\n<figure class=\"wp-block-image\"><img data-recalc-dims=\"1\" decoding=\"async\" src=\"https:\/\/i0.wp.com\/piaui.folha.uol.com.br\/wp-content\/uploads\/2022\/09\/07.-Candidaturas-eleic%25CC%25A7o%25CC%2583es-2022.jpg?w=600&#038;ssl=1\" alt=\"\" class=\"wp-image-420740\"\/><\/figure>\n\n\n\n<p>O PT nos \u00faltimos anos se tornou um partido de candidatos mais velhos e escolarizados. Na elei\u00e7\u00e3o deste ano, a m\u00e9dia de idade dos candidatos petistas \u00e9 de 52 anos, a maior dentre todos os partidos. E 73% desses candidatos completaram o ensino superior \u2013 na m\u00e9dia geral dos partidos, a propor\u00e7\u00e3o \u00e9 de 55%. O \u00fanico partido mais escolarizado que o PT \u00e9 o Novo, em que 84% dos candidatos t\u00eam diploma de ensino superior.<\/p>\n\n\n\n<p><strong>Fonte:&nbsp;<\/strong><a href=\"https:\/\/dadosabertos.tse.jus.br\/\">Dados abertos<\/a>&nbsp;do Tribunal Superior Eleitoral (TSE).<\/p>\n","protected":false},"excerpt":{"rendered":"<p>Revista Piau\u00ed &#8211; Nas chapas para o Executivo, fun\u00e7\u00e3o principal para os homens e fun\u00e7\u00e3o auxiliar para as mulheres. Nas elei\u00e7\u00f5es deste ano, mulheres representam apenas 17% dos candidatos a governador e presidente; entre os postulantes aos cargos de vice, s\u00e3o 39%.<\/p>\n","protected":false},"author":1,"featured_media":0,"comment_status":"closed","ping_status":"open","sticky":false,"template":"","format":"standard","meta":{"_exactmetrics_skip_tracking":false,"_exactmetrics_sitenote_active":false,"_exactmetrics_sitenote_note":"","_exactmetrics_sitenote_category":0,"jetpack_post_was_ever_published":false,"_jetpack_newsletter_access":"","_jetpack_dont_email_post_to_subs":false,"_jetpack_newsletter_tier_id":0,"_jetpack_memberships_contains_paywalled_content":false,"_jetpack_memberships_contains_paid_content":false,"footnotes":"","jetpack_publicize_message":"","jetpack_publicize_feature_enabled":true,"jetpack_social_post_already_shared":true,"jetpack_social_options":{"image_generator_settings":{"template":"highway","enabled":false},"version":2}},"categories":[1],"tags":[],"class_list":["post-34139","post","type-post","status-publish","format-standard","hentry","category-notas"],"jetpack_publicize_connections":[],"jetpack_sharing_enabled":true,"jetpack_featured_media_url":"","jetpack_shortlink":"https:\/\/wp.me\/p7wKYW-8SD","jetpack-related-posts":[],"_links":{"self":[{"href":"http:\/\/blogdalucianaoliveira.com.br\/blog\/wp-json\/wp\/v2\/posts\/34139","targetHints":{"allow":["GET"]}}],"collection":[{"href":"http:\/\/blogdalucianaoliveira.com.br\/blog\/wp-json\/wp\/v2\/posts"}],"about":[{"href":"http:\/\/blogdalucianaoliveira.com.br\/blog\/wp-json\/wp\/v2\/types\/post"}],"author":[{"embeddable":true,"href":"http:\/\/blogdalucianaoliveira.com.br\/blog\/wp-json\/wp\/v2\/users\/1"}],"replies":[{"embeddable":true,"href":"http:\/\/blogdalucianaoliveira.com.br\/blog\/wp-json\/wp\/v2\/comments?post=34139"}],"version-history":[{"count":1,"href":"http:\/\/blogdalucianaoliveira.com.br\/blog\/wp-json\/wp\/v2\/posts\/34139\/revisions"}],"predecessor-version":[{"id":34141,"href":"http:\/\/blogdalucianaoliveira.com.br\/blog\/wp-json\/wp\/v2\/posts\/34139\/revisions\/34141"}],"wp:attachment":[{"href":"http:\/\/blogdalucianaoliveira.com.br\/blog\/wp-json\/wp\/v2\/media?parent=34139"}],"wp:term":[{"taxonomy":"category","embeddable":true,"href":"http:\/\/blogdalucianaoliveira.com.br\/blog\/wp-json\/wp\/v2\/categories?post=34139"},{"taxonomy":"post_tag","embeddable":true,"href":"http:\/\/blogdalucianaoliveira.com.br\/blog\/wp-json\/wp\/v2\/tags?post=34139"}],"curies":[{"name":"wp","href":"https:\/\/api.w.org\/{rel}","templated":true}]}}