{"id":34142,"date":"2022-09-06T17:02:26","date_gmt":"2022-09-06T21:02:26","guid":{"rendered":"http:\/\/blogdalucianaoliveira.com.br\/blog\/?p=34142"},"modified":"2022-09-06T17:02:29","modified_gmt":"2022-09-06T21:02:29","slug":"28-grito-dos-excluidos-veja-os-locais-dos-atos-da-esquerda-neste-7-de-setembro","status":"publish","type":"post","link":"http:\/\/blogdalucianaoliveira.com.br\/blog\/2022\/09\/06\/28-grito-dos-excluidos-veja-os-locais-dos-atos-da-esquerda-neste-7-de-setembro\/","title":{"rendered":"28\u00b0 Grito dos Exclu\u00eddos: veja os locais dos atos da esquerda neste 7 de setembro"},"content":{"rendered":"\n<figure class=\"wp-block-image size-large\"><img loading=\"lazy\" decoding=\"async\" width=\"1316\" height=\"1316\" data-attachment-id=\"34143\" data-permalink=\"http:\/\/blogdalucianaoliveira.com.br\/blog\/2022\/09\/06\/28-grito-dos-excluidos-veja-os-locais-dos-atos-da-esquerda-neste-7-de-setembro\/fa9c5322-89be-43d6-b49c-2173750eb40e\/\" data-orig-file=\"https:\/\/i0.wp.com\/blogdalucianaoliveira.com.br\/blog\/wp-content\/uploads\/2022\/09\/FA9C5322-89BE-43D6-B49C-2173750EB40E.jpeg?fit=1316%2C1316\" data-orig-size=\"1316,1316\" data-comments-opened=\"0\" data-image-meta=\"{&quot;aperture&quot;:&quot;0&quot;,&quot;credit&quot;:&quot;&quot;,&quot;camera&quot;:&quot;&quot;,&quot;caption&quot;:&quot;&quot;,&quot;created_timestamp&quot;:&quot;0&quot;,&quot;copyright&quot;:&quot;&quot;,&quot;focal_length&quot;:&quot;0&quot;,&quot;iso&quot;:&quot;0&quot;,&quot;shutter_speed&quot;:&quot;0&quot;,&quot;title&quot;:&quot;&quot;,&quot;orientation&quot;:&quot;0&quot;}\" data-image-title=\"FA9C5322-89BE-43D6-B49C-2173750EB40E\" data-image-description=\"\" data-image-caption=\"\" data-medium-file=\"https:\/\/i0.wp.com\/blogdalucianaoliveira.com.br\/blog\/wp-content\/uploads\/2022\/09\/FA9C5322-89BE-43D6-B49C-2173750EB40E.jpeg?fit=300%2C300\" data-large-file=\"https:\/\/i0.wp.com\/blogdalucianaoliveira.com.br\/blog\/wp-content\/uploads\/2022\/09\/FA9C5322-89BE-43D6-B49C-2173750EB40E.jpeg?fit=600%2C600\" src=\"https:\/\/i1.wp.com\/blogdalucianaoliveira.com.br\/blog\/wp-content\/uploads\/2022\/09\/FA9C5322-89BE-43D6-B49C-2173750EB40E.jpeg?fit=600%2C600\" alt=\"\" class=\"wp-image-34143\" srcset=\"https:\/\/i0.wp.com\/blogdalucianaoliveira.com.br\/blog\/wp-content\/uploads\/2022\/09\/FA9C5322-89BE-43D6-B49C-2173750EB40E.jpeg?w=1316 1316w, https:\/\/i0.wp.com\/blogdalucianaoliveira.com.br\/blog\/wp-content\/uploads\/2022\/09\/FA9C5322-89BE-43D6-B49C-2173750EB40E.jpeg?resize=300%2C300 300w, https:\/\/i0.wp.com\/blogdalucianaoliveira.com.br\/blog\/wp-content\/uploads\/2022\/09\/FA9C5322-89BE-43D6-B49C-2173750EB40E.jpeg?resize=1024%2C1024 1024w, https:\/\/i0.wp.com\/blogdalucianaoliveira.com.br\/blog\/wp-content\/uploads\/2022\/09\/FA9C5322-89BE-43D6-B49C-2173750EB40E.jpeg?resize=150%2C150 150w, https:\/\/i0.wp.com\/blogdalucianaoliveira.com.br\/blog\/wp-content\/uploads\/2022\/09\/FA9C5322-89BE-43D6-B49C-2173750EB40E.jpeg?resize=768%2C768 768w, https:\/\/i0.wp.com\/blogdalucianaoliveira.com.br\/blog\/wp-content\/uploads\/2022\/09\/FA9C5322-89BE-43D6-B49C-2173750EB40E.jpeg?w=1200 1200w\" sizes=\"auto, (max-width: 600px) 100vw, 600px\" \/><\/figure>\n\n\n\n<p><strong>CUT &#8211;\u00a0<\/strong>Movimentos sociais, religiosos e centrais sindicais, entre elas a CUT, se unem mais uma vez para o tradicional Grito dos Exclu\u00eddos, mobiliza\u00e7\u00e3o que acontece em todo o pa\u00eds no dia 7 de setembro, dia da Independ\u00eancia do Brasil, desde 1995<em>.<\/em><\/p>\n\n\n\n<!--more-->\n\n\n\n<p>\u201c\u00c9 um chamado ao povo brasileiro, no dia em que se comemora uma \u2018independ\u00eancia formal\u2019, para lembrar que essa independ\u00eancia ainda n\u00e3o foi conquistada plenamente\u201d, explica a secret\u00e1ria de Mobiliza\u00e7\u00e3o e Rela\u00e7\u00e3o com os Movimentos Sociais da CUT Nacional, Janeslei Albuquerque.<\/p>\n\n\n\n<p>As pautas do Grito dos Exclu\u00eddos v\u00e3o da defesa da democracia \u00e0 luta por inclus\u00e3o, direitos, pol\u00edticas p\u00fablicas que garantam dignidade \u00e0s popula\u00e7\u00f5es mais vulner\u00e1veis como seguran\u00e7a, sa\u00fade e educa\u00e7\u00e3o.<\/p>\n\n\n\n<p>Todo ano, um tema \u00e9 destacado para ser o foco das manifesta\u00e7\u00f5es. \u00a0O tema de 2022, ano do bicenten\u00e1rio da independ\u00eancia e 28\u00ba Grito dos Exclu\u00eddos, \u00e9 justamente a independ\u00eancia. \u00a0O grito de luta vai questionar: \u201cIndepend\u00eancia para quem\u201d? O objetivo \u00e9 refletir sobre a trajet\u00f3ria do Brasil e de sua popula\u00e7\u00e3o mais pobre \u2013 popula\u00e7\u00e3o que ficou fora do centro das pol\u00edticas da maioria dos governos ao longo desses 200 anos.<\/p>\n\n\n\n<p>Um dos motes do grito deste ano, que se tornou permanente desde que a pandemia de Covid-19 escancarou o descaso do governo de Jair Bolsonaro (PL) com a sa\u00fade e a vida da popula\u00e7\u00e3o \u00e9 \u00a0\u201cVida em primeiro lugar\u201d, que tamb\u00e9m esteve na pauta do Grito dos Exclu\u00eddos do ano passado. \u00a0\u00a0<br><\/p>\n\n\n\n<h2 class=\"wp-block-heading\"><strong>O grito que n\u00e3o cala<\/strong><\/h2>\n\n\n\n<p>Iniciativa da Confedera\u00e7\u00e3o Nacional dos Bispos do Brasil (CNBB), o primeiro Grito dos Exclu\u00eddos teve \u00a0como tema \u201cA fraternidade e os exclu\u00eddos\u201d.<\/p>\n\n\n\n<p>A data escolhida para as manifesta\u00e7\u00f5es n\u00e3o foi ao acaso. A ideia de fazer um contraponto ao &#8220;Grito do Ipiranga&#8221;.<\/p>\n\n\n\n<p>\u201cA cada 7 de setembro, o Grito dos Exclu\u00eddos vem para lembrar que o Brasil ainda n\u00e3o garantiu os direitos de cidadania \u00e0 maioria da na\u00e7\u00e3o. S\u00e3o pessoas que fazem parte da sociedade, mas n\u00e3o \u00a0usufruem dos direitos b\u00e1sicos de cidadania\u201d, diz Janeslei.<\/p>\n\n\n\n<p>\u201cOs direitos nunca foram concess\u00f5es das elites do pa\u00eds e sim fruto de muita luta da classe trabalhadora e dos povos exclu\u00eddos, que ocupar\u00e3o as ruas na pr\u00f3xima quarta-feira\u201d, ressalta a dirigente, justificando a import\u00e2ncia dos atos que j\u00e1 est\u00e3o marcados em v\u00e1rias cidades do Brasil.<em>&nbsp;Confira a lista no final do texto<\/em>. &nbsp;<\/p>\n\n\n\n<h2 class=\"wp-block-heading\"><strong>Povo no or\u00e7amento<\/strong><\/h2>\n\n\n\n<p>Em um ano emblem\u00e1tico em que o Brasil se depara com um momento crucial em que vai escolher que futuro deseja para seu povo, os movimentos sociais saem \u00e0s ruas para refor\u00e7ar que necessidade de defesa e constru\u00e7\u00e3o de um projeto popular para o pa\u00eds, em que as popula\u00e7\u00f5es mais vulner\u00e1veis estejam, de fato, no centro de pol\u00edticas de desenvolvimento. \u201cOs interesses do povo t\u00eam de estar contemplados no Or\u00e7amento da Uni\u00e3o\u201d, defende Janeslei.<\/p>\n\n\n\n<p>Atualmente, a fome \u00e9 um dos problemas mais graves do Brasil, atingindo 33 milh\u00f5es de brasileiros. Outros 125 milh\u00f5es n\u00e3o conseguem fazer tr\u00eas refei\u00e7\u00f5es por dia. Por isso, v\u00e1rios dos atos j\u00e1 marcados em v\u00e1rias cidades do Brasil tamb\u00e9m t\u00eam como tema principal o combate \u00e0 fome.<\/p>\n\n\n\n<h2 class=\"wp-block-heading\"><strong>Veja onde tem atos do Grito dos Exclu\u00eddos marcados no dia 7 de setembro<\/strong><\/h2>\n\n\n\n<h3 class=\"wp-block-heading\"><strong>Acre<\/strong><\/h3>\n\n\n\n<ul class=\"wp-block-list\"><li>Rio Branco: 7h, em frente \u00e0 Catedral Nossa Senhora de Nazar\u00e9 (Centro).&nbsp;<\/li><\/ul>\n\n\n\n<h3 class=\"wp-block-heading\"><strong>Alagoas<\/strong><\/h3>\n\n\n\n<ul class=\"wp-block-list\"><li>Macei\u00f3: 8h, Igreja Virgem dos Pobres<\/li><\/ul>\n\n\n\n<h3 class=\"wp-block-heading\"><strong>Amap\u00e1<\/strong><\/h3>\n\n\n\n<p>Macap\u00e1: 9h na Igreja S\u00e3o Jos\u00e9<\/p>\n\n\n\n<ul class=\"wp-block-list\"><li>Laranjal do Jari: 8h30 na Igreja Perp\u00e9tuo Socorro<\/li><\/ul>\n\n\n\n<h3 class=\"wp-block-heading\"><strong>Bahia<\/strong><\/h3>\n\n\n\n<ul class=\"wp-block-list\"><li>Salvador: \u00e0s 8h30, no Campo Grande (Concentra\u00e7\u00e3o)<\/li><li>Senhor do Bonfim: Roda de Conversa, das 9 \u00e0s 12h00, no Sindiferro \u2013 Senhor do Bonfim.<\/li><li>Campo Formoso: 19h30, via internet, com a participa\u00e7\u00e3o dos movimentos sociais<\/li><\/ul>\n\n\n\n<h3 class=\"wp-block-heading\"><strong>Cear\u00e1<\/strong><\/h3>\n\n\n\n<ul class=\"wp-block-list\"><li>Fortaleza: 9h, ao lado do terminal do Lagoa, na Parangaba&nbsp;<\/li><li>Crato: 8h, concentra\u00e7\u00e3o na Pra\u00e7a S\u00e3o Vicente, no Santu\u00e1rio Eucar\u00edstico<\/li><li>Juazeiro: 16h, celebra\u00e7\u00e3o ecum\u00eanica na Pra\u00e7a Monsenhor Joveniano Barreto, em frente \u00e0 Igreja dos Franciscanos.<\/li><\/ul>\n\n\n\n<h3 class=\"wp-block-heading\"><strong>Esp\u00edrito Santo<\/strong><\/h3>\n\n\n\n<ul class=\"wp-block-list\"><li>Vit\u00f3ria: 8h na Universidade Federal do Esp\u00edrito Santo (UFES) \u2013 Campus Goiabeiras, e \u00e0s 9h, na Pra\u00e7a Vaz Melo<\/li><\/ul>\n\n\n\n<h3 class=\"wp-block-heading\"><strong>Goi\u00e1s<\/strong><\/h3>\n\n\n\n<ul class=\"wp-block-list\"><li>Goi\u00e2nia: 9h, na Pra\u00e7a Jos\u00e9 Bonif\u00e1cio<\/li><\/ul>\n\n\n\n<h3 class=\"wp-block-heading\"><strong>Mato Grosso<\/strong><\/h3>\n\n\n\n<ul class=\"wp-block-list\"><li>Cuiab\u00e1: 7h30, na Pra\u00e7a do Ros\u00e1rio com caminhada \u00e0 Pra\u00e7a do Ipiranga<\/li><li>Rondon\u00f3polis: 8h no Sindicato dos Banc\u00e1rios (Rua 13 de Maio, 1123)<\/li><\/ul>\n\n\n\n<h3 class=\"wp-block-heading\"><strong>Mato Grosso do Sul<\/strong><\/h3>\n\n\n\n<ul class=\"wp-block-list\"><li>Dourados: 7h, concentra\u00e7\u00e3o na Rua Melvin Jones, com a Avenida Marcelino Pires<\/li><\/ul>\n\n\n\n<h3 class=\"wp-block-heading\"><strong>Maranh\u00e3o<\/strong><\/h3>\n\n\n\n<ul class=\"wp-block-list\"><li>Bacabal: 8h Igreja S\u00e3o Raimundo Nonato<\/li><li>Caxias: 17h, caminhada reunindo as par\u00f3quias das 5 cidades que integram a Diocese de Caxias. Encerramento com missa, na Par\u00f3quia com a festa de N. S. de Nazar\u00e9.<\/li><li>Timon: 6h30, na Diocese Duque de Caxias<\/li><\/ul>\n\n\n\n<h3 class=\"wp-block-heading\"><strong>Minas Gerais<\/strong><\/h3>\n\n\n\n<ul class=\"wp-block-list\"><li>Belo Horizonte: 9h, na Pra\u00e7a Vaz Melo\/Passarela da Lagoinha<\/li><li>Montes Claros: 8h30 Pra\u00e7a do Bairro Maracan\u00e3 seguindo para a Cozinha Solid\u00e1ria do Bairro Itatiaia<\/li><li>S\u00e3o Jo\u00e3o Del Rei &#8211; Grito dos Exclu\u00eddos. Manifesta\u00e7\u00e3o \u00e0s 08h30, no Coreto no centro da cidade.<\/li><li>Ouro Preto. 14hs, Pra\u00e7a Tiradentes &#8211; A\u00e7\u00e3o em defesa da democracia &#8211; Bandeir\u00e3o do Lula, Bandeirona do Brasil, filmagens com drone.<\/li><li>Vi\u00e7osa. Grito dos Exclu\u00eddos, 16hs, Bairro Amoras, mesa de partilha e di\u00e1logo com a popula\u00e7\u00e3o, distribui\u00e7\u00e3o de jornais Brasil de Fato.<\/li><li>Montes Claros &#8211; Grito dos Exclu\u00eddos, concentra\u00e7\u00e3o \u00e0s 08h30 na Pra\u00e7a do Bairro Maracan\u00e3, seguindo para a Cozinha Solid\u00e1ria do Bairro Itatiaia. Durante o ato na pra\u00e7a e marcha acontecer\u00e1 a m\u00edstica e apresenta\u00e7\u00f5es art\u00edsticas\/culturais. Ser\u00e1 ofertado caf\u00e9 e almo\u00e7o solid\u00e1rio. Os participantes est\u00e3o sendo chamados a doar um quilo de alimento.<\/li><li>Lavras: Grito dos Exclu\u00eddos, concentra\u00e7\u00e3o \u00e0s 15hs no Gammon de baixo e vai at\u00e9 a pra\u00e7a do Gammon de cima.<\/li><\/ul>\n\n\n\n<h3 class=\"wp-block-heading\"><strong>Par\u00e1<\/strong><\/h3>\n\n\n\n<ul class=\"wp-block-list\"><li>Bel\u00e9m: 7h30, caminhada a partir da Pra\u00e7a Catedral<\/li><li>Prelazia do Alto Xingu-Tucum\u00e3: Concurso de Reda\u00e7\u00e3o nas escolas municipais sobre o tema &#8221; Vida em primeiro lugar&#8221;<\/li><li>S\u00e3o F\u00e9lix do Xingu: ato p\u00fablico com caminhada, concentra\u00e7\u00e3o na pra\u00e7a do CEU.<\/li><li>Tucum\u00e3: 7h30 Pra\u00e7a Catedral com caminhada at\u00e9 a Pra\u00e7a Ronan Magalh\u00e3es<\/li><\/ul>\n\n\n\n<h3 class=\"wp-block-heading\"><strong>Para\u00edba<\/strong><\/h3>\n\n\n\n<ul class=\"wp-block-list\"><li>Campina Grande: Pra\u00e7a Clementino Proc\u00f3pio, durante o dia<\/li><\/ul>\n\n\n\n<h3 class=\"wp-block-heading\"><strong>Paran\u00e1<\/strong><\/h3>\n\n\n\n<ul class=\"wp-block-list\"><li>Curitiba: na Vila Uni\u00e3o (Comunidade do Tatuquara)<\/li><\/ul>\n\n\n\n<h3 class=\"wp-block-heading\"><strong>Pernambuco<\/strong><\/h3>\n\n\n\n<ul class=\"wp-block-list\"><li>Recife: 9h, no Parque 13 de Maio<\/li><\/ul>\n\n\n\n<h3 class=\"wp-block-heading\"><strong>Piau\u00ed<\/strong><\/h3>\n\n\n\n<ul class=\"wp-block-list\"><li>Teresina: 8h, em frente \u00e0 Assembleia Legislativa<\/li><li>Parana\u00edba: Al\u00e9m da IV Semana Social da Diocese de Parna\u00edba, promovida pelas Pastorais Sociais e Caritas Diocesana de Parna\u00edba, missa de abertura, \u00e0s 18h30, no festejo da Padroeira M\u00e3e da Divina Gra\u00e7a<\/li><\/ul>\n\n\n\n<h3 class=\"wp-block-heading\"><strong>Rio de Janeiro:<\/strong><\/h3>\n\n\n\n<ul class=\"wp-block-list\"><li>Na capital fluminense, \u00e0s 9h \u2013 concentra\u00e7\u00e3o na Uruguaiana com Presidente Vargas<\/li><li>Nova Friburgo: 15h, Pra\u00e7a do Paissandu<\/li><\/ul>\n\n\n\n<h3 class=\"wp-block-heading\"><strong>Rio Grande do Norte<\/strong><\/h3>\n\n\n\n<ul class=\"wp-block-list\"><li>Mossor\u00f3: 7h, no Gin\u00e1sio Pedro Ciarlini<\/li><\/ul>\n\n\n\n<h3 class=\"wp-block-heading\"><strong>Rio Grande do Sul<\/strong><\/h3>\n\n\n\n<ul class=\"wp-block-list\"><li>Porto Alegre: 9h, em frente \u00e0 Igreja S\u00e3o Jos\u00e9 do Murialdo (bairro Partenon)<\/li><li>Pelotas: 9h no Largo da Bola (CCS\/Universidade Federal de Pelotas)<\/li><\/ul>\n\n\n\n<h3 class=\"wp-block-heading\"><strong>Rond\u00f4nia<\/strong><\/h3>\n\n\n\n<ul class=\"wp-block-list\"><li>Porto Velho: 16h, no Centro Pol\u00edtico Administrativo<\/li><\/ul>\n\n\n\n<h3 class=\"wp-block-heading\"><strong>Roraima<\/strong><\/h3>\n\n\n\n<ul class=\"wp-block-list\"><li>Boa Vista: caminhada na periferia, \u00e0 tarde; realiza\u00e7\u00e3o de oficinas de cartazes; Cria\u00e7\u00e3o de um Rede Social espec\u00edfica para o Grito.<\/li><\/ul>\n\n\n\n<h3 class=\"wp-block-heading\"><strong>Santa Catarina<\/strong><\/h3>\n\n\n\n<ul class=\"wp-block-list\"><li>Joinville: 15h, Comunidade Santa Dulce dos Pobres\/Par\u00f3quia Nossa Sr\u00aa Bel\u00e9m<\/li><\/ul>\n\n\n\n<h3 class=\"wp-block-heading\"><strong>S\u00e3o Paulo<\/strong><\/h3>\n\n\n\n<p>Na capital paulista, o ato \u201cTerra, teto, trabalho e democracia &#8211; P\u00e3o e viver bem!\u201d, na Pra\u00e7a da S\u00e9, \u00e0s 9h, integra o calend\u00e1rio de mobiliza\u00e7\u00f5es nacionais do Grito dos Exclu\u00eddos 2022. Veja outros locais:<\/p>\n\n\n\n<ul class=\"wp-block-list\"><li>Alto Tiet\u00ea &#8211; Diocese de Mogi das Cruzes, em Mogi das Cruzes: Concentra\u00e7\u00e3o 8h30, na Catedral de Sant\u00b4Ana, com apresenta\u00e7\u00e3o das pastorais sociais e movimentos populares. Missa \u00e0s 09h, com o bispo D. Pedro Lu\u00eds Stringhini, caminhada at\u00e9 o Largo do Ros\u00e1rio onde haver\u00e1 manifesta\u00e7\u00f5es populares das lideran\u00e7as por Direitos, Liberdade dos Povos e Democracia.<\/li><li>Americana: Celebra\u00e7\u00e3o ecum\u00eanica e ato em bairro da periferia.&nbsp;<\/li><li>Aparecida: 6h, na Pra\u00e7a Nossa Senhora Aparecida, em frente \u00e0 Bas\u00edlica hist\u00f3ria (velha).<\/li><li>Santos &#8211; Grito na Baixada na Zona Noroeste, concentra\u00e7\u00e3o no samb\u00f3dromo.<\/li><li>Itupeva, 10h, celebra\u00e7\u00e3o do Grito na Igreja Santo Ant\u00f4nio.<\/li><li>Jundia\u00ed : 10h, na Igreja Santo Ant\u00f4nio<\/li><li>Mogi das Cruzes: 8h30, concentra\u00e7\u00e3o na Catedral de Sant\u2019Ana; 9h \u2013 missa com Dom Luis Stringhini, ap\u00f3s caminhada at\u00e9 o Largo Rosario.<\/li><li>Santo Andr\u00e9, 9h30, missa na Igreja Matriz de Santo Andr\u00e9 seguida por uma caminhada at\u00e9 a Pra\u00e7a do Carmo, onde ser\u00e1 realizado o Grito, com ato pol\u00edtico e celebra\u00e7\u00e3o inter-religiosa, com participa\u00e7\u00e3o de ind\u00edgenas, movimentos de matriz africana e representantes evang\u00e9licos, representantes de movimentos de moradia, povo de rua, refugiados, afrodescendentes, carroceiros e outros.<\/li><li>S\u00e3o Jos\u00e9 dos Campos: Pra\u00e7a Afonso Pena.<\/li><li>Piracicaba: Pra\u00e7a central da cidade.<\/li><\/ul>\n\n\n\n<h3 class=\"wp-block-heading\"><strong>Sergipe<\/strong><\/h3>\n\n\n\n<ul class=\"wp-block-list\"><li>Aracaju: 8h, celebra\u00e7\u00e3o lit\u00fargica e caminhada com concentra\u00e7\u00e3o na Pol\u00edcia Rodovi\u00e1ria Federal (lembrando do caso Genivaldo) e terminando na pra\u00e7a em frente \u00e0 Par\u00f3quia S\u00e3o Francisco de Assis, bairro Santos Dumont<\/li><\/ul>\n\n\n\n<h3 class=\"wp-block-heading\"><strong>Tocantins<\/strong><\/h3>\n\n\n\n<ul class=\"wp-block-list\"><li>Aragua\u00edna: 7h30, Pra\u00e7a Lu\u00eds Orione<\/li><\/ul>\n\n\n\n<p><\/p>\n","protected":false},"excerpt":{"rendered":"<p>CUT &#8211;\u00a0Movimentos sociais, religiosos e centrais sindicais, entre elas a CUT, se unem mais uma vez para o tradicional Grito dos Exclu\u00eddos, mobiliza\u00e7\u00e3o que acontece em todo o pa\u00eds no dia 7 de setembro, dia da Independ\u00eancia do Brasil, desde 1995.<\/p>\n","protected":false},"author":1,"featured_media":0,"comment_status":"closed","ping_status":"open","sticky":false,"template":"","format":"standard","meta":{"_exactmetrics_skip_tracking":false,"_exactmetrics_sitenote_active":false,"_exactmetrics_sitenote_note":"","_exactmetrics_sitenote_category":0,"jetpack_post_was_ever_published":false,"_jetpack_newsletter_access":"","_jetpack_dont_email_post_to_subs":false,"_jetpack_newsletter_tier_id":0,"_jetpack_memberships_contains_paywalled_content":false,"_jetpack_memberships_contains_paid_content":false,"footnotes":"","jetpack_publicize_message":"","jetpack_publicize_feature_enabled":true,"jetpack_social_post_already_shared":true,"jetpack_social_options":{"image_generator_settings":{"template":"highway","enabled":false},"version":2}},"categories":[1],"tags":[],"class_list":["post-34142","post","type-post","status-publish","format-standard","hentry","category-notas"],"jetpack_publicize_connections":[],"jetpack_sharing_enabled":true,"jetpack_featured_media_url":"","jetpack_shortlink":"https:\/\/wp.me\/p7wKYW-8SG","jetpack-related-posts":[],"_links":{"self":[{"href":"http:\/\/blogdalucianaoliveira.com.br\/blog\/wp-json\/wp\/v2\/posts\/34142","targetHints":{"allow":["GET"]}}],"collection":[{"href":"http:\/\/blogdalucianaoliveira.com.br\/blog\/wp-json\/wp\/v2\/posts"}],"about":[{"href":"http:\/\/blogdalucianaoliveira.com.br\/blog\/wp-json\/wp\/v2\/types\/post"}],"author":[{"embeddable":true,"href":"http:\/\/blogdalucianaoliveira.com.br\/blog\/wp-json\/wp\/v2\/users\/1"}],"replies":[{"embeddable":true,"href":"http:\/\/blogdalucianaoliveira.com.br\/blog\/wp-json\/wp\/v2\/comments?post=34142"}],"version-history":[{"count":1,"href":"http:\/\/blogdalucianaoliveira.com.br\/blog\/wp-json\/wp\/v2\/posts\/34142\/revisions"}],"predecessor-version":[{"id":34144,"href":"http:\/\/blogdalucianaoliveira.com.br\/blog\/wp-json\/wp\/v2\/posts\/34142\/revisions\/34144"}],"wp:attachment":[{"href":"http:\/\/blogdalucianaoliveira.com.br\/blog\/wp-json\/wp\/v2\/media?parent=34142"}],"wp:term":[{"taxonomy":"category","embeddable":true,"href":"http:\/\/blogdalucianaoliveira.com.br\/blog\/wp-json\/wp\/v2\/categories?post=34142"},{"taxonomy":"post_tag","embeddable":true,"href":"http:\/\/blogdalucianaoliveira.com.br\/blog\/wp-json\/wp\/v2\/tags?post=34142"}],"curies":[{"name":"wp","href":"https:\/\/api.w.org\/{rel}","templated":true}]}}