{"id":34145,"date":"2022-09-07T20:44:53","date_gmt":"2022-09-08T00:44:53","guid":{"rendered":"http:\/\/blogdalucianaoliveira.com.br\/blog\/?p=34145"},"modified":"2022-09-07T20:44:56","modified_gmt":"2022-09-08T00:44:56","slug":"imbrochavel-discurso-hipersexualizado-de-bolsonaro-e-tipico-da-masculinidade-fragil-diz-psicanalista","status":"publish","type":"post","link":"http:\/\/blogdalucianaoliveira.com.br\/blog\/2022\/09\/07\/imbrochavel-discurso-hipersexualizado-de-bolsonaro-e-tipico-da-masculinidade-fragil-diz-psicanalista\/","title":{"rendered":"Imbroch\u00e1vel? &#8216;Discurso hipersexualizado de Bolsonaro \u00e9 t\u00edpico da masculinidade fr\u00e1gil&#8217;, diz psicanalista"},"content":{"rendered":"\n<figure class=\"wp-block-image size-large\"><img data-recalc-dims=\"1\" loading=\"lazy\" decoding=\"async\" width=\"600\" height=\"348\" data-attachment-id=\"34146\" data-permalink=\"http:\/\/blogdalucianaoliveira.com.br\/blog\/2022\/09\/07\/imbrochavel-discurso-hipersexualizado-de-bolsonaro-e-tipico-da-masculinidade-fragil-diz-psicanalista\/26411c52-ba25-470c-ae96-e1913dba0aab\/\" data-orig-file=\"https:\/\/i0.wp.com\/blogdalucianaoliveira.com.br\/blog\/wp-content\/uploads\/2022\/09\/26411C52-BA25-470C-AE96-E1913DBA0AAB.jpeg?fit=775%2C450\" data-orig-size=\"775,450\" data-comments-opened=\"0\" data-image-meta=\"{&quot;aperture&quot;:&quot;0&quot;,&quot;credit&quot;:&quot;&quot;,&quot;camera&quot;:&quot;&quot;,&quot;caption&quot;:&quot;&quot;,&quot;created_timestamp&quot;:&quot;0&quot;,&quot;copyright&quot;:&quot;&quot;,&quot;focal_length&quot;:&quot;0&quot;,&quot;iso&quot;:&quot;0&quot;,&quot;shutter_speed&quot;:&quot;0&quot;,&quot;title&quot;:&quot;&quot;,&quot;orientation&quot;:&quot;0&quot;}\" data-image-title=\"26411C52-BA25-470C-AE96-E1913DBA0AAB\" data-image-description=\"\" data-image-caption=\"\" data-medium-file=\"https:\/\/i0.wp.com\/blogdalucianaoliveira.com.br\/blog\/wp-content\/uploads\/2022\/09\/26411C52-BA25-470C-AE96-E1913DBA0AAB.jpeg?fit=300%2C174\" data-large-file=\"https:\/\/i0.wp.com\/blogdalucianaoliveira.com.br\/blog\/wp-content\/uploads\/2022\/09\/26411C52-BA25-470C-AE96-E1913DBA0AAB.jpeg?fit=600%2C348\" src=\"https:\/\/i0.wp.com\/blogdalucianaoliveira.com.br\/blog\/wp-content\/uploads\/2022\/09\/26411C52-BA25-470C-AE96-E1913DBA0AAB.jpeg?resize=600%2C348\" alt=\"\" class=\"wp-image-34146\" srcset=\"https:\/\/i0.wp.com\/blogdalucianaoliveira.com.br\/blog\/wp-content\/uploads\/2022\/09\/26411C52-BA25-470C-AE96-E1913DBA0AAB.jpeg?w=775 775w, https:\/\/i0.wp.com\/blogdalucianaoliveira.com.br\/blog\/wp-content\/uploads\/2022\/09\/26411C52-BA25-470C-AE96-E1913DBA0AAB.jpeg?resize=300%2C174 300w, https:\/\/i0.wp.com\/blogdalucianaoliveira.com.br\/blog\/wp-content\/uploads\/2022\/09\/26411C52-BA25-470C-AE96-E1913DBA0AAB.jpeg?resize=768%2C446 768w, https:\/\/i0.wp.com\/blogdalucianaoliveira.com.br\/blog\/wp-content\/uploads\/2022\/09\/26411C52-BA25-470C-AE96-E1913DBA0AAB.jpeg?resize=517%2C300 517w\" sizes=\"auto, (max-width: 600px) 100vw, 600px\" \/><\/figure>\n\n\n\n<p><strong>&#8220;Imbroch\u00e1vel, imbroch\u00e1vel, imbroch\u00e1vel, imbroch\u00e1vel, imbroch\u00e1vel.&#8221;<\/strong><\/p>\n\n\n\n<!--more-->\n\n\n\n<p>Ricardo Senra &#8211; BBC News Brasil em Londres<\/p>\n\n\n\n<p>Em discurso na Esplanada dos Minist\u00e9rios durante a celebra\u00e7\u00e3o do 7 de Setembro, o presidente Jair Bolsonaro (PL) repetiu cinco vezes o termo &#8220;imbroch\u00e1vel&#8221;, palavra que n\u00e3o est\u00e1 no dicion\u00e1rio, mas indicaria suposta pot\u00eancia sexual inabal\u00e1vel.<\/p>\n\n\n\n<p>N\u00e3o \u00e9 a primeira vez.&nbsp;<\/p>\n\n\n\n<p>&#8220;Tenho certeza, eu sou &#8216;imbroch\u00e1vel&#8217;, n\u00e3o vou sair de combate&#8221;, disse, em maio de 2018, o ent\u00e3o pr\u00e9-candidato em discurso na Federa\u00e7\u00e3o das Ind\u00fastrias do Rio Grande do Norte (Fiern).<\/p>\n\n\n\n<p>Em setembro de 2019, j\u00e1 presidente, Bolsonaro surpreendeu simpatizantes na entrada do Pal\u00e1cio da Alvorada com o termo: &#8220;Eu sou imbroch\u00e1vel&#8221;, disse, simplesmente.<\/p>\n\n\n\n<p>Corta para fevereiro de 2020. &#8220;N\u00e3o estou preocupado com reelei\u00e7\u00e3o&#8221;, falou Bolsonaro. &#8220;N\u00e3o vou brochar para atender voc\u00eas (jornalistas) pensando em reelei\u00e7\u00e3o. Eu sou imbroch\u00e1vel.&#8221;<\/p>\n\n\n\n<p>Agosto de 2020: &#8220;Com todo respeito, na pol\u00edtica, eu sou imbroch\u00e1vel&#8221;.<\/p>\n\n\n\n<p>Em maio de 2021, ele foi al\u00e9m: &#8220;Fique tranquilo. J\u00e1 falei que sou imorr\u00edvel, imbroch\u00e1vel e tamb\u00e9m sou incom\u00edvel&#8221;.<\/p>\n\n\n\n<p>Em 31 de agosto de 2021, na sa\u00edda do pal\u00e1cio, Bolsonaro mostrou uma medalha prateada para as c\u00e2meras. Junto \u00e0 sua foto, lia-se a frase: &#8220;Clube Bolsonaro &#8211; Imorr\u00edvel, imbroch\u00e1vel e incom\u00edvel&#8221;.<\/p>\n\n\n\n<p>&#8220;Minha mulher n\u00e3o pode ver isso, n\u00e3o. Essa medalha n\u00e3o \u00e9 qualquer um que tem, n\u00e3o, p\u00f4&#8221;, afirmou.<\/p>\n\n\n\n<p>Mas por que o presidente da Rep\u00fablica que mais apostou na ret\u00f3rica religiosa e conservadora desde a redemocratiza\u00e7\u00e3o brasileira insiste tanto em se promover sexualmente?<\/p>\n\n\n\n<h2 class=\"wp-block-heading\" id=\"Hipocrisia-\u00e0-brasileira\">&#8216;Hipocrisia \u00e0 brasileira&#8217;<\/h2>\n\n\n\n<p>O psicanalista Christian Dunker, professor titular do Instituto de Psicologia da Universidade de S\u00e3o Paulo e vencedor do pr\u00eamio Jabuti de 2021, tem suas interpreta\u00e7\u00f5es.<\/p>\n\n\n\n<p>&#8220;Uma caracter\u00edstica inovadora do discurso do presidente \u00e9 que ele usa alternadamente uma ret\u00f3rica do respeito \u00e0 fam\u00edlia, \u00e0 moral e aos bons costumes, e uma ret\u00f3rica libidinal, do palavreado chulo, da linguagem privada em espa\u00e7o p\u00fablico.&#8221;<\/p>\n\n\n\n<p>Dunker diz que Bolsonaro inova ao trazer \u00e0 pol\u00edtica &#8220;uma caracter\u00edstica curiosa da cultura brasileira: essa dupla moral, essa hipocrisia assumida publicamente&#8221;.<\/p>\n\n\n\n<p>Um ditado conhecido pela maioria dos brasileiros ilustra a duplicidade citada pelo professor: &#8220;Aos amigos, tudo. Aos inimigos, nada&#8221;.<\/p>\n\n\n\n<p>Para o psicanalista, Bolsonaro apostaria em um estilo de autoridade que tem apelo para essa &#8220;hipocrisia brasileira, sobrepondo o que \u00e9 p\u00fablico e o que \u00e9 privado&#8221;.<\/p>\n\n\n\n<h2 class=\"wp-block-heading\" id=\"Controle-da-sexualidade\">&#8216;Controle da sexualidade&#8217;<\/h2>\n\n\n\n<figure class=\"wp-block-image\"><img data-recalc-dims=\"1\" decoding=\"async\" src=\"https:\/\/i0.wp.com\/ichef.bbci.co.uk\/news\/640\/cpsprodpb\/8FB8\/production\/_126629763_7f7b5a2a-fcae-4e92-87a0-17fe80c769af.jpg?w=600&#038;ssl=1\" alt=\"Bolsonaro faz sinal de arma com as maos em palanque no 7 de setembro\"\/><figcaption>Legenda da foto,&nbsp;Bolsonaro tirou a faixa presidencial para discursar e fez sinal de arma com as m\u00e3os durante discurso<\/figcaption><\/figure>\n\n\n\n<p>O professor da USP tamb\u00e9m reflete sobre uma caracter\u00edstica que ele aponta como comum entre &#8220;regimes ultraconservadores&#8221;: a tentativa de controlar a sexualidade das pessoas.<\/p>\n\n\n\n<p>&#8220;A sexualidade, para as pessoas, \u00e9 algo tido como dificilmente control\u00e1vel. Algo que voc\u00ea n\u00e3o comanda, principalmente no campo da imagina\u00e7\u00e3o, do desejo sonhado, da fantasia.&#8221;<\/p>\n\n\n\n<p>&#8220;A &#8216;brochada'&#8221; continua o professor, &#8220;\u00e9 um desses elementos n\u00e3o control\u00e1veis da nossa sexualidade. Algo que o homem n\u00e3o domina&#8221;.<\/p>\n\n\n\n<p>Dunker cita o psicanalista austr\u00edaco Wilhelm Reich (1897-1957).<\/p>\n\n\n\n<p>&#8220;Para ele, os fascismos dos anos 1930 tinham a ver com a repress\u00e3o sexual das pessoas. Ele pensava no oper\u00e1rio que tinha uma vida sexual muito pouco rica, restrita por press\u00f5es e impedimentos, e dizia: &#8216;Essa \u00e9 a presa f\u00e1cil do fascista&#8217;. Ele vai receber v\u00e1rias mensagens pol\u00edticas dizendo que essa pobreza er\u00f3tica \u00e9 a condi\u00e7\u00e3o normal. E que voc\u00ea deve transferir a sua libido, a sua pot\u00eancia desejante, para aquele que vai dar prote\u00e7\u00e3o.&#8221;&nbsp;<\/p>\n\n\n\n<p>No caso: o Estado, o l\u00edder da na\u00e7\u00e3o, a religi\u00e3o, o Ex\u00e9rcito.<\/p>\n\n\n\n<figure class=\"wp-block-image\"><img data-recalc-dims=\"1\" decoding=\"async\" src=\"https:\/\/i0.wp.com\/ichef.bbci.co.uk\/news\/640\/cpsprodpb\/12810\/production\/_126629757_mcmgo_07_de_setembro_abr_07091922591.jpg?w=600&#038;ssl=1\" alt=\"Bolsonaro ao lado da esposa, Michele, da filha, Laura, e do vice-presidente Hamilton Mour\u00e3o\"\/><figcaption>Legenda da foto,&nbsp;S\u00f3 no 7 de Setembro, Bolsonaro repetiu cinco vezes o termo &#8216;imbroch\u00e1vel&#8217;, que n\u00e3o est\u00e1 no dicion\u00e1rio, mas indicaria suposta pot\u00eancia sexual inabal\u00e1vel<\/figcaption><\/figure>\n\n\n\n<p>Dunker cita outra postura recorrente de Bolsonaro: as falas pejorativas e ataques contra homossexuais, transexuais, e mulheres.<\/p>\n\n\n\n<p>Em julho deste ano, em evento evang\u00e9lico no Maranh\u00e3o, Bolsonaro defendeu que &#8220;o Jo\u00e3ozinho seja o Jo\u00e3ozinho a vida toda&#8221;, que &#8220;a Mariazinha seja a Mariazinha a vida toda&#8221;.<\/p>\n\n\n\n<p>Tamb\u00e9m disse que fam\u00edlia \u00e9 composta por &#8220;homem, mulher e prole&#8221;.<\/p>\n\n\n\n<p>&#8220;A ideia de atacar, controlar e destruir sexualidades n\u00e3o hegem\u00f4nicas, divergentes, \u00e9 tamb\u00e9m uma maneira de reassegurar para as pessoas o controle daquilo que elas n\u00e3o conseguem controlar. \u00c9 uma maneira de dizer assim: &#8216;Vamos oferecer uma pacifica\u00e7\u00e3o subjetiva para voc\u00eas. Controlar as vozes de outras orienta\u00e7\u00f5es, outros g\u00eaneros e outras possibilidades sexuais. Votem em mim para a gente resolver o problema desde fora, n\u00e3o de dentro'&#8221;, explica o professor.<\/p>\n\n\n\n<figure class=\"wp-block-image\"><img data-recalc-dims=\"1\" decoding=\"async\" src=\"https:\/\/i0.wp.com\/ichef.bbci.co.uk\/news\/640\/cpsprodpb\/2514\/production\/_126629490_semttulo.png?w=600&#038;ssl=1\" alt=\"Christian Dunker, um homem branco de meia idade e camisa azul\"\/><figcaption>Legenda da foto,&nbsp;Christian Dunker \u00e9 professor do Instituto de Psicologia da Universidade de S\u00e3o Paulo<\/figcaption><\/figure>\n\n\n\n<h2 class=\"wp-block-heading\" id=\"Masculinidade-fr\u00e1gil\">&#8216;Masculinidade fr\u00e1gil&#8217;<\/h2>\n\n\n\n<p>Dunker tamb\u00e9m aponta pontos &#8220;bem pouco originais&#8221; na narrativa de Bolsonaro.&nbsp;<\/p>\n\n\n\n<p>&#8220;H\u00e1 essa percep\u00e7\u00e3o social de que os homens brancos poderosos est\u00e3o perdendo o seu lugar, que seu lugar esta amea\u00e7ado&#8221;, diz.<\/p>\n\n\n\n<p>&#8220;Essa disponibilidade pemanente do &#8216;imbroch\u00e1vel&#8217;, esse falicismo exagerado, \u00e9 um discurso de quem se sente amea\u00e7ado pelas mudan\u00e7as na cultura e nos la\u00e7os sociais. A rea\u00e7\u00e3o de Bolsonaro \u00e9 t\u00edpica da masculinidade fr\u00e1gil: ele se sente atacado e responde com excesso, exagero.&#8221;<\/p>\n\n\n\n<p>&#8220;Isso traz um efeito que vem de brinde que \u00e9 comico&#8221;, diz o professor. &#8220;Algumas pessoas de fato acreditam, mas a maior parte tem uma rela\u00e7\u00e3o de riso com essa frase (&#8216;sou imbroch\u00e1vel&#8217;). E esse riso \u00e9 muito importante porque \u00e9 um tipo de prazer, de satisfa\u00e7\u00e3o.&#8221;&nbsp;<\/p>\n\n\n\n<p>&#8220;O que Bolsonaro est\u00e1 oferecendo \u00e9 um espet\u00e1culo de fazer a pessoa sentir o prazer do &#8216;poder ser macho de novo&#8217;. O discurso dele vende que ele vai entregar aquilo que os torna grandiosamente masculinos de novo. E que a ordem vai voltar.&#8221;<\/p>\n","protected":false},"excerpt":{"rendered":"<p>&#8220;Imbroch\u00e1vel, imbroch\u00e1vel, imbroch\u00e1vel, imbroch\u00e1vel, imbroch\u00e1vel.&#8221;<\/p>\n","protected":false},"author":1,"featured_media":0,"comment_status":"closed","ping_status":"open","sticky":false,"template":"","format":"standard","meta":{"_exactmetrics_skip_tracking":false,"_exactmetrics_sitenote_active":false,"_exactmetrics_sitenote_note":"","_exactmetrics_sitenote_category":0,"jetpack_post_was_ever_published":false,"_jetpack_newsletter_access":"","_jetpack_dont_email_post_to_subs":false,"_jetpack_newsletter_tier_id":0,"_jetpack_memberships_contains_paywalled_content":false,"_jetpack_memberships_contains_paid_content":false,"footnotes":"","jetpack_publicize_message":"","jetpack_publicize_feature_enabled":true,"jetpack_social_post_already_shared":true,"jetpack_social_options":{"image_generator_settings":{"template":"highway","enabled":false},"version":2}},"categories":[1],"tags":[],"class_list":["post-34145","post","type-post","status-publish","format-standard","hentry","category-notas"],"jetpack_publicize_connections":[],"jetpack_sharing_enabled":true,"jetpack_featured_media_url":"","jetpack_shortlink":"https:\/\/wp.me\/p7wKYW-8SJ","jetpack-related-posts":[],"_links":{"self":[{"href":"http:\/\/blogdalucianaoliveira.com.br\/blog\/wp-json\/wp\/v2\/posts\/34145","targetHints":{"allow":["GET"]}}],"collection":[{"href":"http:\/\/blogdalucianaoliveira.com.br\/blog\/wp-json\/wp\/v2\/posts"}],"about":[{"href":"http:\/\/blogdalucianaoliveira.com.br\/blog\/wp-json\/wp\/v2\/types\/post"}],"author":[{"embeddable":true,"href":"http:\/\/blogdalucianaoliveira.com.br\/blog\/wp-json\/wp\/v2\/users\/1"}],"replies":[{"embeddable":true,"href":"http:\/\/blogdalucianaoliveira.com.br\/blog\/wp-json\/wp\/v2\/comments?post=34145"}],"version-history":[{"count":1,"href":"http:\/\/blogdalucianaoliveira.com.br\/blog\/wp-json\/wp\/v2\/posts\/34145\/revisions"}],"predecessor-version":[{"id":34147,"href":"http:\/\/blogdalucianaoliveira.com.br\/blog\/wp-json\/wp\/v2\/posts\/34145\/revisions\/34147"}],"wp:attachment":[{"href":"http:\/\/blogdalucianaoliveira.com.br\/blog\/wp-json\/wp\/v2\/media?parent=34145"}],"wp:term":[{"taxonomy":"category","embeddable":true,"href":"http:\/\/blogdalucianaoliveira.com.br\/blog\/wp-json\/wp\/v2\/categories?post=34145"},{"taxonomy":"post_tag","embeddable":true,"href":"http:\/\/blogdalucianaoliveira.com.br\/blog\/wp-json\/wp\/v2\/tags?post=34145"}],"curies":[{"name":"wp","href":"https:\/\/api.w.org\/{rel}","templated":true}]}}