{"id":34151,"date":"2022-09-08T07:43:34","date_gmt":"2022-09-08T11:43:34","guid":{"rendered":"http:\/\/blogdalucianaoliveira.com.br\/blog\/?p=34151"},"modified":"2022-09-08T07:43:40","modified_gmt":"2022-09-08T11:43:40","slug":"o-territorio-com-txai-surui-esquadrinha-o-desmatamento-na-amazonia","status":"publish","type":"post","link":"http:\/\/blogdalucianaoliveira.com.br\/blog\/2022\/09\/08\/o-territorio-com-txai-surui-esquadrinha-o-desmatamento-na-amazonia\/","title":{"rendered":"&#8216;O Territ\u00f3rio&#8217;, com Txai Suru\u00ed, esquadrinha o desmatamento na Amaz\u00f4nia"},"content":{"rendered":"\n<figure class=\"wp-block-image size-large\"><img data-recalc-dims=\"1\" loading=\"lazy\" decoding=\"async\" width=\"600\" height=\"300\" data-attachment-id=\"34152\" data-permalink=\"http:\/\/blogdalucianaoliveira.com.br\/blog\/2022\/09\/08\/o-territorio-com-txai-surui-esquadrinha-o-desmatamento-na-amazonia\/af8edf49-8e5c-4568-a93b-03dd3903dabf\/\" data-orig-file=\"https:\/\/i0.wp.com\/blogdalucianaoliveira.com.br\/blog\/wp-content\/uploads\/2022\/09\/AF8EDF49-8E5C-4568-A93B-03DD3903DABF.jpeg?fit=768%2C384\" data-orig-size=\"768,384\" data-comments-opened=\"0\" data-image-meta=\"{&quot;aperture&quot;:&quot;0&quot;,&quot;credit&quot;:&quot;&quot;,&quot;camera&quot;:&quot;&quot;,&quot;caption&quot;:&quot;&quot;,&quot;created_timestamp&quot;:&quot;0&quot;,&quot;copyright&quot;:&quot;&quot;,&quot;focal_length&quot;:&quot;0&quot;,&quot;iso&quot;:&quot;0&quot;,&quot;shutter_speed&quot;:&quot;0&quot;,&quot;title&quot;:&quot;&quot;,&quot;orientation&quot;:&quot;0&quot;}\" data-image-title=\"AF8EDF49-8E5C-4568-A93B-03DD3903DABF\" data-image-description=\"\" data-image-caption=\"\" data-medium-file=\"https:\/\/i0.wp.com\/blogdalucianaoliveira.com.br\/blog\/wp-content\/uploads\/2022\/09\/AF8EDF49-8E5C-4568-A93B-03DD3903DABF.jpeg?fit=300%2C150\" data-large-file=\"https:\/\/i0.wp.com\/blogdalucianaoliveira.com.br\/blog\/wp-content\/uploads\/2022\/09\/AF8EDF49-8E5C-4568-A93B-03DD3903DABF.jpeg?fit=600%2C300\" src=\"https:\/\/i0.wp.com\/blogdalucianaoliveira.com.br\/blog\/wp-content\/uploads\/2022\/09\/AF8EDF49-8E5C-4568-A93B-03DD3903DABF.jpeg?resize=600%2C300\" alt=\"\" class=\"wp-image-34152\" srcset=\"https:\/\/i0.wp.com\/blogdalucianaoliveira.com.br\/blog\/wp-content\/uploads\/2022\/09\/AF8EDF49-8E5C-4568-A93B-03DD3903DABF.jpeg?w=768 768w, https:\/\/i0.wp.com\/blogdalucianaoliveira.com.br\/blog\/wp-content\/uploads\/2022\/09\/AF8EDF49-8E5C-4568-A93B-03DD3903DABF.jpeg?resize=300%2C150 300w, https:\/\/i0.wp.com\/blogdalucianaoliveira.com.br\/blog\/wp-content\/uploads\/2022\/09\/AF8EDF49-8E5C-4568-A93B-03DD3903DABF.jpeg?resize=600%2C300 600w\" sizes=\"auto, (max-width: 600px) 100vw, 600px\" \/><\/figure>\n\n\n\n<p>Coprodu\u00e7\u00e3o entre povoado uru-eu-wau-wau e documentarista nova-iorquino Alex Pritz estreia nesta quinta-feira.<\/p>\n\n\n\n<!--more-->\n\n\n\n<p><strong>Bruno Cavalcanti<\/strong>, na Folha de S\u00e3o Paulo <\/p>\n\n\n\n<p>Foi inspirado no trabalho da indigenista acreana Neidinha Bandeira que o documentarista nova-iorquino Alex Pritz decidiu apontar suas lentes para um pequeno povoado ind\u00edgena no interior de Rond\u00f4nia. Antes disso, ele j\u00e1 havia mergulhado na hist\u00f3ria de uma aldeia de minera\u00e7\u00e3o sovi\u00e9tica abandonada nas montanhas do leste do Quirguist\u00e3o, na \u00c1sia, em &#8220;My Dear Kyrgyzstan&#8221;, lan\u00e7ado h\u00e1 tr\u00eas anos.<\/p>\n\n\n\n<figure class=\"wp-block-image\"><img data-recalc-dims=\"1\" decoding=\"async\" src=\"https:\/\/i0.wp.com\/f.i.uol.com.br\/fotografia\/2022\/01\/21\/164278215861eaddce9b898_1642782158_3x2_md.jpg?w=600&#038;ssl=1\" alt=\"0\"\/><\/figure>\n\n\n\n<p>Cena do document\u00e1rio &#8216;O Territ\u00f3rio&#8217; com Bitate Uru-Eu-Wau-Wau, jovem lideran\u00e7a da comunidade &#8211;&nbsp;Reinaldo Silva<\/p>\n\n\n\n<p>Um dos principais nomes a levantar a voz contra o desmatamento e as queimadas criminosas na Amaz\u00f4nia h\u00e1 mais de 40 anos, Bandeira n\u00e3o quis ser o tema do document\u00e1rio, mas enxergou a chance de potencializar a defesa de um dos povos mais fragilizados na batalha pela exist\u00eancia nas matas da floresta amaz\u00f4nica, os uru-eu-wau-wau.<\/p>\n\n\n\n<p>&#8220;Quando conheci o povoado, entendi o quanto eles s\u00e3o importantes para a hist\u00f3ria que est\u00e1vamos contando. Neidinha tinha uma rela\u00e7\u00e3o pr\u00f3xima com eles, e seu papel na prote\u00e7\u00e3o da floresta n\u00e3o pode ser esquecido. Com pouco menos de 200 pessoas, os uru-eu-wau-wau est\u00e3o defendendo a maior floresta de Rond\u00f4nia, numa \u00e1rea de quase 18 mil quil\u00f4metros quadrados&#8221;, afirma Pritz.<\/p>\n\n\n\n<p>Assim nasceu &#8220;<a href=\"https:\/\/www1.folha.uol.com.br\/ilustrada\/2022\/04\/o-territorio-e-uma-sucessao-imagens-potentes-e-angustiantes.shtml\">O Territ\u00f3rio<\/a>&#8220;, document\u00e1rio que estreia nesta quinta-feira nos cinemas da capital paulista sob a dire\u00e7\u00e3o de Pritz e a coprodu\u00e7\u00e3o dos uru-eu-wau-wau. O povo, que j\u00e1 vinha documentando queimadas e invas\u00f5es, viu no projeto uma chance de potencializar as den\u00fancias do que ocorre no territ\u00f3rio&nbsp;<a href=\"https:\/\/www1.folha.uol.com.br\/cotidiano\/2022\/08\/invasoes-e-garimpo-em-terras-indigenas-aumentaram-180-sob-bolsonaro-diz-relatorio.shtml\">com mais for\u00e7a nos \u00faltimos tr\u00eas anos<\/a>, desde a elei\u00e7\u00e3o de&nbsp;<a href=\"https:\/\/www1.folha.uol.com.br\/folha-topicos\/jair-bolsonaro\/\">Jair Bolsonaro<\/a>, do Partido Liberal.<\/p>\n\n\n\n<p>&#8220;Quando o governo Bolsonaro chegou ao poder, vimos muito rapidamente como isso afetou os povos ind\u00edgenas e suas terras. A primeira invas\u00e3o mostrada no filme ocorreu em 10 de janeiro, dez dias ap\u00f3s a posse de Bolsonaro&#8221;, diz Pritz.<\/p>\n\n\n\n<p>Produtora-executiva do document\u00e1rio e colunista deste jornal, a ativista&nbsp;<a href=\"https:\/\/www1.folha.uol.com.br\/colunas\/txai-surui\/\">Txai<\/a>&nbsp;<a href=\"https:\/\/www1.folha.uol.com.br\/colunas\/txai-surui\/\">Suru\u00ed<\/a>acredita que o filme ter\u00e1 a chance de expandir n\u00e3o s\u00f3 as den\u00fancias, mas os avisos acerca das quest\u00f5es ligadas \u00e0 preserva\u00e7\u00e3o ambiental que deram o tom de seu discurso na&nbsp;<a href=\"https:\/\/www1.folha.uol.com.br\/folha-topicos\/cop26\/\">Confer\u00eancia das Na\u00e7\u00f5es Unidas sobre as Mudan\u00e7as Clim\u00e1ticas em 2021, a COP 26<\/a>.<\/p>\n\n\n\n<p>&#8220;\u00c9 diferente eu contar uma hist\u00f3ria aqui e voc\u00ea ver a hist\u00f3ria acontecer. O cinema traz esse artif\u00edcio visual, que tem mais poder. Estamos ultrapassando fronteiras e educando, porque quando falamos em crise clim\u00e1tica n\u00e3o estamos falando s\u00f3 de \u00e1rvores sendo queimadas, mas da vida das pessoas&#8221;, diz.<\/p>\n\n\n\n<p>Vencedor de 16 pr\u00eamios internacionais, entre eles o do<a href=\"https:\/\/www1.folha.uol.com.br\/ilustrada\/2020\/12\/festival-de-sundance-recorre-a-drive-ins-e-internet-para-lancamentos.shtml\">&nbsp;Festival&nbsp;<\/a><a href=\"https:\/\/www1.folha.uol.com.br\/ilustrada\/2020\/12\/festival-de-sundance-recorre-a-drive-ins-e-internet-para-lancamentos.shtml\">Sundance<\/a>, nos Estados Unidos, o filme ainda ganhar\u00e1 lan\u00e7amento na Austr\u00e1lia e na Nova Zel\u00e2ndia nos pr\u00f3ximos meses.<\/p>\n\n\n\n<p>&#8220;Estamos vivendo num Brasil polarizado, e nossa produ\u00e7\u00e3o mostra como as coisas s\u00e3o muito mais complexas. A maioria dos filmes tem o her\u00f3i e o vil\u00e3o, mas n\u00f3s buscamos a humaniza\u00e7\u00e3o desses dois lados. A arte tem esse papel de uni\u00e3o&#8221;, afirma Txai Suru\u00ed.<\/p>\n\n\n\n<h4 class=\"wp-block-heading\">O TERRIT\u00d3RIO&nbsp;<\/h4>\n\n\n\n<p>Avalia\u00e7\u00e3o:<\/p>\n\n\n\n<ul class=\"wp-block-list\"><li><strong>Quando:<\/strong>&nbsp;Nesta quinta (8) nos cinemas<\/li><li><strong>Classifica\u00e7\u00e3o:<\/strong>&nbsp;12 anos<\/li><li><strong>Produ\u00e7\u00e3o:<\/strong>&nbsp;Brasil, Dinamarca, EUA, 2022<\/li><li><strong>Dire\u00e7\u00e3o:<\/strong>&nbsp;Alex Pritz<\/li><\/ul>\n","protected":false},"excerpt":{"rendered":"<p>Coprodu\u00e7\u00e3o entre povoado uru-eu-wau-wau e documentarista nova-iorquino Alex Pritz estreia nesta quinta-feira.<\/p>\n","protected":false},"author":1,"featured_media":0,"comment_status":"closed","ping_status":"open","sticky":false,"template":"","format":"standard","meta":{"_exactmetrics_skip_tracking":false,"_exactmetrics_sitenote_active":false,"_exactmetrics_sitenote_note":"","_exactmetrics_sitenote_category":0,"jetpack_post_was_ever_published":false,"_jetpack_newsletter_access":"","_jetpack_dont_email_post_to_subs":false,"_jetpack_newsletter_tier_id":0,"_jetpack_memberships_contains_paywalled_content":false,"_jetpack_memberships_contains_paid_content":false,"footnotes":"","jetpack_publicize_message":"","jetpack_publicize_feature_enabled":true,"jetpack_social_post_already_shared":true,"jetpack_social_options":{"image_generator_settings":{"template":"highway","enabled":false},"version":2}},"categories":[1],"tags":[],"class_list":["post-34151","post","type-post","status-publish","format-standard","hentry","category-notas"],"jetpack_publicize_connections":[],"jetpack_sharing_enabled":true,"jetpack_featured_media_url":"","jetpack_shortlink":"https:\/\/wp.me\/p7wKYW-8SP","jetpack-related-posts":[],"_links":{"self":[{"href":"http:\/\/blogdalucianaoliveira.com.br\/blog\/wp-json\/wp\/v2\/posts\/34151","targetHints":{"allow":["GET"]}}],"collection":[{"href":"http:\/\/blogdalucianaoliveira.com.br\/blog\/wp-json\/wp\/v2\/posts"}],"about":[{"href":"http:\/\/blogdalucianaoliveira.com.br\/blog\/wp-json\/wp\/v2\/types\/post"}],"author":[{"embeddable":true,"href":"http:\/\/blogdalucianaoliveira.com.br\/blog\/wp-json\/wp\/v2\/users\/1"}],"replies":[{"embeddable":true,"href":"http:\/\/blogdalucianaoliveira.com.br\/blog\/wp-json\/wp\/v2\/comments?post=34151"}],"version-history":[{"count":1,"href":"http:\/\/blogdalucianaoliveira.com.br\/blog\/wp-json\/wp\/v2\/posts\/34151\/revisions"}],"predecessor-version":[{"id":34153,"href":"http:\/\/blogdalucianaoliveira.com.br\/blog\/wp-json\/wp\/v2\/posts\/34151\/revisions\/34153"}],"wp:attachment":[{"href":"http:\/\/blogdalucianaoliveira.com.br\/blog\/wp-json\/wp\/v2\/media?parent=34151"}],"wp:term":[{"taxonomy":"category","embeddable":true,"href":"http:\/\/blogdalucianaoliveira.com.br\/blog\/wp-json\/wp\/v2\/categories?post=34151"},{"taxonomy":"post_tag","embeddable":true,"href":"http:\/\/blogdalucianaoliveira.com.br\/blog\/wp-json\/wp\/v2\/tags?post=34151"}],"curies":[{"name":"wp","href":"https:\/\/api.w.org\/{rel}","templated":true}]}}