{"id":34154,"date":"2022-09-08T11:21:40","date_gmt":"2022-09-08T15:21:40","guid":{"rendered":"http:\/\/blogdalucianaoliveira.com.br\/blog\/?p=34154"},"modified":"2022-09-08T11:21:43","modified_gmt":"2022-09-08T15:21:43","slug":"ibama-executa-so-37-do-orcamento-para-prevencao-de-queimadas-diz-observatorio","status":"publish","type":"post","link":"http:\/\/blogdalucianaoliveira.com.br\/blog\/2022\/09\/08\/ibama-executa-so-37-do-orcamento-para-prevencao-de-queimadas-diz-observatorio\/","title":{"rendered":"Ibama executa s\u00f3 37% do or\u00e7amento para preven\u00e7\u00e3o de queimadas, diz Observat\u00f3rio"},"content":{"rendered":"\n<figure class=\"wp-block-image size-large\"><img data-recalc-dims=\"1\" loading=\"lazy\" decoding=\"async\" width=\"600\" height=\"412\" data-attachment-id=\"34155\" data-permalink=\"http:\/\/blogdalucianaoliveira.com.br\/blog\/2022\/09\/08\/ibama-executa-so-37-do-orcamento-para-prevencao-de-queimadas-diz-observatorio\/6ece276f-9fce-4a58-bc40-56416aae481d\/\" data-orig-file=\"https:\/\/i0.wp.com\/blogdalucianaoliveira.com.br\/blog\/wp-content\/uploads\/2022\/09\/6ECE276F-9FCE-4A58-BC40-56416AAE481D.jpeg?fit=932%2C640\" data-orig-size=\"932,640\" data-comments-opened=\"0\" data-image-meta=\"{&quot;aperture&quot;:&quot;0&quot;,&quot;credit&quot;:&quot;&quot;,&quot;camera&quot;:&quot;&quot;,&quot;caption&quot;:&quot;&quot;,&quot;created_timestamp&quot;:&quot;0&quot;,&quot;copyright&quot;:&quot;&quot;,&quot;focal_length&quot;:&quot;0&quot;,&quot;iso&quot;:&quot;0&quot;,&quot;shutter_speed&quot;:&quot;0&quot;,&quot;title&quot;:&quot;&quot;,&quot;orientation&quot;:&quot;0&quot;}\" data-image-title=\"6ECE276F-9FCE-4A58-BC40-56416AAE481D\" data-image-description=\"\" data-image-caption=\"\" data-medium-file=\"https:\/\/i0.wp.com\/blogdalucianaoliveira.com.br\/blog\/wp-content\/uploads\/2022\/09\/6ECE276F-9FCE-4A58-BC40-56416AAE481D.jpeg?fit=300%2C206\" data-large-file=\"https:\/\/i0.wp.com\/blogdalucianaoliveira.com.br\/blog\/wp-content\/uploads\/2022\/09\/6ECE276F-9FCE-4A58-BC40-56416AAE481D.jpeg?fit=600%2C412\" src=\"https:\/\/i0.wp.com\/blogdalucianaoliveira.com.br\/blog\/wp-content\/uploads\/2022\/09\/6ECE276F-9FCE-4A58-BC40-56416AAE481D.jpeg?resize=600%2C412\" alt=\"\" class=\"wp-image-34155\" srcset=\"https:\/\/i0.wp.com\/blogdalucianaoliveira.com.br\/blog\/wp-content\/uploads\/2022\/09\/6ECE276F-9FCE-4A58-BC40-56416AAE481D.jpeg?w=932 932w, https:\/\/i0.wp.com\/blogdalucianaoliveira.com.br\/blog\/wp-content\/uploads\/2022\/09\/6ECE276F-9FCE-4A58-BC40-56416AAE481D.jpeg?resize=300%2C206 300w, https:\/\/i0.wp.com\/blogdalucianaoliveira.com.br\/blog\/wp-content\/uploads\/2022\/09\/6ECE276F-9FCE-4A58-BC40-56416AAE481D.jpeg?resize=768%2C527 768w, https:\/\/i0.wp.com\/blogdalucianaoliveira.com.br\/blog\/wp-content\/uploads\/2022\/09\/6ECE276F-9FCE-4A58-BC40-56416AAE481D.jpeg?resize=437%2C300 437w\" sizes=\"auto, (max-width: 600px) 100vw, 600px\" \/><\/figure>\n\n\n\n<h4 class=\"wp-block-heading\">Levantamento do Observat\u00f3rio do Clima mostra que menos da metade do or\u00e7amento previsto do Instituto foi utilizado para preven\u00e7\u00e3o e controle de inc\u00eandios florestais em 2022.<\/h4>\n\n\n\n<!--more-->\n\n\n\n<p>Por g1&nbsp;<\/p>\n\n\n\n<p>O Ibama liquidou (executou) at\u00e9 5 de setembro apenas 37% do or\u00e7amento autorizado para preven\u00e7\u00e3o e controle de inc\u00eandios florestais em 2022.&nbsp;<\/p>\n\n\n\n<p>Os dados s\u00e3o de um levantamento do Observat\u00f3rio do Clima extra\u00eddos do Painel do Or\u00e7amento Federal.&nbsp;<\/p>\n\n\n\n<p>Ainda de acordo com o OC, o Ibama havia liquidado at\u00e9 a \u00faltima segunda-feira (5) R$ 19,48 milh\u00f5es dos R$ 52,75 milh\u00f5es autorizados para preven\u00e7\u00e3o e controle de inc\u00eandios florestais.<\/p>\n\n\n\n<p>&#8220;A execu\u00e7\u00e3o lenta dos valores autorizados neste ano evidencia a falta de aten\u00e7\u00e3o com a preven\u00e7\u00e3o&#8221;, afirma Suely Ara\u00fajo, especialista em pol\u00edticas p\u00fablicas do Observat\u00f3rio do Clima.&nbsp;<\/p>\n\n\n\n<p>&#8220;O Ibama deveria ter atuado com for\u00e7a antes da \u00e9poca da seca para evitar o que est\u00e1 ocorrendo na Amaz\u00f4nia. J\u00e1 a redu\u00e7\u00e3o dos valores previstos para preven\u00e7\u00e3o e controle em 2023 \u00e9 criminosa. O Congresso Nacional tem o dever de ajustar isso no tr\u00e2mite da proposta or\u00e7ament\u00e1ria\u201d.&nbsp;<\/p>\n\n\n\n<p><a href=\"https:\/\/g1.globo.com\/meio-ambiente\/noticia\/2022\/09\/01\/amazonia-tem-pior-agosto-de-queimadas-dos-ultimos-12-anos.ghtml\">O OC observa ainda que essa baixa execu\u00e7\u00e3o coincide com o maior n\u00famero de queimadas para um m\u00eas de agosto em 11 anos na Amaz\u00f4nia<\/a>\u00a0junto com uma alta de 41% da \u00e1rea queimada no bioma de janeiro a julho em rela\u00e7\u00e3o ao mesmo per\u00edodo do ano passado.<\/p>\n\n\n\n<p>A reportagem entrou em contato com o Ibama e o Minist\u00e9rio do Meio Ambiente, mas n\u00e3o teve resposta at\u00e9 a \u00faltima atualiza\u00e7\u00e3o deste texto.&nbsp;<\/p>\n\n\n\n<p>Em nota \u00e0 TV Globo, o Ibama declarou que, at\u00e9 o dia 6 de setembro, empenhou oitenta e tr\u00eas por cento do or\u00e7amento total para preven\u00e7\u00e3o e combate aos inc\u00eandios florestais no pa\u00eds.&nbsp;<\/p>\n\n\n\n<p><em>(V\u00cdDEO:&nbsp;<\/em><a href=\"https:\/\/g1.globo.com\/natureza\/video\/nosso-problema-e-financeiro-diz-presidente-do-ibama-8961804.ghtml\"><em>Em outubro de 2019, o presidente do Ibama afirmou que \u00f3rg\u00e3o tinha um d\u00e9ficit de R$ 19 milh\u00f5es e contratos sem pagamento h\u00e1 meses.<\/em><\/a><em>)<\/em><\/p>\n\n\n\n<figure class=\"wp-block-image\"><img data-recalc-dims=\"1\" decoding=\"async\" src=\"https:\/\/i0.wp.com\/s01.video.glbimg.com\/x240\/8961804.jpg?w=600&#038;ssl=1\" alt=\"'Nosso problema \u00e9 financeiro', diz presidente do Ibama\"\/><\/figure>\n\n\n\n<p><\/p>\n","protected":false},"excerpt":{"rendered":"<p>Levantamento do Observat\u00f3rio do Clima mostra que menos da metade do or\u00e7amento previsto do Instituto foi utilizado para preven\u00e7\u00e3o e controle de inc\u00eandios florestais em 2022.<\/p>\n","protected":false},"author":1,"featured_media":0,"comment_status":"closed","ping_status":"open","sticky":false,"template":"","format":"standard","meta":{"_exactmetrics_skip_tracking":false,"_exactmetrics_sitenote_active":false,"_exactmetrics_sitenote_note":"","_exactmetrics_sitenote_category":0,"jetpack_post_was_ever_published":false,"_jetpack_newsletter_access":"","_jetpack_dont_email_post_to_subs":false,"_jetpack_newsletter_tier_id":0,"_jetpack_memberships_contains_paywalled_content":false,"_jetpack_memberships_contains_paid_content":false,"footnotes":"","jetpack_publicize_message":"","jetpack_publicize_feature_enabled":true,"jetpack_social_post_already_shared":true,"jetpack_social_options":{"image_generator_settings":{"template":"highway","enabled":false},"version":2}},"categories":[1],"tags":[],"class_list":["post-34154","post","type-post","status-publish","format-standard","hentry","category-notas"],"jetpack_publicize_connections":[],"jetpack_sharing_enabled":true,"jetpack_featured_media_url":"","jetpack_shortlink":"https:\/\/wp.me\/p7wKYW-8SS","jetpack-related-posts":[],"_links":{"self":[{"href":"http:\/\/blogdalucianaoliveira.com.br\/blog\/wp-json\/wp\/v2\/posts\/34154","targetHints":{"allow":["GET"]}}],"collection":[{"href":"http:\/\/blogdalucianaoliveira.com.br\/blog\/wp-json\/wp\/v2\/posts"}],"about":[{"href":"http:\/\/blogdalucianaoliveira.com.br\/blog\/wp-json\/wp\/v2\/types\/post"}],"author":[{"embeddable":true,"href":"http:\/\/blogdalucianaoliveira.com.br\/blog\/wp-json\/wp\/v2\/users\/1"}],"replies":[{"embeddable":true,"href":"http:\/\/blogdalucianaoliveira.com.br\/blog\/wp-json\/wp\/v2\/comments?post=34154"}],"version-history":[{"count":1,"href":"http:\/\/blogdalucianaoliveira.com.br\/blog\/wp-json\/wp\/v2\/posts\/34154\/revisions"}],"predecessor-version":[{"id":34156,"href":"http:\/\/blogdalucianaoliveira.com.br\/blog\/wp-json\/wp\/v2\/posts\/34154\/revisions\/34156"}],"wp:attachment":[{"href":"http:\/\/blogdalucianaoliveira.com.br\/blog\/wp-json\/wp\/v2\/media?parent=34154"}],"wp:term":[{"taxonomy":"category","embeddable":true,"href":"http:\/\/blogdalucianaoliveira.com.br\/blog\/wp-json\/wp\/v2\/categories?post=34154"},{"taxonomy":"post_tag","embeddable":true,"href":"http:\/\/blogdalucianaoliveira.com.br\/blog\/wp-json\/wp\/v2\/tags?post=34154"}],"curies":[{"name":"wp","href":"https:\/\/api.w.org\/{rel}","templated":true}]}}