{"id":3416,"date":"2016-08-25T11:14:37","date_gmt":"2016-08-25T15:14:37","guid":{"rendered":"http:\/\/blogdalucianaoliveira.com.br\/blog\/?p=3416"},"modified":"2016-08-25T12:15:52","modified_gmt":"2016-08-25T16:15:52","slug":"3416","status":"publish","type":"post","link":"http:\/\/blogdalucianaoliveira.com.br\/blog\/2016\/08\/25\/3416\/","title":{"rendered":"Ada Bobajada, Xerife voltou, Santo Expedito faiou e a mod\u00e9stia do Ribamar"},"content":{"rendered":"<p><img data-recalc-dims=\"1\" loading=\"lazy\" decoding=\"async\" data-attachment-id=\"3417\" data-permalink=\"http:\/\/blogdalucianaoliveira.com.br\/blog\/2016\/08\/25\/3416\/img_4300-6\/\" data-orig-file=\"https:\/\/i0.wp.com\/blogdalucianaoliveira.com.br\/blog\/wp-content\/uploads\/2016\/08\/IMG_4300-1.jpg?fit=1200%2C576\" data-orig-size=\"1200,576\" data-comments-opened=\"0\" data-image-meta=\"{&quot;aperture&quot;:&quot;0&quot;,&quot;credit&quot;:&quot;&quot;,&quot;camera&quot;:&quot;&quot;,&quot;caption&quot;:&quot;&quot;,&quot;created_timestamp&quot;:&quot;0&quot;,&quot;copyright&quot;:&quot;&quot;,&quot;focal_length&quot;:&quot;0&quot;,&quot;iso&quot;:&quot;0&quot;,&quot;shutter_speed&quot;:&quot;0&quot;,&quot;title&quot;:&quot;&quot;,&quot;orientation&quot;:&quot;1&quot;}\" data-image-title=\"IMG_4300\" data-image-description=\"\" data-image-caption=\"\" data-medium-file=\"https:\/\/i0.wp.com\/blogdalucianaoliveira.com.br\/blog\/wp-content\/uploads\/2016\/08\/IMG_4300-1.jpg?fit=300%2C144\" data-large-file=\"https:\/\/i0.wp.com\/blogdalucianaoliveira.com.br\/blog\/wp-content\/uploads\/2016\/08\/IMG_4300-1.jpg?fit=600%2C288\" src=\"https:\/\/i0.wp.com\/blogdalucianaoliveira.com.br\/blog\/wp-content\/uploads\/2016\/08\/IMG_4300-1.jpg?resize=600%2C288\" alt=\"IMG_4300\" width=\"600\" height=\"288\" class=\"alignnone size-full wp-image-3417\" srcset=\"https:\/\/i0.wp.com\/blogdalucianaoliveira.com.br\/blog\/wp-content\/uploads\/2016\/08\/IMG_4300-1.jpg?w=1200 1200w, https:\/\/i0.wp.com\/blogdalucianaoliveira.com.br\/blog\/wp-content\/uploads\/2016\/08\/IMG_4300-1.jpg?resize=300%2C144 300w, https:\/\/i0.wp.com\/blogdalucianaoliveira.com.br\/blog\/wp-content\/uploads\/2016\/08\/IMG_4300-1.jpg?resize=768%2C369 768w, https:\/\/i0.wp.com\/blogdalucianaoliveira.com.br\/blog\/wp-content\/uploads\/2016\/08\/IMG_4300-1.jpg?resize=1024%2C492 1024w, https:\/\/i0.wp.com\/blogdalucianaoliveira.com.br\/blog\/wp-content\/uploads\/2016\/08\/IMG_4300-1.jpg?resize=625%2C300 625w\" sizes=\"auto, (max-width: 600px) 100vw, 600px\" \/><\/p>\n<p>Se piorar, tirem meu tubo.<!--more--><\/p>\n<p>ROBERTO VOLTOU<br \/>\nA primeira pesquisa Ibope que mostra a dupla ROBERTO\/FERREIRA liderando a disputa mesmo com ficha suja, sepultou o Roberto Sobrinho, ex-prefeito acabrunhado, que lia text\u00f5es modorrentos pra justificar sua candidatura. Em v\u00eddeo, comemorou a consulta popular e mostrou que \u2018aquele\u2019 personagem topetudo, verborr\u00e1gico, vaidoso, est\u00e1 vivinho da Silva. O xerife n\u00e3o mudou. <\/p>\n<p>L\u00c9O MORAES<br \/>\nEm segundo lugar L\u00e9o Moraes II aparece empatado tecnicamente com Dr. Mauro. L\u00e9o \u00e9 op\u00e7\u00e3o pra quem acha que n\u00e3o vale a pena ver de novo nem o prefeito atual, nem o anterior. O mais jovem dos candidatos tem a menor rejei\u00e7\u00e3o entre os favoritos na pesquisa Ibope. Tive um bate papo informal com o candidato num dos mirantes da cidade que st\u00e3o abandonados, falamos sobre patrim\u00f4nio hist\u00f3rico, cultura, embelezamento da cidade. D\u00ea uma olhada.<\/p>\n<p><iframe loading=\"lazy\" src=\"https:\/\/www.facebook.com\/plugins\/video.php?href=https%3A%2F%2Fwww.facebook.com%2Fluciana.oliveira.75457%2Fvideos%2F1125718737504028%2F&#038;show_text=0&#038;width=400\" width=\"400\" height=\"400\" style=\"border:none;overflow:hidden\" scrolling=\"no\" frameborder=\"0\" allowTransparency=\"true\" allowFullScreen=\"true\"><\/iframe><\/p>\n<p>CAUSA URGENTE<br \/>\nCurioso \u00e9 ver o Pimenta, do PSOL colado com 3% no candidato dos tucanos, o Dr. Hildon. N\u00e3o combina com a  bo\u00e7alidade do presidente do diret\u00f3rio municipal do PSDB. Ajoelhar e rezar pra Santo Expedido n\u00e3o est\u00e1 dando certo. <\/p>\n<p>RIBAMAR<br \/>\nEm entrevista ao site Rondoniaovivo, o candidato do PR (o partido do Ribamar), sim porque ele personifica seu projeto pol\u00edtico como nenhum outro, a exacerbada mod\u00e9stia chamou a aten\u00e7\u00e3o.<br \/>\nQuais suas maior qualidade?<br \/>\n\u201cQueria eleger somente uma qualidade, mas um conjunto de pelo menos quatro caracter\u00edsticas, quatro qualidades que eu acho que eu tenho e, qualquer pessoa que tenha essas caracter\u00edstica, automaticamente \u00e9 um bom pol\u00edtico, um bom administrador. E citou quais: primeiro lugar a honestidade, segundo lugar a vontade de ver o povo feliz, terceiro lugar a coragem e quarto lugar, sensibilidade.<br \/>\nQual seu maior defeito?<br \/>\n\u201cAlgu\u00e9m&#8230; diz por a\u00ed que o meu maior defeito \u00e9 querer ser s\u00e9rio demais, justo demais.\u201d<\/p>\n<p>MULHER ESTRANHA<\/p>\n<p><iframe loading=\"lazy\" src=\"https:\/\/www.facebook.com\/plugins\/video.php?href=https%3A%2F%2Fwww.facebook.com%2Fadadantasboabaid%2Fvideos%2F654720068046353%2F&#038;show_text=0&#038;width=560\" width=\"560\" height=\"315\" style=\"border:none;overflow:hidden\" scrolling=\"no\" frameborder=\"0\" allowTransparency=\"true\" allowFullScreen=\"true\"><\/iframe><\/p>\n<p>A candidata a vereadora pelo PMN, Ada Dantas Boabaid, mulher do deputado Jesu\u00edno Boabaid, compartilha com satisfa\u00e7\u00e3o um v\u00eddeo gravado com o deputado Jair Bolsonaro declarando apoio \u00e0 sua candidatura. N\u00e3o d\u00e1 pra entender o que leva uma mulher a se gabar do apoio de um parlamentar que responde no STF \u00e0 acusa\u00e7\u00e3o de inj\u00faria e apologia ao estupro.<br \/>\nBolsonaro homenageou torturador do regime militar que levava os filhos das v\u00edtimas para ver as m\u00e3es urinadas e cagadas por tanta tortura.<br \/>\nNo v\u00eddeo, Ada Boabaid n\u00e3o s\u00f3 demonstra imensa alegria pelo apoio de Bolsonaro como diz que os policiais militares est\u00e3o com Bolsonaro pra presidente em 2018. Que reze pro diabo, porque Deus n\u00e3o haveria de permitir isso.<\/p>\n<p>BONS VELHOS TEMPOS<br \/>\nH\u00e1 uma d\u00e9cada, grandes advogados como Orestes Muniz, Jo\u00e3o Closs, Clenio Amorim Correa Amorim, Fran\u00e7a Guedes, Roberto Franco, Ney Leal e Ernande Segismundo travavam lutas hist\u00f3ricas como eleitoralistas.<br \/>\nDe dia se enfrentavam, \u00e0 noite amigavelmente sentavam num boteco pra comentar os debates travados.<br \/>\nEstar com um desses nobres juristas era agregar prest\u00edgio \u00e0 uma campanha.<br \/>\nE era flagrante o respeito entre eles.<br \/>\nO mundo gira e nem sempre as coisas melhoram. \u00c9 um vai pra l\u00e1, vai pra c\u00e1 que ningu\u00e9m associa mais um nobre jurista a um grupo pol\u00edtico.<\/p>\n<p>PROJETO LEITURAS AO VENTO<\/p>\n<p>Nos dias atuais, a literatura tem perdido espa\u00e7o entre crian\u00e7as, jovens, adultos e at\u00e9 mesmo idosos. Poucas pessoas sabem o que \u00e9 pegar um bom livro e viajar nos mais diversos sonhos e hist\u00f3rias. <\/p>\n<p>Mantendo a miss\u00e3o de propagar a cultura na cidade em suas diversas formas, o Gr\u00eamio Recreativo Asfalt\u00e3o, realizar\u00e1 neste domingo, dia 28 de agosto, a IV edi\u00e7\u00e3o do Projeto \u201cLeituras ao Vento\u201d.<\/p>\n<p>O projeto foi idealizado pelos educadores Wagner Candido Guarani Kaiowa e Maristela Melo, ambos da Fam\u00edlia Asfalt\u00e3o, que hoje residem em Maring\u00e1.<\/p>\n<p>&#8220;Nossos jovens precisam de a\u00e7\u00f5es que mostrem outras fontes de informa\u00e7\u00f5es tradicionais, no caso os livros, que nos permitem ver e sentir o mundo de forma mais consciente. Al\u00e9m de contribuir com o crescimento intelectual. Diante disso, o principal prop\u00f3sito do evento \u00e9 contribuir com o incentivo \u00e0 leitura, fazendo lazer aliado \u00e0 m\u00fasica e poesia, e mostrar que a cultura e a educa\u00e7\u00e3o tem objetivo comum na forma\u00e7\u00e3o de bons cidad\u00e3os e cidad\u00e3s.&#8221;<\/p>\n<p><img data-recalc-dims=\"1\" loading=\"lazy\" decoding=\"async\" data-attachment-id=\"3423\" data-permalink=\"http:\/\/blogdalucianaoliveira.com.br\/blog\/2016\/08\/25\/3416\/image-762\/\" data-orig-file=\"https:\/\/i0.wp.com\/blogdalucianaoliveira.com.br\/blog\/wp-content\/uploads\/2016\/08\/image-127.jpeg?fit=960%2C723\" data-orig-size=\"960,723\" data-comments-opened=\"0\" data-image-meta=\"{&quot;aperture&quot;:&quot;0&quot;,&quot;credit&quot;:&quot;&quot;,&quot;camera&quot;:&quot;&quot;,&quot;caption&quot;:&quot;&quot;,&quot;created_timestamp&quot;:&quot;0&quot;,&quot;copyright&quot;:&quot;&quot;,&quot;focal_length&quot;:&quot;0&quot;,&quot;iso&quot;:&quot;0&quot;,&quot;shutter_speed&quot;:&quot;0&quot;,&quot;title&quot;:&quot;&quot;,&quot;orientation&quot;:&quot;0&quot;}\" data-image-title=\"image\" data-image-description=\"\" data-image-caption=\"\" data-medium-file=\"https:\/\/i0.wp.com\/blogdalucianaoliveira.com.br\/blog\/wp-content\/uploads\/2016\/08\/image-127.jpeg?fit=300%2C226\" data-large-file=\"https:\/\/i0.wp.com\/blogdalucianaoliveira.com.br\/blog\/wp-content\/uploads\/2016\/08\/image-127.jpeg?fit=600%2C452\" src=\"https:\/\/i0.wp.com\/blogdalucianaoliveira.com.br\/blog\/wp-content\/uploads\/2016\/08\/image-127.jpeg?resize=600%2C452\" alt=\"image\" width=\"600\" height=\"452\" class=\"alignnone size-full wp-image-3423\" \/><\/p>\n<p>Quando? Neste domingo(28\/08)<br \/>\nA partir das 16:30hs<br \/>\nOnde: Pra\u00e7a da EFMM<br \/>\nQuem pode ir?<br \/>\n\u00c9 para todas as pessoas de 0 a 80 anos, e o melhor!!! \u00c9 gratuito!!!<\/p>\n","protected":false},"excerpt":{"rendered":"<p>Se piorar, tirem meu tubo.<\/p>\n","protected":false},"author":1,"featured_media":0,"comment_status":"closed","ping_status":"open","sticky":false,"template":"","format":"standard","meta":{"_exactmetrics_skip_tracking":false,"_exactmetrics_sitenote_active":false,"_exactmetrics_sitenote_note":"","_exactmetrics_sitenote_category":0,"jetpack_post_was_ever_published":false,"_jetpack_newsletter_access":"","_jetpack_dont_email_post_to_subs":false,"_jetpack_newsletter_tier_id":0,"_jetpack_memberships_contains_paywalled_content":false,"_jetpack_memberships_contains_paid_content":false,"footnotes":"","jetpack_publicize_message":"","jetpack_publicize_feature_enabled":true,"jetpack_social_post_already_shared":true,"jetpack_social_options":{"image_generator_settings":{"template":"highway","enabled":false},"version":2}},"categories":[1],"tags":[],"class_list":["post-3416","post","type-post","status-publish","format-standard","hentry","category-notas"],"jetpack_publicize_connections":[],"jetpack_sharing_enabled":true,"jetpack_featured_media_url":"","jetpack_shortlink":"https:\/\/wp.me\/s7wKYW-3416","jetpack-related-posts":[],"_links":{"self":[{"href":"http:\/\/blogdalucianaoliveira.com.br\/blog\/wp-json\/wp\/v2\/posts\/3416","targetHints":{"allow":["GET"]}}],"collection":[{"href":"http:\/\/blogdalucianaoliveira.com.br\/blog\/wp-json\/wp\/v2\/posts"}],"about":[{"href":"http:\/\/blogdalucianaoliveira.com.br\/blog\/wp-json\/wp\/v2\/types\/post"}],"author":[{"embeddable":true,"href":"http:\/\/blogdalucianaoliveira.com.br\/blog\/wp-json\/wp\/v2\/users\/1"}],"replies":[{"embeddable":true,"href":"http:\/\/blogdalucianaoliveira.com.br\/blog\/wp-json\/wp\/v2\/comments?post=3416"}],"version-history":[{"count":15,"href":"http:\/\/blogdalucianaoliveira.com.br\/blog\/wp-json\/wp\/v2\/posts\/3416\/revisions"}],"predecessor-version":[{"id":3437,"href":"http:\/\/blogdalucianaoliveira.com.br\/blog\/wp-json\/wp\/v2\/posts\/3416\/revisions\/3437"}],"wp:attachment":[{"href":"http:\/\/blogdalucianaoliveira.com.br\/blog\/wp-json\/wp\/v2\/media?parent=3416"}],"wp:term":[{"taxonomy":"category","embeddable":true,"href":"http:\/\/blogdalucianaoliveira.com.br\/blog\/wp-json\/wp\/v2\/categories?post=3416"},{"taxonomy":"post_tag","embeddable":true,"href":"http:\/\/blogdalucianaoliveira.com.br\/blog\/wp-json\/wp\/v2\/tags?post=3416"}],"curies":[{"name":"wp","href":"https:\/\/api.w.org\/{rel}","templated":true}]}}