{"id":34161,"date":"2022-09-11T19:39:49","date_gmt":"2022-09-11T23:39:49","guid":{"rendered":"http:\/\/blogdalucianaoliveira.com.br\/blog\/?p=34161"},"modified":"2022-09-11T19:39:52","modified_gmt":"2022-09-11T23:39:52","slug":"veja-o-que-os-presidenciaveis-propoem-sobre-alimentacao-agricultura-e-fome","status":"publish","type":"post","link":"http:\/\/blogdalucianaoliveira.com.br\/blog\/2022\/09\/11\/veja-o-que-os-presidenciaveis-propoem-sobre-alimentacao-agricultura-e-fome\/","title":{"rendered":"Veja o que os presidenci\u00e1veis prop\u00f5em sobre alimenta\u00e7\u00e3o, agricultura e fome"},"content":{"rendered":"\n<figure class=\"wp-block-image size-large\"><img data-recalc-dims=\"1\" loading=\"lazy\" decoding=\"async\" width=\"600\" height=\"404\" data-attachment-id=\"34162\" data-permalink=\"http:\/\/blogdalucianaoliveira.com.br\/blog\/2022\/09\/11\/veja-o-que-os-presidenciaveis-propoem-sobre-alimentacao-agricultura-e-fome\/07dd349b-eab1-4098-abb0-e311644bae53\/\" data-orig-file=\"https:\/\/i0.wp.com\/blogdalucianaoliveira.com.br\/blog\/wp-content\/uploads\/2022\/09\/07DD349B-EAB1-4098-ABB0-E311644BAE53.jpeg?fit=800%2C538\" data-orig-size=\"800,538\" data-comments-opened=\"0\" data-image-meta=\"{&quot;aperture&quot;:&quot;0&quot;,&quot;credit&quot;:&quot;&quot;,&quot;camera&quot;:&quot;&quot;,&quot;caption&quot;:&quot;&quot;,&quot;created_timestamp&quot;:&quot;0&quot;,&quot;copyright&quot;:&quot;&quot;,&quot;focal_length&quot;:&quot;0&quot;,&quot;iso&quot;:&quot;0&quot;,&quot;shutter_speed&quot;:&quot;0&quot;,&quot;title&quot;:&quot;&quot;,&quot;orientation&quot;:&quot;0&quot;}\" data-image-title=\"07DD349B-EAB1-4098-ABB0-E311644BAE53\" data-image-description=\"\" data-image-caption=\"\" data-medium-file=\"https:\/\/i0.wp.com\/blogdalucianaoliveira.com.br\/blog\/wp-content\/uploads\/2022\/09\/07DD349B-EAB1-4098-ABB0-E311644BAE53.jpeg?fit=300%2C202\" data-large-file=\"https:\/\/i0.wp.com\/blogdalucianaoliveira.com.br\/blog\/wp-content\/uploads\/2022\/09\/07DD349B-EAB1-4098-ABB0-E311644BAE53.jpeg?fit=600%2C404\" src=\"https:\/\/i0.wp.com\/blogdalucianaoliveira.com.br\/blog\/wp-content\/uploads\/2022\/09\/07DD349B-EAB1-4098-ABB0-E311644BAE53.jpeg?resize=600%2C404\" alt=\"\" class=\"wp-image-34162\" srcset=\"https:\/\/i0.wp.com\/blogdalucianaoliveira.com.br\/blog\/wp-content\/uploads\/2022\/09\/07DD349B-EAB1-4098-ABB0-E311644BAE53.jpeg?w=800 800w, https:\/\/i0.wp.com\/blogdalucianaoliveira.com.br\/blog\/wp-content\/uploads\/2022\/09\/07DD349B-EAB1-4098-ABB0-E311644BAE53.jpeg?resize=300%2C202 300w, https:\/\/i0.wp.com\/blogdalucianaoliveira.com.br\/blog\/wp-content\/uploads\/2022\/09\/07DD349B-EAB1-4098-ABB0-E311644BAE53.jpeg?resize=768%2C516 768w, https:\/\/i0.wp.com\/blogdalucianaoliveira.com.br\/blog\/wp-content\/uploads\/2022\/09\/07DD349B-EAB1-4098-ABB0-E311644BAE53.jpeg?resize=446%2C300 446w\" sizes=\"auto, (max-width: 600px) 100vw, 600px\" \/><\/figure>\n\n\n\n<h4 class=\"wp-block-heading\">Bolsonaro cita palavra \u201cfome\u201d apenas uma vez no programa de governo<\/h4>\n\n\n\n<!--more-->\n\n\n\n<p>Marcos Hermanson Pomar\u00a0<a rel=\"noreferrer noopener\" target=\"_blank\" href=\"https:\/\/ojoioeotrigo.com.br\/2022\/09\/propostas-candidatos-presidencia-fome-agricultura-meio-ambiente\/\">O Joio e o Trigo<\/a><\/p>\n\n\n\n<p>Segundo dados da Rede Brasileira de Pesquisa em Soberania e Seguran\u00e7a Alimentar e Nutricional, a Rede Penssan,&nbsp;<a href=\"https:\/\/ojoioeotrigo.com.br\/2022\/06\/33-milhoes-passam-fome-no-brasil-diz-pesquisa\/\" rel=\"noreferrer noopener\" target=\"_blank\">125 milh\u00f5es de brasileiros<\/a>&nbsp;vivem algum tipo de inseguran\u00e7a alimentar no Brasil em 2022. Desses, 33 milh\u00f5es passam fome.&nbsp;<\/p>\n\n\n\n<p>A falta de alimento atinge ainda mais os respons\u00e1veis por produzir o alimento que chega (ou deveria chegar) na mesa dos brasileiros. A cada cem agricultores,&nbsp;<a href=\"https:\/\/ojoioeotrigo.com.br\/2022\/06\/fome-atinge-22-dos-produtores-rurais-e-agricultores-familiares\/\">vinte e&nbsp;<\/a><a href=\"https:\/\/ojoioeotrigo.com.br\/2022\/06\/fome-atinge-22-dos-produtores-rurais-e-agricultores-familiares\/\" rel=\"noreferrer noopener\" target=\"_blank\">d<\/a><a href=\"https:\/\/ojoioeotrigo.com.br\/2022\/06\/fome-atinge-22-dos-produtores-rurais-e-agricultores-familiares\/\">ois passam fo<\/a><a href=\"https:\/\/ojoioeotrigo.com.br\/2022\/06\/fome-atinge-22-dos-produtores-rurais-e-agricultores-familiares\/\" rel=\"noreferrer noopener\" target=\"_blank\">m<\/a><a href=\"https:\/\/ojoioeotrigo.com.br\/2022\/06\/fome-atinge-22-dos-produtores-rurais-e-agricultores-familiares\/\">e<\/a>, segundo a mesma fonte.<\/p>\n\n\n\n<p>Nos \u00faltimos dozes meses, a infla\u00e7\u00e3o dos alimentos&nbsp;<a href=\"https:\/\/www1.folha.uol.com.br\/mercado\/2022\/08\/inflacao-dos-alimentos-ganha-forca-e-encosta-em-15.shtml#:~:text=At%C3%A9%20julho%2C%20a%20alta%20chegou,de%2015%25%20em%2012%20meses.\" rel=\"noreferrer noopener\" target=\"_blank\">encostou nos 15%<\/a>&nbsp;e, como se n\u00e3o bastasse, os produtos ultraprocessados devem se tornar mais baratos do que os alimentos saud\u00e1veis&nbsp;<a href=\"https:\/\/ojoioeotrigo.com.br\/2020\/01\/comida-saudavel-sera-mais-cara-do-que-a-nao-saudavel-a-partir-de-2026\/\" rel=\"noreferrer noopener\" target=\"_blank\">dentro dos pr\u00f3ximos quatro anos<\/a>.&nbsp;<\/p>\n\n\n\n<p>O&nbsp;<strong>Joio&nbsp;<\/strong>resolveu olhar para os programas de governo dos quatro candidatos \u00e0 presid\u00eancia mais bem colocados nas pesquisas de inten\u00e7\u00e3o de voto \u2013 Lula (PT), Jair Bolsonaro (PL), Ciro Gomes (PDT) e Simone Tebet (MDB) \u2013 e descobrir o que prop\u00f5em como solu\u00e7\u00e3o para esses problemas.&nbsp;&nbsp;<\/p>\n\n\n\n<p>Enquanto Ciro, Lula e Tebet tem consenso no fortalecimento da agricultura familiar com cr\u00e9dito, compras p\u00fablicas e estoques reguladores, apenas o candidato petista prop\u00f5e de forma expl\u00edcita a retomada da pol\u00edtica de reforma agr\u00e1ria.&nbsp;<\/p>\n\n\n\n<p>Ao mesmo tempo, Ciro e Lula sugerem um programa de renda m\u00ednima \u2013 melhor especificado pelo candidato do PDT \u2013 enquanto Tebet prop\u00f5e uma \u201cpoupan\u00e7a fam\u00edlia\u201d para casos de perda s\u00fabita de renda entre trabalhadores pobres.<\/p>\n\n\n\n<p>O candidato \u00e0 reelei\u00e7\u00e3o Jair Bolsonaro trouxe propostas vagas para alimenta\u00e7\u00e3o, e mencionou a palavra \u201cfome\u201d apenas uma vez no programa de governo. Ele exaltou pol\u00edticas de transfer\u00eancia de renda ampliadas durante os quatro anos em que esteve \u00e0 frente do Executivo federal e afirmou que houve redu\u00e7\u00e3o da desigualdade durante seu mandato.<\/p>\n\n\n\n<p>Nenhum dos programas fala em regulamenta\u00e7\u00e3o e taxa\u00e7\u00e3o de&nbsp;<a href=\"https:\/\/ojoioeotrigo.com.br\/2022\/06\/contra-fatos-e-evidencias-candidatos-ao-planalto-ignoram-regulacao-dos-produtos-ultraprocessados\/\" rel=\"noreferrer noopener\" target=\"_blank\">produtos ultraprocessados<\/a>.&nbsp;&nbsp;<\/p>\n\n\n\n<p>Lula: reforma agr\u00e1ria, estoques reguladores e amplia\u00e7\u00e3o do Bolsa Fam\u00edlia&nbsp;<\/p>\n\n\n\n<p>O ex-presidente Lula, que apresenta &nbsp;45% das inten\u00e7\u00f5es de voto na pesquisa Datafolha de 01 de setembro, promete, em seu&nbsp;<a href=\"https:\/\/divulgacandcontas.tse.jus.br\/candidaturas\/oficial\/2022\/BR\/BR\/544\/candidatos\/893498\/5_1659820284477.pdf\" rel=\"noreferrer noopener\" target=\"_blank\">programa<\/a>, \u201ctrabalhar de forma incans\u00e1vel at\u00e9 que todos os brasileiros tenham novamente direito a ao menos a tr\u00eas refei\u00e7\u00f5es de qualidade por dia\u201d.<\/p>\n\n\n\n<p>Para tanto, ele prop\u00f5e ampliar e renovar o Bolsa Fam\u00edlia, \u201ccom dire\u00e7\u00e3o a uma renda b\u00e1sica universal\u201d, retomar pol\u00edticas de compras p\u00fablicas e de estoques reguladores (estoques p\u00fablicos de alimentos cuja fun\u00e7\u00e3o \u00e9 segurar os pre\u00e7os no mercado interno em momentos de escassez), ampliar cr\u00e9dito \u00e0 agricultura org\u00e2nica e familiar e estimular circuitos curtos de produ\u00e7\u00e3o e consumo.&nbsp;<\/p>\n\n\n\n<p>O candidato tamb\u00e9m fala em fortalecer o agroneg\u00f3cio sustent\u00e1vel e \u201cregular e constituir uma agroind\u00fastria de primeira linha\u201d \u2013 frase que custou&nbsp;<a href=\"https:\/\/www.metropoles.com\/brasil\/eleicoes-2022\/bolsonaro-critica-proposta-de-lula-de-regular-a-producao-agricola\" rel=\"noreferrer noopener\" target=\"_blank\">atrito<\/a>&nbsp;com setores do agroneg\u00f3cio. Al\u00e9m disso, ele menciona a retomada da pol\u00edtica de reforma agr\u00e1ria no pa\u00eds.<\/p>\n\n\n\n<p>A assessoria de imprensa da campanha de Lula foi procurada pelo&nbsp;<strong>Joio&nbsp;<\/strong>para detalhar a proposta de amplia\u00e7\u00e3o do Bolsa Fam\u00edlia, explicando qual seria a faixa de renda atendida e os valores repassados, mas n\u00e3o houve retorno at\u00e9 o fechamento da mat\u00e9ria. Recentemente, perfis de Lula nas redes sociais t\u00eam&nbsp;<a href=\"https:\/\/www1.folha.uol.com.br\/mercado\/2022\/08\/campanha-de-lula-lanca-ofensiva-e-promete-adicional-de-r-150-por-crianca-ate-6-anos-no-bolsa-familia.shtml\" rel=\"noreferrer noopener\" target=\"_blank\">apresentado a proposta<\/a>&nbsp;de acrescentar ao valor do Auxilio Brasil (antigo Bolsa Fam\u00edlia) R$ 105 por filho, em cada n\u00facleo familiar.&nbsp;<\/p>\n\n\n\n<p>O senador e ex-ministro da Sa\u00fade (2003-2005) Humberto Costa, um dos autores do programa de Lula na \u00e1rea da Sa\u00fade, foi questionado pelo&nbsp;<strong>Joio<\/strong>&nbsp;sobre a aus\u00eancia de propostas para regula\u00e7\u00e3o e taxa\u00e7\u00e3o de ultraprocessados.&nbsp;<\/p>\n\n\n\n<p>Ele afirmou que \u201co programa foi constru\u00eddo em cima de bases consensuais e bem gen\u00e9ricas\u201d, que apontam para o fortalecimento do papel regulat\u00f3rio e fiscalizat\u00f3rio da Anvisa e do Minist\u00e9rio da Sa\u00fade, mas que a discuss\u00e3o da regulamenta\u00e7\u00e3o dos ultraprocessados foi debatida dentro da campanha e ser\u00e1 levada para um eventual governo.&nbsp;<\/p>\n\n\n\n<p><strong>Propostas de Lula para fome, alimenta\u00e7\u00e3o e agricultura<\/strong><br><br>\u2022 Renovar e ampliar o Bolsa Fam\u00edlia<br>\u2022 Retomar pol\u00edtica de compras p\u00fablicas e estoques reguladores<br>\u2022 Ampliar cr\u00e9dito para agricultura familiar<br>\u2022 Fortalecer circuitos curtos de produ\u00e7\u00e3o e consumo<br>\u2022 Fortalecer o agroneg\u00f3cio sustent\u00e1vel<br>\u2022 Regular e constituir uma agroind\u00fastria de primeira linha<br>\u2022 Estender direitos a trabalhadores de&nbsp;aplicativos<\/p>\n\n\n\n<p>Ciro promete renda b\u00e1sica \u201cEduardo Suplicy\u201d<\/p>\n\n\n\n<p>Ciro Gomes, que concorre pelo PDT e tem cerca de 9% das inten\u00e7\u00f5es de voto, tamb\u00e9m segundo o \u00faltimo Datafolha, \u00e9 mais um a propor a renda b\u00e1sica universal. A ideia \u00e9 juntar Aposentadoria Rural, Aux\u00edlio Brasil e Seguro Desemprego em um s\u00f3 repasse, instituindo a \u201cRenda B\u00e1sica Eduardo Suplicy\u201d \u2013 o ex-senador e atual vereador pelo PT de S\u00e3o Paulo \u00e9 conhecido como um dos grandes defensores da medida no pa\u00eds.&nbsp;<\/p>\n\n\n\n<p>Em seu&nbsp;<a href=\"https:\/\/divulgacandcontas.tse.jus.br\/candidaturas\/oficial\/2022\/BR\/BR\/544\/candidatos\/882713\/5_1659989903215.pdf\" rel=\"noreferrer noopener\" target=\"_blank\">programa de governo<\/a>, Ciro tamb\u00e9m promete garantir g\u00e1s de cozinha pela metade do pre\u00e7o para fam\u00edlias com renda total de at\u00e9 dois sal\u00e1rios m\u00ednimos.&nbsp;<\/p>\n\n\n\n<p>Para a agricultura e o meio ambiente, o pedetista sugere a realiza\u00e7\u00e3o de um \u201czoneamento agroecol\u00f3gico\u201d na Amaz\u00f4nia, um programa amplo de regulariza\u00e7\u00e3o fundi\u00e1ria e a preserva\u00e7\u00e3o das reservas ind\u00edgenas, vetando sua explora\u00e7\u00e3o \u201c<a href=\"https:\/\/ojoioeotrigo.com.br\/2022\/09\/apoiado-por-bolsonaro-projeto-de-agro-em-terra-indigena-no-mato-grosso-avanca\/\" rel=\"noreferrer noopener\" target=\"_blank\">por outros grupos \u00e9tnicos<\/a>\u201d.&nbsp;<\/p>\n\n\n\n<p>Com a campanha petista, Ciro compartilha as propostas de retomada dos estoques reguladores, extens\u00e3o de direitos trabalhistas a&nbsp;<a href=\"https:\/\/ojoioeotrigo.com.br\/2022\/03\/ifood-trabalho-justo\/\" rel=\"noreferrer noopener\" target=\"_blank\">trabalhadores por aplicativo<\/a>&nbsp;e a institui\u00e7\u00e3o de um impostos sobre os mais ricos \u2013 em entrevista ao Jornal Nacional, Ciro sugeriu uma al\u00edquota adicional de imposto de renda de 0,5% para pessoas f\u00edsicas com patrim\u00f4nio acima de R$ 20 milh\u00f5es, mas a proposta n\u00e3o consta no programa de governo.<\/p>\n\n\n\n<p>Procuramos a campanha do candidato do PDT para entender como seria implementado o benef\u00edcio do&nbsp;<a href=\"https:\/\/ojoioeotrigo.com.br\/2022\/06\/pular-refeicao-dormir-sem-comer-e-cozinhar-com-lenha-como-e-viver-com-fome\/\" rel=\"noreferrer noopener\" target=\"_blank\">g\u00e1s de cozinha<\/a>&nbsp;a metade do pre\u00e7o e quais seriam os direitos garantidos a trabalhadores de&nbsp;<em>apps<\/em>, mas n\u00e3o houve resposta at\u00e9 o fechamento da reportagem.<\/p>\n\n\n\n<p><strong>Propostas de Ciro para fome, alimenta\u00e7\u00e3o e agricultura<\/strong><br><br>\u2022 Renda b\u00e1sica universal \u201cEduardo Suplicy\u201d<br>\u2022 G\u00e1s de cozinha pela metade do pre\u00e7o para fam\u00edlias pobres<br>\u2022 Zoneamento agroecol\u00f3gico na Amaz\u00f4nia<br>\u2022 Regulariza\u00e7\u00e3o fundi\u00e1ria<br>\u2022 Preservar reservas ind\u00edgenas<br>\u2022 Estender direitos trabalhistas a trabalhadores de aplicativos<br>\u2022 Imposto adicional sobre os mais ricos<\/p>\n\n\n\n<p><strong>Tebet fala em eliminar fome como \u201cprimeira miss\u00e3o\u201d<\/strong><\/p>\n\n\n\n<p>A candidata Simone Tebet (MDB), hoje com 5% das inten\u00e7\u00f5es de voto, afirma em seu&nbsp;<a href=\"https:\/\/divulgacandcontas.tse.jus.br\/candidaturas\/oficial\/2022\/BR\/BR\/544\/candidatos\/280001607833\/pje-c6a5300b-Proposta%20de%20governo.pdf\" rel=\"noreferrer noopener\" target=\"_blank\">programa de governo<\/a>&nbsp;que ter\u00e1 como primeira miss\u00e3o eliminar a fome e a mis\u00e9ria no pa\u00eds. Ela tamb\u00e9m destaca que \u201cnunca se viu tamanha destrui\u00e7\u00e3o do meio ambiente\u201d como no governo Bolsonaro.&nbsp;<\/p>\n\n\n\n<p>Nas pol\u00edticas voltadas ao campo, Tebet prop\u00f5e expandir o cr\u00e9dito e a extens\u00e3o agr\u00edcola para a agricultura familiar e comunidades tradicionais (ind\u00edgenas, ribeirinhos e quilombolas), al\u00e9m de criar uma lista suja do desmatamento e da invas\u00e3o de terras.<\/p>\n\n\n\n<p>Em resposta ao&nbsp;<strong>Joio<\/strong>, a assessoria da candidata prometeu manter o Programa de Aquisi\u00e7\u00e3o de Alimentos (PAA), o Programa Nacional de Fortalecimento da Agricultura Familiar (Pronaf), as compras p\u00fablicas e os estoques reguladores. \u201cPol\u00edticas p\u00fablicas que fortalecem a agricultura ser\u00e3o sempre mantidas e ampliadas para o combate \u00e0 fome na minha gest\u00e3o\u201d, diz o texto enviado \u00e0 reportagem.<\/p>\n\n\n\n<p>A candidata do MDB tamb\u00e9m fala em recuperar e&nbsp;<a href=\"https:\/\/ojoioeotrigo.com.br\/2022\/02\/no-mato-grosso-grilagem-e-desmatamento-avancam-sobre-assentamento-da-reforma-agraria\/\" rel=\"noreferrer noopener\" target=\"_blank\">fortalecer a Funai<\/a>&nbsp;e fazer cumprir a legisla\u00e7\u00e3o de defesa dos direitos dos povos origin\u00e1rios e de prote\u00e7\u00e3o de seus territ\u00f3rios.<\/p>\n\n\n\n<p>\u201cA chave da quest\u00e3o ind\u00edgena \u00e9 hoje a retomada da homologa\u00e7\u00e3o das terras ind\u00edgenas, parada desde o governo Temer\u201d, avalia a candidata no posicionamento enviado por meio da sua assessoria de imprensa.<\/p>\n\n\n\n<p>\u201cDe um lado, a FUNAI foi totalmente enfraquecida em termos que pessoal, recursos e liberdade de atua\u00e7\u00e3o. De outro, como [foi] muito enfatizado pelo atual governo, n\u00e3o h\u00e1 interesse na cria\u00e7\u00e3o de novas TIs. Hoje h\u00e1 dezenas de TIs, com estudos prontos, preparadas para serem homologadas, mas n\u00e3o h\u00e1 vontade pol\u00edtica\u201d.<\/p>\n\n\n\n<p>No programa de governo protocolado na Justi\u00e7a Eleitoral, Tebet tamb\u00e9m prop\u00f5e a \u201cPoupan\u00e7a Fam\u00edlia\u201d, voltada para trabalhadores informais e com queda s\u00fabita de renda, nos marcos da&nbsp;<a href=\"https:\/\/www25.senado.leg.br\/web\/atividade\/materias\/-\/materia\/145655\" rel=\"noreferrer noopener\" target=\"_blank\">Lei de Responsabilidade Social<\/a>&nbsp;que tramita no Congresso.&nbsp;<\/p>\n\n\n\n<p>Na proposta, o governo deposita 15 centavos para cada um real de renda declarada de trabalhadores pobres ou informais em uma poupan\u00e7a, que pode ser resgatada at\u00e9 duas vezes por ano, em casos de desastre natural, perda de emprego ou doen\u00e7a.<\/p>\n\n\n\n<p><strong>Propostas de Tebet para fome, alimenta\u00e7\u00e3o e agricultura<\/strong><br><br>\u2022 Expandir cr\u00e9dito e extens\u00e3o agr\u00edcola para agricultura familiar e comunidades tradicionais<br>\u2022 Lista suja do desmatamento e invas\u00e3o de terras<br>\u2022 Manuten\u00e7\u00e3o do Pronaf, PAA e pol\u00edticas de compras p\u00fablicas e estoques reguladores<br>\u2022 Recuperar e fortalecer a Funai<br>\u2022 Retomar a homologa\u00e7\u00e3o de terras ind\u00edgenas<br>\u2022 \u201cPoupan\u00e7a Fam\u00edlia\u201d para trabalhadores informais e formais de baixa renda<\/p>\n\n\n\n<p><strong>Bolsonaro traz propostas vagas e menciona palavra \u201cfome\u201d apenas uma vez&nbsp;<\/strong><\/p>\n\n\n\n<p>Atual presidente do pa\u00eds e no segundo lugar nas pesquisas, com 32% das inten\u00e7\u00f5es de voto, Jair Bolsonaro (PL) faz uma defesa de medidas implementadas em seu governo, como o Aux\u00edlio Brasil \u2013 que substituiu o Bolsa Fam\u00edlia e dever\u00e1 pagar R$ 600 at\u00e9 o fim do ano \u2013 e o Alimenta Brasil (antigo Programa de Aquisi\u00e7\u00e3o de Alimentos).&nbsp;<\/p>\n\n\n\n<p>O presidente&nbsp;<a href=\"https:\/\/divulgacandcontas.tse.jus.br\/candidaturas\/oficial\/2022\/BR\/BR\/544\/candidatos\/908966\/5_1660093698051.pdf\" rel=\"noreferrer noopener\" target=\"_blank\">avalia<\/a>&nbsp;que \u201cmesmo diante da pandemia, da crise h\u00eddrica e do conflito entre a R\u00fassia e a Ucr\u00e2nia, o primeiro mandato cumpriu o seu papel com medidas que sem d\u00favida reduziram a desigualdade econ\u00f4mica\u201d.&nbsp;<\/p>\n\n\n\n<p>Fortalecer a capacidade de agrega\u00e7\u00e3o de valor da agropecu\u00e1ria, aumentar a produ\u00e7\u00e3o nacional de fertilizantes, ampliar o sistema de prote\u00e7\u00e3o social e acelerar o processo de combate \u00e0 desigualdade s\u00e3o algumas das propostas apresentadas por Bolsonaro.&nbsp;<\/p>\n\n\n\n<p>No documento, o candidato tamb\u00e9m prop\u00f5e ser \u201cperfeitamente fact\u00edvel\u201d equilibrar a demanda nacional e as exporta\u00e7\u00f5es de alimentos, dando prioridade para o consumo interno \u2013 j\u00e1&nbsp;<a href=\"https:\/\/ojoioeotrigo.com.br\/2020\/09\/o-governo-deveria-estocar-arroz-nao-voce\/\">mos<\/a><a href=\"https:\/\/ojoioeotrigo.com.br\/2020\/09\/o-governo-deveria-estocar-arroz-nao-voce\/\" rel=\"noreferrer noopener\" target=\"_blank\">t<\/a><a href=\"https:\/\/ojoioeotrigo.com.br\/2020\/09\/o-governo-deveria-estocar-arroz-nao-voce\/\">ramos<\/a>&nbsp;no&nbsp;<strong>Joio&nbsp;<\/strong>que, durante o governo atual, as exporta\u00e7\u00f5es tiveram alta recorde, concomitante com o aumento da infla\u00e7\u00e3o e da fome.&nbsp;<\/p>\n\n\n\n<p>Apesar de ter&nbsp;<a href=\"https:\/\/ojoioeotrigo.com.br\/2019\/02\/mpf-diz-que-extincao-do-consea-e-inconstitucional-e-pede-acao-no-supremo\/\">fe<\/a><a href=\"https:\/\/ojoioeotrigo.com.br\/2019\/02\/mpf-diz-que-extincao-do-consea-e-inconstitucional-e-pede-acao-no-supremo\/\" rel=\"noreferrer noopener\" target=\"_blank\">c<\/a><a href=\"https:\/\/ojoioeotrigo.com.br\/2019\/02\/mpf-diz-que-extincao-do-consea-e-inconstitucional-e-pede-acao-no-supremo\/\">hado<\/a>&nbsp;o Conselho Nacional de Seguran\u00e7a Alimentar em seu primeiro dia de governo, o candidato do Partido Liberal ainda prop\u00f5e que \u201cnutr\u00f3logos e nutricionistas sejam ouvidos a fim de contribuir na seguran\u00e7a alimentar da popula\u00e7\u00e3o\u201d, e promete seguir com a titula\u00e7\u00e3o de assentados da reforma agr\u00e1ria nos governos do PT, concretizada pelo programa&nbsp;<a href=\"https:\/\/ojoioeotrigo.com.br\/2022\/04\/na-nova-fronteira-do-desmatamento-programa-titula-brasil-desperta-interesse-de-ruralistas-e-aumenta-temor-de-novos-conflitos\/#:~:text=A%20s%C3%A9rie%20de%20reportagens%20feita,conflitos%20de%20interesse%2C%20grilagem%20e\" rel=\"noreferrer noopener\" target=\"_blank\">Titula Brasil<\/a>.&nbsp;<\/p>\n\n\n\n<p>Ainda que seu governo tenha atingido os n\u00edveis mais altos de inseguran\u00e7a alimentar dos \u00faltimos vinte anos, Bolsonaro menciona a palavra \u201cfome\u201d apenas uma vez em todo o programa. O termo \u201cinseguran\u00e7a alimentar\u201d n\u00e3o foi mencionado.&nbsp;<\/p>\n\n\n\n<p>Procuramos a campanha de Jair Bolsonaro atrav\u00e9s de sua assessoria de imprensa para esclarecimento de algumas das propostas, mas n\u00e3o houve resposta at\u00e9 o fechamento da reportagem.&nbsp;<\/p>\n\n\n\n<p><strong>Propostas de Bolsonaro para fome, alimenta\u00e7\u00e3o e agricultura<\/strong><br><br>\u2022 Fortalecer a capacidade de agrega\u00e7\u00e3o de valor da agropecu\u00e1ria<br>\u2022 Aumentar a produ\u00e7\u00e3o nacional de fertilizantes<br>\u2022 Ampliar o sistema de prote\u00e7\u00e3o social<br>\u2022 Acelerar o processo de combate \u00e0 desigualdade<br>\u2022 Equilibrar demanda interna e externa de alimentos, com prioridade para demanda interna<\/p>\n\n\n\n<p><strong>Faltou falar da concentra\u00e7\u00e3o fundi\u00e1ria<\/strong>, diz economista<\/p>\n\n\n\n<p>Para Guilherme Delgado, que \u00e9 doutor em economia e atuou por 30 anos como pesquisador do Instituto de Pesquisa Econ\u00f4mica Aplicada (Ipea), os programas chamam a aten\u00e7\u00e3o pela aus\u00eancia de men\u00e7\u00e3o \u00e0 concentra\u00e7\u00e3o fundi\u00e1ria como problema a ser enfrentado.&nbsp;<\/p>\n\n\n\n<p>\u201cTodos t\u00eam esse ponto negativo em comum\u201d, disse ele em conversa com o&nbsp;<strong>Joio<\/strong>. \u201cO programa do Lula at\u00e9 fala em fazer a reforma agr\u00e1ria, mas toca no assunto de maneira superficial\u201d.<\/p>\n\n\n\n<p>Delgado comenta tamb\u00e9m que a proposta do candidato Ciro Gomes de realizar um zoneamento agroecol\u00f3gico na Amaz\u00f4nia \u00e9 interessante, mas precisaria ser acompanhada de outras pol\u00edticas p\u00fablicas e de um c\u00f3digo de puni\u00e7\u00e3o a infratores.&nbsp;<\/p>\n\n\n\n<p>\u201cClaro que quando se prop\u00f5e o zoneamento, \u00e9 preciso impor castigos aos estabelecimentos promotores da polui\u00e7\u00e3o, escassez h\u00eddrica e depreda\u00e7\u00e3o por agrot\u00f3xicos\u201d, argumenta o economista.&nbsp;<\/p>\n\n\n\n<p>Para o professor, a titula\u00e7\u00e3o de terras sem crit\u00e9rios, como aquela conduzida pelo governo Bolsonaro, tamb\u00e9m pode se mostrar desastrosa. \u201cAo entregar o t\u00edtulo e sair de mansinho do sistema, sem fazer nenhuma condicionalidade, [o governo] provavelmente vai estar entregando para o mercado de terras aquele assentamento que foi conquistado a duras penas\u201d.&nbsp;<\/p>\n\n\n\n<p><strong>Renda M\u00ednima \u00e9 pop<\/strong><\/p>\n\n\n\n<p>Pedro Nery, doutor em economia e professor do Instituto Brasileiro de Ensino, Desenvolvimento e Pesquisa (IDP), destaca a import\u00e2ncia que as propostas de renda m\u00ednima ganharam nos programas.&nbsp;<\/p>\n\n\n\n<p>\u201cA experi\u00eancia exitosa do aux\u00edlio emergencial explica parte dessa centralidade na agenda, mas tamb\u00e9m o fato de a direita ter sido obrigada a abra\u00e7ar as transfer\u00eancias de renda depois de o presidente perder muito apoio entre os que o elegeram, por sua gest\u00e3o na pandemia\u201d, argumenta o economista.&nbsp;<\/p>\n\n\n\n<p>Para Nery, existe espa\u00e7o no or\u00e7amento para um programa robusto de renda m\u00ednima nos pr\u00f3ximos anos. \u201cEle n\u00e3o necessariamente pagaria valores t\u00e3o altos quanto o Aux\u00edlio Brasil, de R$ 600\u201d, diz. \u201cMas poderia ser bem mais significativo e ter alcance maior que o Bolsa Fam\u00edlia, que tinha m\u00e9dia de R$ 200 e chegava a 13 milh\u00f5es de fam\u00edlias.\u201d<\/p>\n\n\n\n<p>Em rela\u00e7\u00e3o \u00e0 prote\u00e7\u00e3o trabalhista e previdenci\u00e1ria para trabalhadores de&nbsp;<em>apps<\/em>, o professor sugere que o regime de Microempreendedor Individual (MEI) poderia ser \u201cturbinado\u201d, garantindo mais direitos.&nbsp;<\/p>\n\n\n\n<p>\u201cA MEI tem poucos benef\u00edcios comparado \u00e0 CLT, mas foi a modalidade que \u2018pegou\u2019\u201d, argumenta Nery. \u201cEnt\u00e3o \u00e9 importante fortalecer o MEI, com mais benef\u00edcios e incentivos \u00e0 ades\u00e3o, ou criar uma nova legisla\u00e7\u00e3o, que tamb\u00e9m supere a pol\u00eamica da exist\u00eancia ou n\u00e3o de v\u00ednculo com as plataformas\u201d.<\/p>\n","protected":false},"excerpt":{"rendered":"<p>Bolsonaro cita palavra \u201cfome\u201d apenas uma vez no programa de governo<\/p>\n","protected":false},"author":1,"featured_media":0,"comment_status":"closed","ping_status":"open","sticky":false,"template":"","format":"standard","meta":{"_exactmetrics_skip_tracking":false,"_exactmetrics_sitenote_active":false,"_exactmetrics_sitenote_note":"","_exactmetrics_sitenote_category":0,"jetpack_post_was_ever_published":false,"_jetpack_newsletter_access":"","_jetpack_dont_email_post_to_subs":false,"_jetpack_newsletter_tier_id":0,"_jetpack_memberships_contains_paywalled_content":false,"_jetpack_memberships_contains_paid_content":false,"footnotes":"","jetpack_publicize_message":"","jetpack_publicize_feature_enabled":true,"jetpack_social_post_already_shared":true,"jetpack_social_options":{"image_generator_settings":{"template":"highway","enabled":false},"version":2}},"categories":[1],"tags":[],"class_list":["post-34161","post","type-post","status-publish","format-standard","hentry","category-notas"],"jetpack_publicize_connections":[],"jetpack_sharing_enabled":true,"jetpack_featured_media_url":"","jetpack_shortlink":"https:\/\/wp.me\/p7wKYW-8SZ","jetpack-related-posts":[],"_links":{"self":[{"href":"http:\/\/blogdalucianaoliveira.com.br\/blog\/wp-json\/wp\/v2\/posts\/34161","targetHints":{"allow":["GET"]}}],"collection":[{"href":"http:\/\/blogdalucianaoliveira.com.br\/blog\/wp-json\/wp\/v2\/posts"}],"about":[{"href":"http:\/\/blogdalucianaoliveira.com.br\/blog\/wp-json\/wp\/v2\/types\/post"}],"author":[{"embeddable":true,"href":"http:\/\/blogdalucianaoliveira.com.br\/blog\/wp-json\/wp\/v2\/users\/1"}],"replies":[{"embeddable":true,"href":"http:\/\/blogdalucianaoliveira.com.br\/blog\/wp-json\/wp\/v2\/comments?post=34161"}],"version-history":[{"count":1,"href":"http:\/\/blogdalucianaoliveira.com.br\/blog\/wp-json\/wp\/v2\/posts\/34161\/revisions"}],"predecessor-version":[{"id":34163,"href":"http:\/\/blogdalucianaoliveira.com.br\/blog\/wp-json\/wp\/v2\/posts\/34161\/revisions\/34163"}],"wp:attachment":[{"href":"http:\/\/blogdalucianaoliveira.com.br\/blog\/wp-json\/wp\/v2\/media?parent=34161"}],"wp:term":[{"taxonomy":"category","embeddable":true,"href":"http:\/\/blogdalucianaoliveira.com.br\/blog\/wp-json\/wp\/v2\/categories?post=34161"},{"taxonomy":"post_tag","embeddable":true,"href":"http:\/\/blogdalucianaoliveira.com.br\/blog\/wp-json\/wp\/v2\/tags?post=34161"}],"curies":[{"name":"wp","href":"https:\/\/api.w.org\/{rel}","templated":true}]}}