{"id":34164,"date":"2022-09-11T19:49:37","date_gmt":"2022-09-11T23:49:37","guid":{"rendered":"http:\/\/blogdalucianaoliveira.com.br\/blog\/?p=34164"},"modified":"2022-09-11T19:49:44","modified_gmt":"2022-09-11T23:49:44","slug":"elizabeth-2a-a-memoria-do-passado-colonial-que-gera-criticas-ao-legado-da-rainha-elizabeth-2a-na-africa","status":"publish","type":"post","link":"http:\/\/blogdalucianaoliveira.com.br\/blog\/2022\/09\/11\/elizabeth-2a-a-memoria-do-passado-colonial-que-gera-criticas-ao-legado-da-rainha-elizabeth-2a-na-africa\/","title":{"rendered":"Elizabeth 2\u00aa: a mem\u00f3ria do passado colonial que gera cr\u00edticas ao legado da rainha Elizabeth 2\u00aa na \u00c1frica"},"content":{"rendered":"\n<figure class=\"wp-block-image size-large\"><img data-recalc-dims=\"1\" loading=\"lazy\" decoding=\"async\" width=\"600\" height=\"433\" data-attachment-id=\"34165\" data-permalink=\"http:\/\/blogdalucianaoliveira.com.br\/blog\/2022\/09\/11\/elizabeth-2a-a-memoria-do-passado-colonial-que-gera-criticas-ao-legado-da-rainha-elizabeth-2a-na-africa\/19121bf4-7d91-4897-b100-586c460c5bb1\/\" data-orig-file=\"https:\/\/i0.wp.com\/blogdalucianaoliveira.com.br\/blog\/wp-content\/uploads\/2022\/09\/19121BF4-7D91-4897-B100-586C460C5BB1.jpeg?fit=738%2C533\" data-orig-size=\"738,533\" data-comments-opened=\"0\" data-image-meta=\"{&quot;aperture&quot;:&quot;0&quot;,&quot;credit&quot;:&quot;&quot;,&quot;camera&quot;:&quot;&quot;,&quot;caption&quot;:&quot;&quot;,&quot;created_timestamp&quot;:&quot;0&quot;,&quot;copyright&quot;:&quot;&quot;,&quot;focal_length&quot;:&quot;0&quot;,&quot;iso&quot;:&quot;0&quot;,&quot;shutter_speed&quot;:&quot;0&quot;,&quot;title&quot;:&quot;&quot;,&quot;orientation&quot;:&quot;0&quot;}\" data-image-title=\"19121BF4-7D91-4897-B100-586C460C5BB1\" data-image-description=\"\" data-image-caption=\"\" data-medium-file=\"https:\/\/i0.wp.com\/blogdalucianaoliveira.com.br\/blog\/wp-content\/uploads\/2022\/09\/19121BF4-7D91-4897-B100-586C460C5BB1.jpeg?fit=300%2C217\" data-large-file=\"https:\/\/i0.wp.com\/blogdalucianaoliveira.com.br\/blog\/wp-content\/uploads\/2022\/09\/19121BF4-7D91-4897-B100-586C460C5BB1.jpeg?fit=600%2C433\" src=\"https:\/\/i0.wp.com\/blogdalucianaoliveira.com.br\/blog\/wp-content\/uploads\/2022\/09\/19121BF4-7D91-4897-B100-586C460C5BB1.jpeg?resize=600%2C433\" alt=\"\" class=\"wp-image-34165\" srcset=\"https:\/\/i0.wp.com\/blogdalucianaoliveira.com.br\/blog\/wp-content\/uploads\/2022\/09\/19121BF4-7D91-4897-B100-586C460C5BB1.jpeg?w=738 738w, https:\/\/i0.wp.com\/blogdalucianaoliveira.com.br\/blog\/wp-content\/uploads\/2022\/09\/19121BF4-7D91-4897-B100-586C460C5BB1.jpeg?resize=300%2C217 300w, https:\/\/i0.wp.com\/blogdalucianaoliveira.com.br\/blog\/wp-content\/uploads\/2022\/09\/19121BF4-7D91-4897-B100-586C460C5BB1.jpeg?resize=415%2C300 415w\" sizes=\"auto, (max-width: 600px) 100vw, 600px\" \/><\/figure>\n\n\n\n<p><strong>A morte da rainha Elizabeth 2\u00aa gerou uma onda de pesar e de homenagens tocantes por parte de l\u00edderes mundiais e tamb\u00e9m do p\u00fablico em geral.<\/strong><\/p>\n\n\n\n<!--more-->\n\n\n\n<p>Muitos nas antigas col\u00f4nias brit\u00e2nicas saudaram abertamente a mem\u00f3ria da rainha, enquanto outros compartilharam fotos da monarca durante visitas aos seus respectivos pa\u00edses.<\/p>\n\n\n\n<p>Mas a admira\u00e7\u00e3o n\u00e3o \u00e9 un\u00e2nime. Para alguns, sua morte reacendeu mem\u00f3rias da muitas vezes sangrenta hist\u00f3ria col\u00f4nial brit\u00e2nica &#8211; atrocidades contra popula\u00e7\u00f5es ind\u00edgenas, roubo de est\u00e1tuas e artefatos de na\u00e7\u00f5es do oeste da \u00c1frica, ouro e diamantes da \u00c1frica do Sul e da \u00cdndia, escravid\u00e3o e opress\u00e3o.<\/p>\n\n\n\n<p>Enquanto o presidente da \u00c1frica do Sul, Cyril Ramaphosa, descreveu a rainha como uma figura p\u00fablica extraordin\u00e1ria que deveria ser lembrada com carinho por muitos ao redor do mundo, o opositor partido Combatentes pela Liberdade Econ\u00f4mica (EFF, na sigla em ingl\u00eas) disse que n\u00e3o estaria entre aqueles lamentando a morte.<\/p>\n\n\n\n<p>&#8220;Durante seus 70 anos de reinado como rainha, ela nunca reconheceu crimes que o Reino Unido e sua fam\u00edlia perpetraram pelo mundo, e era na verdade uma porta-bandeira orgulhosa dessas atrocidades&#8221;, disse o partido, o terceiro maior do pa\u00eds, em um comunicado.<\/p>\n\n\n\n<p>&#8220;Para n\u00f3s, sua morte \u00e9 uma lembran\u00e7a de um per\u00edodo muito tr\u00e1gico neste pa\u00eds e na hist\u00f3ria da \u00c1frica&#8221;, diz o comunicado.<\/p>\n\n\n\n<p>Nas redes sociais, as cr\u00edticas foram muito al\u00e9m.<\/p>\n\n\n\n<figure class=\"wp-block-image\"><img data-recalc-dims=\"1\" decoding=\"async\" src=\"https:\/\/i0.wp.com\/ichef.bbci.co.uk\/news\/640\/cpsprodpb\/768B\/production\/_126674303_gettyimages-815004452.jpg?w=600&#038;ssl=1\" alt=\"A rainha Elizabeth dan\u00e7ando com o presidente de Gana, Kwame Nkrumah, em 1961\"\/><figcaption>Legenda da foto,&nbsp;A rainha Elizabeth dan\u00e7ando com o presidente de Gana, Kwame Nkrumah, em 1961 &#8211; a foto chocou alguns na \u00c1frica do Sul sob o apartheid<\/figcaption><\/figure>\n\n\n\n<p>Tu\u00edtes postados pela professora americana de origem nigeriana Uju Anya horas ap\u00f3s a morte da rainha geraram um grande debate. Um dos tu\u00edtes foi removido pelo Twitter por violar suas regras.&nbsp;<\/p>\n\n\n\n<p>Em um segundo tu\u00edte, ela escreveu: &#8220;Se algu\u00e9m espera que eu expresse qualquer coisa al\u00e9m de desprezo pela monarca que orientou um governo que patrocinou o genoc\u00eddio que massacrou e deslocou metade da minha fam\u00edlia e cujas consequ\u00eancias aqueles ainda vivos ainda tentam superar, pode ficar desejando a uma estrela.&#8221;<\/p>\n\n\n\n<p>Seu tu\u00edte \u00e9 aparentemente uma refer\u00eancia \u00e0 guerra do Biafra, no fim dos anos 1960, quando o governo brit\u00e2nico apoiou e armou o governo nigeriano que bloqueou, provocou fome e eventualmente destruiu os separatistas da auto-proclamada Rep\u00fablica de Biafra.<\/p>\n\n\n\n<p>Um usu\u00e1rio do Twitter, @ParrenEssential, respondeu que essa n\u00e3o \u00e9 a maneira como os nigerianos se comportam, acrescentando: &#8220;Voc\u00ea est\u00e1 deturpando nossa cultura e nosso pa\u00eds&#8221;.<\/p>\n\n\n\n<p>Outros disseram que bater em algu\u00e9m no momento da morte &#8220;n\u00e3o \u00e9 africano&#8221;.<\/p>\n\n\n\n<p>Postagens exigindo a devolu\u00e7\u00e3o do diamante Estrela da \u00c1frica, encontrado na \u00c1frica do Sul em 1905 e hoje parte das J\u00f3ias da Coroa Brit\u00e2nica, tamb\u00e9m apareceram no dia da morte da rainha. Muitos se referiram a ele como &#8220;roubado&#8221;.<\/p>\n\n\n\n<p>Apesar de ter sido comprado pelo governo do Transvaal (rep\u00fablica que compunha o norte da atual \u00c1frica do Sul e posteriormente fundida ao p\u00e1\u00eds) e presenteado \u00e0 Fam\u00edlia Real brit\u00e2nica como mostra de lealdade, a vis\u00e3o prevalente nas redes sociais \u00e9 de que pertenceria realmente ao povo sul-africano.<\/p>\n\n\n\n<p>O usu\u00e1rio do Twitter @Qban_Linx disse que o diamante de US$ 400 milh\u00f5es (cerca de R$ 2,06 bilh\u00f5es) &#8211; cujo maior peda\u00e7o est\u00e1 incrustrado no cetro real, levado pelos monarcas em suas coroa\u00e7\u00f5es &#8211; poderia cobrir o custo da educa\u00e7\u00e3o superior de 75 mil estudantes sul-africanos.<\/p>\n\n\n\n<figure class=\"wp-block-image\"><img data-recalc-dims=\"1\" decoding=\"async\" src=\"https:\/\/i0.wp.com\/ichef.bbci.co.uk\/news\/640\/cpsprodpb\/EBBB\/production\/_126674306_queen_sceptre_getty.jpg?w=600&#038;ssl=1\" alt=\"A rainha Elizabeth em sua coroa\u00e7\u00e3o, carregando o cetro, com a Estrela da \u00c1frica, em sua m\u00e3o direita.\"\/><figcaption>Legenda da foto,&nbsp;A rainha Elizabeth em sua coroa\u00e7\u00e3o, carregando o cetro, com a Estrela da \u00c1frica, em sua m\u00e3o direita.<\/figcaption><\/figure>\n\n\n\n<p>Tamb\u00e9m h\u00e1 um reclamo parecido na \u00cdndia, onde a hashtag &#8220;Kohinoor&#8221; rapidamente subiu aos trending topics ap\u00f3s a morte da rainha Elizabeth 2\u00aa &#8211; uma refer\u00eancia a um grande diamante na coroa real que ser\u00e1 supostamente usada pela nova rainha consorte, Camilla.<\/p>\n\n\n\n<p>Outros cr\u00edticos dizem que a rainha deveria ter usado seu poder e influ\u00eancia para garantir que os restos humanos daqueles que lutaram contra o poder colonial brit\u00e2nico fossem repatriados.<\/p>\n\n\n\n<p>Quenianos e sul-africanos est\u00e3o pedindo que sejam devolvidas as cabe\u00e7as de her\u00f3is como Koitalel Samoei, que liderou a resist\u00eancia Nandi no atual Qu\u00eania no fim do s\u00e9culo 19, e o rei Hinstsa kaKhawula do reino Xhosa da \u00c1frica do Sul, assassinado em 1835. Ap\u00f3s a mutila\u00e7\u00e3o de seus corpos, suas cabe\u00e7as foram levadas ao Reino Unido como trof\u00e9us.<\/p>\n\n\n\n<p>O assassinato brutal de quenianos durante a rebeli\u00e3o Mau Mau tamb\u00e9m foi lembrado. Gitu Wa Kahengeri, que aos 17 anos se uniu \u00e0 rebeli\u00e3o h\u00e1 81 anos, lembrou de sua deten\u00e7\u00e3o em um campo das for\u00e7as brit\u00e2nicas, quando foi espancado e deixado sem comida.<\/p>\n\n\n\n<figure class=\"wp-block-image\"><img data-recalc-dims=\"1\" decoding=\"async\" src=\"https:\/\/i0.wp.com\/ichef.bbci.co.uk\/news\/640\/cpsprodpb\/11A68\/production\/_126669227_tv078622843.jpg?w=600&#038;ssl=1\" alt=\"Gitu wa Kahengeri, em 9 de setembro\"\/><figcaption>Legenda da foto,&nbsp;O veterano da rebeli\u00e3o Mau Mau Gitu wa Kahengeri condena as a\u00e7\u00f5es brit\u00e2nicas, mas diz se enlutar pela morte da rainha.<\/figcaption><\/figure>\n\n\n\n<p>&#8220;Eles ocuparam minha terra, meu direito por nascen\u00e7a&#8221;, disse ele \u00e0 ag\u00eancia Reuters. &#8220;Mas lamentamos a morte da rainha porque \u00e9 uma pessoa, um ser humano&#8221;, disse. &#8220;Lamentamos quando as pessoas morrem&#8221;.<\/p>\n\n\n\n<p>O presidente queniano Uhuru Kenyatta, que se referiu \u00e0 rainha como &#8220;um \u00edcone imponente do servi\u00e7o altru\u00edsta&#8221;, foi alvo de cr\u00edticas por declarar quatro dias de luto nacional.<\/p>\n\n\n\n<p>O ex-presidente de Botsuana Ian Khama foi outro que defendeu o legado da rainha, descrevendo-a como &#8220;insubstitu\u00edvel&#8221;.<\/p>\n\n\n\n<p>&#8220;O colonialismo n\u00e3o \u00e9 algo que queremos lembrar, foi um per\u00edodo sombrio&#8221;, disse. &#8220;A rainha herdou esse legado, ela n\u00e3o foi sua arquiteta&#8230; mas quando ela saiu foi como para reparar os danos causados pelo colonialismo. Ela mostrou que n\u00e3o estamos acima de voc\u00eas, queremos participar em seu desenvolvimento e ajud\u00e1-los a crescer como na\u00e7\u00f5es&#8221;.<\/p>\n\n\n\n<p>O continente africano deveria olhar para ela como algu\u00e9m que &#8220;trouxe uma nova era ap\u00f3s um passado sombrio&#8221;, segundo ele.<\/p>\n\n\n\n<p>Muitos disseram que a rainha nunca se desculpou pelos crimes cometidos em nome do Imp\u00e9rio. Ela reconheceu, por\u00e9m, os &#8220;epis\u00f3dios angustiantes&#8221; e &#8220;dif\u00edceis&#8221; como o massacre de Amritsar, no norte da \u00cdndia, em 1919.<\/p>\n\n\n\n<p>Em 1997, antes de visitar o local onde um general brit\u00e2nico ordenou a suas tropas atirar contra manifestantes em um jardim amurado do qual eles n\u00e3o poderiam escapar, ela fez um discurso expressando arrependimento.<\/p>\n\n\n\n<p>&#8220;A hist\u00f3ria n\u00e3o pode ser reescrita, por mais que muitas vezes podemos desejar assim. Ela tem momentos de tristeza assim como de alegria. Precisamos aprender com nossa tristeza e construir a partir da alegria&#8221;.<\/p>\n\n\n\n<p><em>Este texto foi publicado em&nbsp;<\/em><a href=\"https:\/\/www.bbc.com\/portuguese\/internacional-38447222\">https:\/\/www.bbc.com\/portuguese\/internacional-38447222<\/a><\/p>\n\n\n\n<p><\/p>\n","protected":false},"excerpt":{"rendered":"<p>A morte da rainha Elizabeth 2\u00aa gerou uma onda de pesar e de homenagens tocantes por parte de l\u00edderes mundiais e tamb\u00e9m do p\u00fablico em geral.<\/p>\n","protected":false},"author":1,"featured_media":0,"comment_status":"closed","ping_status":"open","sticky":false,"template":"","format":"standard","meta":{"_exactmetrics_skip_tracking":false,"_exactmetrics_sitenote_active":false,"_exactmetrics_sitenote_note":"","_exactmetrics_sitenote_category":0,"jetpack_post_was_ever_published":false,"_jetpack_newsletter_access":"","_jetpack_dont_email_post_to_subs":false,"_jetpack_newsletter_tier_id":0,"_jetpack_memberships_contains_paywalled_content":false,"_jetpack_memberships_contains_paid_content":false,"footnotes":"","jetpack_publicize_message":"","jetpack_publicize_feature_enabled":true,"jetpack_social_post_already_shared":true,"jetpack_social_options":{"image_generator_settings":{"template":"highway","enabled":false},"version":2}},"categories":[1],"tags":[],"class_list":["post-34164","post","type-post","status-publish","format-standard","hentry","category-notas"],"jetpack_publicize_connections":[],"jetpack_sharing_enabled":true,"jetpack_featured_media_url":"","jetpack_shortlink":"https:\/\/wp.me\/p7wKYW-8T2","jetpack-related-posts":[],"_links":{"self":[{"href":"http:\/\/blogdalucianaoliveira.com.br\/blog\/wp-json\/wp\/v2\/posts\/34164","targetHints":{"allow":["GET"]}}],"collection":[{"href":"http:\/\/blogdalucianaoliveira.com.br\/blog\/wp-json\/wp\/v2\/posts"}],"about":[{"href":"http:\/\/blogdalucianaoliveira.com.br\/blog\/wp-json\/wp\/v2\/types\/post"}],"author":[{"embeddable":true,"href":"http:\/\/blogdalucianaoliveira.com.br\/blog\/wp-json\/wp\/v2\/users\/1"}],"replies":[{"embeddable":true,"href":"http:\/\/blogdalucianaoliveira.com.br\/blog\/wp-json\/wp\/v2\/comments?post=34164"}],"version-history":[{"count":1,"href":"http:\/\/blogdalucianaoliveira.com.br\/blog\/wp-json\/wp\/v2\/posts\/34164\/revisions"}],"predecessor-version":[{"id":34166,"href":"http:\/\/blogdalucianaoliveira.com.br\/blog\/wp-json\/wp\/v2\/posts\/34164\/revisions\/34166"}],"wp:attachment":[{"href":"http:\/\/blogdalucianaoliveira.com.br\/blog\/wp-json\/wp\/v2\/media?parent=34164"}],"wp:term":[{"taxonomy":"category","embeddable":true,"href":"http:\/\/blogdalucianaoliveira.com.br\/blog\/wp-json\/wp\/v2\/categories?post=34164"},{"taxonomy":"post_tag","embeddable":true,"href":"http:\/\/blogdalucianaoliveira.com.br\/blog\/wp-json\/wp\/v2\/tags?post=34164"}],"curies":[{"name":"wp","href":"https:\/\/api.w.org\/{rel}","templated":true}]}}